{"id":44278,"date":"2025-09-24T22:37:08","date_gmt":"2025-09-24T22:37:08","guid":{"rendered":"https:\/\/www.europesays.com\/fi\/44278\/"},"modified":"2025-09-24T22:37:08","modified_gmt":"2025-09-24T22:37:08","slug":"tanskassa-taas-droonihavaintoja-aalborgin-lentokentta-suljettu","status":"publish","type":"post","link":"https:\/\/www.europesays.com\/fi\/44278\/","title":{"rendered":"Tanskassa taas droonihavaintoja \u2013 Aalborgin lentokentt\u00e4 suljettu"},"content":{"rendered":"<p>Tanskan poliisi tutkii tapausta.<\/p>\n<p><img decoding=\"async\" class=\"image image-show image-preview\" src=\"https:\/\/www.europesays.com\/fi\/wp-content\/uploads\/2025\/09\/a27629ef2c9bfc2b9ba490ca78a0b9be2fd73fb7891136ff74d96dab8de952fe.jpg\" alt=\"\"\/><img decoding=\"async\" class=\"image image-show\" src=\"https:\/\/www.europesays.com\/fi\/wp-content\/uploads\/2025\/09\/1758753428_758_a27629ef2c9bfc2b9ba490ca78a0b9be2fd73fb7891136ff74d96dab8de952fe.jpg\" alt=\"\"\/><\/p>\n<p>Kuvituskuva. Aalborgin lentokent\u00e4ll\u00e4 tehtiin keskiviikkoiltana droonihavaintoja. Aalborg sijaitsee Pohjois-Jyllannin alueella Tanskassa. EPA \/ AOP<\/p>\n<p class=\"paragraph\">Tanskassa Aalborgin lentokent\u00e4n ilmatila on suljettu toistaiseksi droonihavaintojen vuoksi, uutisoi tanskalaislehti <a href=\"https:\/\/politiken.dk\/danmark\/art10561539\/Droneaktivitet-lukker-Aalborg-Lufthavn\" target=\"_blank\" rel=\"noopener nofollow\">Politiken<\/a> ja <a href=\"https:\/\/www.dr.dk\/nyheder\/indland\/droner-set-over-koebenhavns-lufthavn\" target=\"_blank\" rel=\"noopener nofollow\">yleisradioyhti\u00f6 DR<\/a>.<\/p>\n<p class=\"paragraph\">Pohjois-Jyllannin poliisi kertoo asiasta viestipalvelu X:ss\u00e4. Poliisi kertoo olevansa paikalla ja tutkivansa tapausta.<\/p>\n<p class=\"paragraph\">Pohjois-Jyllannin poliisin mukaan droonihavainto tehtiin kello 21.44, eli Suomen aikaa kello 22.44. Poliisin mukaan droonit ovat edelleen ilmassa.<\/p>\n<p class=\"paragraph\">Tanskan poliisi pit\u00e4\u00e4 tiedotustilaisuuden kello 1.30 Suomen aikaa.<\/p>\n<p class=\"paragraph\">Poliisin mukaan tilanteesta ei ole vaaraa lentoaseman matkustajille tai alueen asukkaille.<\/p>\n<p class=\"paragraph\">Poliisi kertoo, ett\u00e4 drooneja on useampi kuin yksi. Tarkemmasta lukum\u00e4\u00e4r\u00e4st\u00e4 ei kuitenkaan ole tietoa. Droonit pudotetaan, jos se on mahdollista tehd\u00e4 turvallisesti, sanoi poliisip\u00e4\u00e4llikk\u00f6 <strong>Jesper B\u00f8jgaard<\/strong> Politikenin mukaan.<\/p>\n<p class=\"paragraph\">Keskiviikkoiltana kolme lentoa ohjattiin muille lentokentille. Aalborgin lentoasema vahvistaa, ett\u00e4 kent\u00e4n lentoliikenne on keskeytetty.<\/p>\n<p class=\"paragraph\">Kyseess\u00e4 on jo toinen kerta t\u00e4ll\u00e4 viikolla, kun tanskalaisen lentoaseman ilmatila on suljettu droonihavaintojen vuoksi. Maanantaina K\u00f6\u00f6penhaminan lentoasema suljettiin nelj\u00e4ksi tunniksi, kun alueella havaittiin kaksi tai kolme tunnistamatonta droonia.<\/p>\n<p class=\"paragraph\">Tanskan poliisi arvioi, ett\u00e4 tapauksen taustalla oli \u201dkykenev\u00e4 toimija\u201d.<\/p>\n<p class=\"paragraph\">Uutinen p\u00e4ivittyy.<\/p>\n","protected":false},"excerpt":{"rendered":"Tanskan poliisi tutkii tapausta. Kuvituskuva. Aalborgin lentokent\u00e4ll\u00e4 tehtiin keskiviikkoiltana droonihavaintoja. Aalborg sijaitsee Pohjois-Jyllannin alueella Tanskassa. EPA \/ AOP&hellip;\n","protected":false},"author":2,"featured_media":44279,"comment_status":"","ping_status":"","sticky":false,"template":"","format":"standard","meta":{"footnotes":""},"categories":[14],"tags":[35,22,23,26,27,33,31,30,17,1511,763,53,24,25,28,29,1616,15,18,21,979,32,397,19,20,56,16,59,60,61],"class_list":{"0":"post-44278","1":"post","2":"type-post","3":"status-publish","4":"format-standard","5":"has-post-thumbnail","7":"category-ulkomaat","8":"tag-24h","9":"tag-breaking-news","10":"tag-breakingnews","11":"tag-featured-news","12":"tag-featurednews","13":"tag-fi","14":"tag-finland","15":"tag-finnish","16":"tag-headlines","17":"tag-joukkoviestinta","18":"tag-kulttuuri-ja-viihde","19":"tag-laki-oikeus-ja-rikos","20":"tag-latest-news","21":"tag-latestnews","22":"tag-main-news","23":"tag-mainnews","24":"tag-media-viestinta","25":"tag-news","26":"tag-otsikot","27":"tag-paauutiset","28":"tag-sahkoinen-media","29":"tag-suomi","30":"tag-taide","31":"tag-top-stories","32":"tag-topstories","33":"tag-ulkomaat","34":"tag-uutiset","35":"tag-world","36":"tag-world-news","37":"tag-worldnews"},"share_on_mastodon":{"url":"","error":""},"_links":{"self":[{"href":"https:\/\/www.europesays.com\/fi\/wp-json\/wp\/v2\/posts\/44278","targetHints":{"allow":["GET"]}}],"collection":[{"href":"https:\/\/www.europesays.com\/fi\/wp-json\/wp\/v2\/posts"}],"about":[{"href":"https:\/\/www.europesays.com\/fi\/wp-json\/wp\/v2\/types\/post"}],"author":[{"embeddable":true,"href":"https:\/\/www.europesays.com\/fi\/wp-json\/wp\/v2\/users\/2"}],"replies":[{"embeddable":true,"href":"https:\/\/www.europesays.com\/fi\/wp-json\/wp\/v2\/comments?post=44278"}],"version-history":[{"count":0,"href":"https:\/\/www.europesays.com\/fi\/wp-json\/wp\/v2\/posts\/44278\/revisions"}],"wp:featuredmedia":[{"embeddable":true,"href":"https:\/\/www.europesays.com\/fi\/wp-json\/wp\/v2\/media\/44279"}],"wp:attachment":[{"href":"https:\/\/www.europesays.com\/fi\/wp-json\/wp\/v2\/media?parent=44278"}],"wp:term":[{"taxonomy":"category","embeddable":true,"href":"https:\/\/www.europesays.com\/fi\/wp-json\/wp\/v2\/categories?post=44278"},{"taxonomy":"post_tag","embeddable":true,"href":"https:\/\/www.europesays.com\/fi\/wp-json\/wp\/v2\/tags?post=44278"}],"curies":[{"name":"wp","href":"https:\/\/api.w.org\/{rel}","templated":true}]}}