{"id":44316,"date":"2025-09-24T23:50:08","date_gmt":"2025-09-24T23:50:08","guid":{"rendered":"https:\/\/www.europesays.com\/fi\/44316\/"},"modified":"2025-09-24T23:50:08","modified_gmt":"2025-09-24T23:50:08","slug":"felix-sandstrom-vahvistamaan-karppien-maalivahtiosastoa","status":"publish","type":"post","link":"https:\/\/www.europesays.com\/fi\/44316\/","title":{"rendered":"Felix Sandstr\u00f6m vahvistamaan K\u00e4rppien maalivahtiosastoa"},"content":{"rendered":"<p>K\u00e4rp\u00e4t on tehnyt sopimuksen maalivahti <strong>Felix Sandstr\u00f6min <\/strong>kanssa. Sopimus on voimassa 2.11. saakka, ja se sis\u00e4lt\u00e4\u00e4 option mahdollisuudesta siirty\u00e4 NHL-joukkueen vahvuuteen ennen sopimuskauden p\u00e4\u00e4ttymist\u00e4.<\/p>\n<p>Sandstr\u00f6m tulee vahvistamaan K\u00e4rppien maalivahtiosastoa <strong>Niklas Rubinin<\/strong> loukkaannuttua viikonlopun vierasottelussa. K\u00e4rp\u00e4t l\u00f6ysi 28-vuotiaasta Sandstr\u00f6mist\u00e4 <strong>Visa Vedenp\u00e4\u00e4lle<\/strong> kaverin jakamaan torjuntavastuuta otteluruuhkan keskell\u00e4.<\/p>\n<p>\u201dSaimme seuraavan kuuden viikon jaksolle Visan pariksi kokeneen pelurin, joka on urallaan ehtinyt edustaa SHL:n lis\u00e4ksi NHL-organisaatioita. Olemme tyytyv\u00e4isi\u00e4, ett\u00e4 asiat saatiin etenem\u00e4\u00e4n n\u00e4in nopealla aikataululla, ja Felix p\u00e4\u00e4seekin hypp\u00e4\u00e4m\u00e4\u00e4n joukkueen mukaan jo loppuviikosta\u201d,<\/p>\n<p>kertoo K\u00e4rppien urheilujohtaja <strong>Kimmo Kapanen<\/strong>.<\/p>\n<p>Teknisesti taitavasta torjuntaty\u00f6st\u00e4\u00e4n tunnettu Sandstr\u00f6m saapuu Ouluun positiivisin mielin.<\/p>\n<p>\u201dOlen innoissani t\u00e4st\u00e4 mahdollisuudesta. Olen kuullut paljon hyv\u00e4\u00e4 joukkueesta ja kaupungista enk\u00e4 malta odottaa, ett\u00e4 p\u00e4\u00e4sen tutustumaan kaikkiin\u201d,<\/p>\n<p>Sandstr\u00f6m kommentoi.<\/p>\n","protected":false},"excerpt":{"rendered":"K\u00e4rp\u00e4t on tehnyt sopimuksen maalivahti Felix Sandstr\u00f6min kanssa. Sopimus on voimassa 2.11. saakka, ja se sis\u00e4lt\u00e4\u00e4 option mahdollisuudesta&hellip;\n","protected":false},"author":2,"featured_media":44317,"comment_status":"","ping_status":"","sticky":false,"template":"","format":"standard","meta":{"footnotes":""},"categories":[158],"tags":[33,31,30,159,32,160],"class_list":{"0":"post-44316","1":"post","2":"type-post","3":"status-publish","4":"format-standard","5":"has-post-thumbnail","7":"category-urheilu","8":"tag-fi","9":"tag-finland","10":"tag-finnish","11":"tag-sports","12":"tag-suomi","13":"tag-urheilu"},"share_on_mastodon":{"url":"","error":""},"_links":{"self":[{"href":"https:\/\/www.europesays.com\/fi\/wp-json\/wp\/v2\/posts\/44316","targetHints":{"allow":["GET"]}}],"collection":[{"href":"https:\/\/www.europesays.com\/fi\/wp-json\/wp\/v2\/posts"}],"about":[{"href":"https:\/\/www.europesays.com\/fi\/wp-json\/wp\/v2\/types\/post"}],"author":[{"embeddable":true,"href":"https:\/\/www.europesays.com\/fi\/wp-json\/wp\/v2\/users\/2"}],"replies":[{"embeddable":true,"href":"https:\/\/www.europesays.com\/fi\/wp-json\/wp\/v2\/comments?post=44316"}],"version-history":[{"count":0,"href":"https:\/\/www.europesays.com\/fi\/wp-json\/wp\/v2\/posts\/44316\/revisions"}],"wp:featuredmedia":[{"embeddable":true,"href":"https:\/\/www.europesays.com\/fi\/wp-json\/wp\/v2\/media\/44317"}],"wp:attachment":[{"href":"https:\/\/www.europesays.com\/fi\/wp-json\/wp\/v2\/media?parent=44316"}],"wp:term":[{"taxonomy":"category","embeddable":true,"href":"https:\/\/www.europesays.com\/fi\/wp-json\/wp\/v2\/categories?post=44316"},{"taxonomy":"post_tag","embeddable":true,"href":"https:\/\/www.europesays.com\/fi\/wp-json\/wp\/v2\/tags?post=44316"}],"curies":[{"name":"wp","href":"https:\/\/api.w.org\/{rel}","templated":true}]}}