{"id":44414,"date":"2025-09-25T02:48:09","date_gmt":"2025-09-25T02:48:09","guid":{"rendered":"https:\/\/www.europesays.com\/fi\/44414\/"},"modified":"2025-09-25T02:48:09","modified_gmt":"2025-09-25T02:48:09","slug":"ensitreffit-sulhasen-ilmoitus-jarkytti-morsiamen-en-halua","status":"publish","type":"post","link":"https:\/\/www.europesays.com\/fi\/44414\/","title":{"rendered":"Ensitreffit-sulhasen ilmoitus j\u00e4rkytti morsiamen: \u201dEn halua\u201d"},"content":{"rendered":"<p>Yhden pariskunnan ahdinko syvenee. VARO JUONIPALJASTUKSIA. <\/p>\n<p><img decoding=\"async\" class=\"image image-show image-preview\" src=\"https:\/\/www.europesays.com\/fi\/wp-content\/uploads\/2025\/09\/61c117d9423644aca63018f334c61c8383228d75f0c4819ddbe5c97b85605699.jpg\" alt=\"\"\/><img decoding=\"async\" class=\"image image-show\" src=\"https:\/\/www.europesays.com\/fi\/wp-content\/uploads\/2025\/09\/1758768489_605_61c117d9423644aca63018f334c61c8383228d75f0c4819ddbe5c97b85605699.jpg\" alt=\"\"\/><\/p>\n<p>Julia ei halua pit\u00e4\u00e4 en\u00e4\u00e4 sormusta.  MTV<\/p>\n<p class=\"paragraph\">Ensitreffit alttarilla -ohjelman kuudennessa jaksossa <strong>Julia<\/strong> ja <strong>Arttu<\/strong> puivat tunteitaan erill\u00e4\u00e4n. Jakso on katsottavissa 25. syyskuuta Katsomo+-palvelusta, televisiosta jakso n\u00e4hd\u00e4\u00e4n 9. lokakuuta.<\/p>\n<p class=\"paragraph\">Julia kertoo jaksossa palanneensa takaisin omaan arkeensa yksin. H\u00e4n on tehnyt my\u00f6s p\u00e4\u00e4t\u00f6ksen liittyen sormuksiin.<\/p>\n<p class=\"paragraph\">\u2013 H\u00e4\u00e4matkalla huomasin, ett\u00e4 nauruni katosi. Olen aika puhelias ja nauravainen ihminen, Julia kuvailee itse\u00e4\u00e4n.<\/p>\n<p class=\"paragraph\">\u2013 En ole en\u00e4\u00e4 pystynyt pit\u00e4m\u00e4\u00e4n sormusta sormessa, se on tuntunut vain liian v\u00e4\u00e4r\u00e4lt\u00e4 pit\u00e4\u00e4 sit\u00e4, h\u00e4n paljastaa.<\/p>\n<p class=\"paragraph\">Julia ja Arttu eiv\u00e4t ole tavanneet toisiaan h\u00e4\u00e4matkan j\u00e4lkeen kertaakaan.<\/p>\n<p class=\"paragraph\">\u2013 Ihan hirve\u00e4 sanoa n\u00e4in, mutta minulla ei ole ollut yht\u00e4\u00e4n ik\u00e4v\u00e4, Julia sanoo.<\/p>\n<p class=\"paragraph\">Julian mukaan parin kommunikointi on ollut hyvin haastavaa. H\u00e4n kuvailee, ettei h\u00e4n \u201dpysty hengitt\u00e4m\u00e4\u00e4n\u201d Artun l\u00e4sn\u00e4 ollessa, sill\u00e4 h\u00e4n on mennyt omaan kuoreensa.<\/p>\n<p class=\"paragraph\">My\u00f6s Artun ilmoitus heti h\u00e4iden j\u00e4lkeen sai Julian varautuneeksi.<\/p>\n<p class=\"paragraph\">\u2013 Minulle isoin kolaus oli se, kun Arttu ilmoitti oikeastaan jo h\u00e4\u00e4y\u00f6n\u00e4, ett\u00e4: \u201dSin\u00e4h\u00e4n muutat sitten Imatralle, kyll\u00e4 sin\u00e4 sielt\u00e4 p\u00e4in varmasti saat t\u00f6it\u00e4\u201d. Ajattelin, ett\u00e4 hold your horses. Se oli eka stoppi, miss\u00e4 aloin mietti\u00e4, ett\u00e4 mik\u00e4s keissi t\u00e4m\u00e4 oikein on, Julia kertoo jaksossa.<\/p>\n<p>Arttu uskoo, ett\u00e4 pariskunta saisi viel\u00e4 v\u00e4lins\u00e4 selvitetty\u00e4. MTV<\/p>\n<p class=\"paragraph\">Jaksossa k\u00e4y my\u00f6s ilmi, ett\u00e4 Artun viestit Julialle ovat ahdistaneet morsianta. Arttu on pyyt\u00e4nyt Juliaa kyl\u00e4\u00e4n m\u00f6kille tai kotipaikkakunnalleen Imatralle, mutta Julia ei halua menn\u00e4.<\/p>\n<p class=\"paragraph\">\u2013 Kerroin, ett\u00e4 se ei tunnu hyv\u00e4lt\u00e4, mutta tuli taas se olo, ett\u00e4 enk\u00f6 viel\u00e4k\u00e4\u00e4n ole sanonut jotenkin tarpeeksi suoraan, ett\u00e4 en halua, Julia sanoo serkulleen.<\/p>\n<p class=\"paragraph\">My\u00f6s Arttu kertoo jaksossa tuntemuksistaan. H\u00e4n pohtii, l\u00e4htik\u00f6 liian innokkaasti tutustumaan toiseen ja kertomaan asioita, mit\u00e4 ei olisi kannattanut heti kertoa.<\/p>\n<p class=\"paragraph\">\u2013 Uskon, ett\u00e4 tilanne johtuu siit\u00e4. Tuntuu, ett\u00e4 molemmat v\u00e4h\u00e4n vet\u00e4ytyy ja tuli varovaisemmaksi, v\u00e4h\u00e4n stressaantuneiksi, Arttu sanoo kameralle.<\/p>\n<p class=\"paragraph\">Arttu kertoo pohtineensa paljon sit\u00e4, mit\u00e4 Julialle kuuluu ja miten h\u00e4n voi.<\/p>\n<p class=\"paragraph\">\u2013 V\u00e4lill\u00e4 vain k\u00e4y niin, ett\u00e4 vaan toinen ihminen ihastuu toiseen ja toinen ei v\u00e4ltt\u00e4m\u00e4tt\u00e4 ihastukaan. Sitten tulee pettymys, ja ehk\u00e4 se pettymys on ollut v\u00e4h\u00e4n itsell\u00e4nikin l\u00e4sn\u00e4.<\/p>\n<p class=\"paragraph\">\u2013 Mielest\u00e4ni meill\u00e4 on jokin sellainen yhteys, mit\u00e4 on vaikea selitt\u00e4\u00e4, Arttu p\u00e4\u00e4tt\u00e4\u00e4.<\/p>\n<p class=\"paragraph\">Ensitreffit alttarilla -ohjelma torstaisin MTV3-kanavalla ja MTV Katsomossa. <a href=\"https:\/\/www.iltalehti.fi\/telkku\" rel=\"nofollow noopener\" target=\"_blank\">Katso kaikki ohjelmatiedot ja l\u00e4hetysajat Telkusta.<\/a><\/p>\n<p>Iltalehden toimittajat ruotivat studiossa Julian ja Artun suhteen tilaa. Elle Laitila<\/p>\n","protected":false},"excerpt":{"rendered":"Yhden pariskunnan ahdinko syvenee. VARO JUONIPALJASTUKSIA. Julia ei halua pit\u00e4\u00e4 en\u00e4\u00e4 sormusta. MTV Ensitreffit alttarilla -ohjelman kuudennessa jaksossa&hellip;\n","protected":false},"author":2,"featured_media":44415,"comment_status":"","ping_status":"","sticky":false,"template":"","format":"standard","meta":{"footnotes":""},"categories":[133],"tags":[35,1074,137,33,31,30,2718,979,32,206,140,139,156,109],"class_list":{"0":"post-44414","1":"post","2":"type-post","3":"status-publish","4":"format-standard","5":"has-post-thumbnail","7":"category-televisiot","8":"tag-24h","9":"tag-avioliitto-ja-parisuhde","10":"tag-entertainment","11":"tag-fi","12":"tag-finland","13":"tag-finnish","14":"tag-romantiikka","15":"tag-sahkoinen-media","16":"tag-suomi","17":"tag-televisiot","18":"tag-tv-ja-elokuvat","19":"tag-tv-ohjelmat","20":"tag-tv","21":"tag-viihde"},"share_on_mastodon":{"url":"","error":""},"_links":{"self":[{"href":"https:\/\/www.europesays.com\/fi\/wp-json\/wp\/v2\/posts\/44414","targetHints":{"allow":["GET"]}}],"collection":[{"href":"https:\/\/www.europesays.com\/fi\/wp-json\/wp\/v2\/posts"}],"about":[{"href":"https:\/\/www.europesays.com\/fi\/wp-json\/wp\/v2\/types\/post"}],"author":[{"embeddable":true,"href":"https:\/\/www.europesays.com\/fi\/wp-json\/wp\/v2\/users\/2"}],"replies":[{"embeddable":true,"href":"https:\/\/www.europesays.com\/fi\/wp-json\/wp\/v2\/comments?post=44414"}],"version-history":[{"count":0,"href":"https:\/\/www.europesays.com\/fi\/wp-json\/wp\/v2\/posts\/44414\/revisions"}],"wp:featuredmedia":[{"embeddable":true,"href":"https:\/\/www.europesays.com\/fi\/wp-json\/wp\/v2\/media\/44415"}],"wp:attachment":[{"href":"https:\/\/www.europesays.com\/fi\/wp-json\/wp\/v2\/media?parent=44414"}],"wp:term":[{"taxonomy":"category","embeddable":true,"href":"https:\/\/www.europesays.com\/fi\/wp-json\/wp\/v2\/categories?post=44414"},{"taxonomy":"post_tag","embeddable":true,"href":"https:\/\/www.europesays.com\/fi\/wp-json\/wp\/v2\/tags?post=44414"}],"curies":[{"name":"wp","href":"https:\/\/api.w.org\/{rel}","templated":true}]}}