{"id":44430,"date":"2025-09-25T03:11:08","date_gmt":"2025-09-25T03:11:08","guid":{"rendered":"https:\/\/www.europesays.com\/fi\/44430\/"},"modified":"2025-09-25T03:11:08","modified_gmt":"2025-09-25T03:11:08","slug":"jp-kukkonen-heratti-hammennysta-helsingissa-paljonpuhuva-video","status":"publish","type":"post","link":"https:\/\/www.europesays.com\/fi\/44430\/","title":{"rendered":"JP Kukkonen her\u00e4tti h\u00e4mmennyst\u00e4 Helsingiss\u00e4 \u2013 paljonpuhuva video!"},"content":{"rendered":"<p>\n            JP Kukkonen<br \/>\n            Seiskan lukija, Matti Matikainen\n        <\/p>\n<p class=\"subtitle \">Kohuliikemiehen mukaan h\u00e4n oli viett\u00e4m\u00e4ss\u00e4 &#8221;oikein mukavaa iltaa&#8221; yst\u00e4viens\u00e4 kanssa.<\/p>\n<p class=\"article-content article-content-width !bg-background\">Seiskan lukija hieraisi viime viikon lauantaina silmi\u00e4\u00e4n Helsingin keskustassa.<\/p>\n<p class=\"font-weight-bold m-font-weight-bold article-content article-content-width !bg-background\">Katso video: JP Kukkonen h\u00e4mmensi Helsingiss\u00e4<\/p>\n<p class=\"article-content article-content-width !bg-background\">Silminn\u00e4kij\u00e4 havaitsi, ett\u00e4 kohuliikemies  vietti vauhdikasta iltaa p\u00e4\u00e4kaupungin ytimess\u00e4.<\/p>\n<p class=\"article-content article-content-width !bg-background\">JP oli liikenteess\u00e4 Brasserie Lionne -ravintolan edustalla.<\/p>\n<p class=\"article-content article-content-width !bg-background\">\u2013 JP nojaili terassin kaiteeseen ja selasi puhelintaan. Hetken p\u00e4\u00e4st\u00e4 h\u00e4n puhui jonkun kanssa puhelimessa.<\/p>\n<p>        <a itemprop=\"url\" href=\"https:\/\/www.seiska.fi\/kotimaa\/jp-kukkonen-avoimena-addiktiostaan\/1906022\" rel=\"nofollow noopener\" target=\"_blank\"><\/p>\n<p>\nJP Kukkonen\n<\/p>\n<p class=\"section-date\">\n        <strong class=\"article-section\" data-section=\"kotimaa\"><br \/>\n            kotimaa<br \/>\n        <\/strong><br \/>\n        21.8. 16:30\n    <\/p>\n<p>    JP Kukkonen avoimena addiktiostaan<\/p>\n<p itemprop=\"description\" class=\"subtitle \">\n    Kauramiljon\u00e4\u00e4ri on tehnyt t\u00f6it\u00e4 arkisen tapansa taltuttamiseksi.\n<\/p>\n<p>        <\/a><\/p>\n<p>                <img decoding=\"async\" src=\"https:\/\/www.europesays.com\/fi\/wp-content\/uploads\/2025\/09\/1938590.webp\" width=\"576\" height=\"596\" alt=\"JP Kukkonen seisoskeli helsinkil\u00e4isravintola Brasserie Lionnen edustalla lauantaina 20. syyskuuta.\" loading=\"lazy\" \/>            <\/p>\n<p>\n            JP Kukkonen seisoskeli helsinkil\u00e4isravintola Brasserie Lionnen edustalla lauantaina 20. syyskuuta.<br \/>\n            Seiskan lukija\n        <\/p>\n<p>Lepotauko<\/p>\n<p class=\"article-content article-content-width !bg-background\">Liikemies p\u00e4\u00e4tyi Seiskan lukijan mukaan istumaan nurmikon viereen.<\/p>\n<p class=\"article-content article-content-width !bg-background\">\u2013 JP rojahti Esplanadin puiston nurmikolla olevan reunuskiven p\u00e4\u00e4lle istumaan. Siihen h\u00e4n sitten j\u00e4i, ja jatkoi sit\u00e4 soittelua ja viestittely\u00e4.\u00a0<\/p>\n<p>        <a itemprop=\"url\" href=\"https:\/\/www.seiska.fi\/kotimaa\/jp-kukkonen-taraytti-suoran-mielipiteen-arvostelijoistaan\/1937307\" rel=\"nofollow noopener\" target=\"_blank\"><\/p>\n<p>\nJP Kukkonen\n<\/p>\n<p class=\"section-date\">\n        <strong class=\"article-section\" data-section=\"kotimaa\"><br \/>\n            kotimaa<br \/>\n        <\/strong><br \/>\n        20.9. 13:30\n    <\/p>\n<p>    JP Kukkonen t\u00e4r\u00e4ytti suoran mielipiteen arvostelijoistaan<\/p>\n<p itemprop=\"description\" class=\"subtitle \">\n    Kauramiljon\u00e4\u00e4ri seuraa ilmeisen ahkerasti h\u00e4nest\u00e4 kirjoitettuja keskusteluja.\n<\/p>\n<p>        <\/a><\/p>\n<p class=\"article-content article-content-width !bg-background\">Seiska tavoitti JP:n kommentoimaan illanviettoaan.<\/p>\n<p class=\"article-content article-content-width !bg-background\">\u2013 Olin kavereiden kanssa sy\u00f6m\u00e4ss\u00e4 ja oikein mukava ilta oli. L\u00e4hdin noihin aikoihin kotiin, mies viestitti toimittajalle.<\/p>\n<p>                <img decoding=\"async\" src=\"https:\/\/www.europesays.com\/fi\/wp-content\/uploads\/2025\/09\/1938586.webp\" width=\"576\" height=\"495\" alt=\"Juha-Petteri 'JP' Kukkonen istahti Esplanadin puiston nurmikon reunuskivelle ja soitti useita puheluita.\" loading=\"lazy\" \/>            <\/p>\n<p>\n            Juha-Petteri &#8221;JP&#8221; Kukkonen istahti Esplanadin puiston nurmikon reunuskivelle ja soitti useita puheluita.<br \/>\n            Seiskan lukija\n        <\/p>\n<p>JP otti kantaa Jodel-keskusteluihin<\/p>\n<p class=\"article-content article-content-width !bg-background\">Seiska uutisoi viime viikonloppuna JP:n somek\u00e4yt\u00f6ksest\u00e4. Kohuliikemies puuttui anonyymi keskustelusovellus Jodelissa k\u00e4ytyyn keskusteluun.<\/p>\n<p class=\"article-content article-content-width !bg-background\">JP julkaisi perjantaina kuvakaappauksia Jodel-sovelluksen aloituksesta, jossa anonyymit ihmiset keskustelivat h\u00e4nest\u00e4.\u00a0<\/p>\n<p class=\"article-content article-content-width !bg-background\">JP oli nimitt\u00e4in aiemmin Instagram-videotarinoissaan ottanut kantaa   ymp\u00e4rill\u00e4 py\u00f6rineen mediakohuun. JP julkaisi samalla kuvakaappauksen Helsingin Sanomien <a href=\"https:\/\/www.hs.fi\/talous\/art-2000011506320.html\" target=\"_blank\" rel=\"nofollow noopener\">uutisesta<\/a>.<\/p>\n<p class=\"article-content article-content-width !bg-background\">\u2013 Toki kiva kerrankin et joku muu dominoi kotimaista mediaa, enk\u00e4 min\u00e4, JP muun muassa totesi.<\/p>\n<p>        <a itemprop=\"url\" href=\"https:\/\/www.seiska.fi\/kotimaa\/jp-kukkonen-ei-peittele-enaa-rakkauttaan-pusukuva-julki\/1898523\" rel=\"nofollow noopener\" target=\"_blank\"><\/p>\n<p>\nPusuva julki!\n<\/p>\n<p class=\"section-date\">\n        <strong class=\"article-section\" data-section=\"kotimaa\"><br \/>\n            kotimaa<br \/>\n        <\/strong><br \/>\n        13.8. 14:00\n    <\/p>\n<p>    JP Kukkonen ei peittele en\u00e4\u00e4 rakkauttaan \u2013 pusukuva julki!<\/p>\n<p itemprop=\"description\" class=\"subtitle \">\n    Kaurapohatta lenn\u00e4hti juristikultansa kanssa takaisin \u00f6kykohteeseen.\n<\/p>\n<p>        <\/a><\/p>\n<p class=\"article-content article-content-width !bg-background\">Jodelissa JP:n kommentti her\u00e4tti n\u00e4rk\u00e4styst\u00e4, ja my\u00f6s miehen naiskuvioista keskusteltiin.\u00a0<\/p>\n<p class=\"article-content article-content-width !bg-background\">JP julkaisi kuvakaappauksen my\u00f6s t\u00e4st\u00e4 Jodel-aloituksesta.<\/p>\n<p class=\"article-content article-content-width !bg-background\">\u2013 Mik\u00e4 mahtaa olla Suomessa mielenterveyspalveluiden kanssa tilanne? Jodelissa olis tarvetta useammalle&#8230; JP:n julkaisemassa Instagram-videotarinassa mainittiin.<\/p>\n<p>                <img decoding=\"async\" src=\"https:\/\/www.europesays.com\/fi\/wp-content\/uploads\/2025\/09\/1549376.webp\" width=\"576\" height=\"322\" alt=\"Juha-Petteri 'JP' Kukkonen on aktiivinen sosiaalisessa mediassa. Arkistokuva.\" loading=\"lazy\" \/>            <\/p>\n<p>\n            Juha-Petteri &#8221;JP&#8221; Kukkonen on aktiivinen sosiaalisessa mediassa. Arkistokuva.<br \/>\n            Matti Matikainen\n        <\/p>\n","protected":false},"excerpt":{"rendered":"JP Kukkonen Seiskan lukija, Matti Matikainen Kohuliikemiehen mukaan h\u00e4n oli viett\u00e4m\u00e4ss\u00e4 &#8221;oikein mukavaa iltaa&#8221; yst\u00e4viens\u00e4 kanssa. Seiskan lukija&hellip;\n","protected":false},"author":2,"featured_media":44431,"comment_status":"","ping_status":"","sticky":false,"template":"","format":"standard","meta":{"footnotes":""},"categories":[136],"tags":[407,137,33,31,30,104,11530,10929,408,11529,5669,5265,3126,32,4092,109],"class_list":{"0":"post-44430","1":"post","2":"type-post","3":"status-publish","4":"format-standard","5":"has-post-thumbnail","7":"category-julkkikset","8":"tag-celebrities","9":"tag-entertainment","10":"tag-fi","11":"tag-finland","12":"tag-finnish","13":"tag-helsinki","14":"tag-jp-kukkonen","15":"tag-juha-petteri-kukkonen","16":"tag-julkkikset","17":"tag-kohuliikemies","18":"tag-liikemies","19":"tag-lukijan-kuva","20":"tag-ravintola","21":"tag-suomi","22":"tag-terassi","23":"tag-viihde"},"share_on_mastodon":{"url":"","error":""},"_links":{"self":[{"href":"https:\/\/www.europesays.com\/fi\/wp-json\/wp\/v2\/posts\/44430","targetHints":{"allow":["GET"]}}],"collection":[{"href":"https:\/\/www.europesays.com\/fi\/wp-json\/wp\/v2\/posts"}],"about":[{"href":"https:\/\/www.europesays.com\/fi\/wp-json\/wp\/v2\/types\/post"}],"author":[{"embeddable":true,"href":"https:\/\/www.europesays.com\/fi\/wp-json\/wp\/v2\/users\/2"}],"replies":[{"embeddable":true,"href":"https:\/\/www.europesays.com\/fi\/wp-json\/wp\/v2\/comments?post=44430"}],"version-history":[{"count":0,"href":"https:\/\/www.europesays.com\/fi\/wp-json\/wp\/v2\/posts\/44430\/revisions"}],"wp:featuredmedia":[{"embeddable":true,"href":"https:\/\/www.europesays.com\/fi\/wp-json\/wp\/v2\/media\/44431"}],"wp:attachment":[{"href":"https:\/\/www.europesays.com\/fi\/wp-json\/wp\/v2\/media?parent=44430"}],"wp:term":[{"taxonomy":"category","embeddable":true,"href":"https:\/\/www.europesays.com\/fi\/wp-json\/wp\/v2\/categories?post=44430"},{"taxonomy":"post_tag","embeddable":true,"href":"https:\/\/www.europesays.com\/fi\/wp-json\/wp\/v2\/tags?post=44430"}],"curies":[{"name":"wp","href":"https:\/\/api.w.org\/{rel}","templated":true}]}}