{"id":44468,"date":"2025-09-25T03:50:09","date_gmt":"2025-09-25T03:50:09","guid":{"rendered":"https:\/\/www.europesays.com\/fi\/44468\/"},"modified":"2025-09-25T03:50:09","modified_gmt":"2025-09-25T03:50:09","slug":"suomalaistutkimus-tyoelamasta-syrjaan-jaaminen-voi-ennakoida-muistisairautta-vuosia-ennen-diagnoosia","status":"publish","type":"post","link":"https:\/\/www.europesays.com\/fi\/44468\/","title":{"rendered":"Suomalaistutkimus: Ty\u00f6el\u00e4m\u00e4st\u00e4 syrj\u00e4\u00e4n j\u00e4\u00e4minen voi ennakoida muistisairautta vuosia ennen diagnoosia"},"content":{"rendered":"<p>Tutkimuksessa havaittiin muitakin signaaleja, jotka ennakoivat sairastumista.<\/p>\n<p class=\"article-body mb-nof-24 px-nof-16\">Tuore suomalaistutkimus osoittaa, ett\u00e4 ty\u00f6el\u00e4m\u00e4st\u00e4 syrj\u00e4\u00e4n j\u00e4\u00e4minen ilman el\u00e4k\u00f6itymist\u00e4 voi ennakoida muistisairauden puhkeamista vuosia ennen ensimm\u00e4isi\u00e4 selvi\u00e4 oireita.<\/p>\n<p class=\"article-body mb-nof-24 px-nof-16\">Tutkimuksessa analysoitiin yli 2\u202f200 potilaan tiedot laajasta kansallisesta rekisteriaineistosta. Potilaita verrattiin samanik\u00e4isiin, samaa sukupuolta oleviin ja samalla alueella asuviin verrokkeihin.<\/p>\n<p class=\"article-body mb-nof-24 px-nof-16\">\u2013 Havaitsimme, ett\u00e4 esimerkiksi ty\u00f6el\u00e4m\u00e4st\u00e4 vet\u00e4ytyminen ilman selke\u00e4\u00e4 l\u00e4\u00e4ketieteellist\u00e4 syyt\u00e4 voi olla ensimm\u00e4inen merkki sairauden alkamisesta. N\u00e4iden sosiaalisten signaalien huomioiminen voi tukea diagnoosin tekemist\u00e4 entist\u00e4 varhaisemmassa tautivaiheessa, arvioi v\u00e4it\u00f6skirjatutkija <a class=\"article-personlink\" href=\"https:\/\/www.is.fi\/haku\/?query=Ave%20Kivisild\" rel=\"nofollow noopener\" target=\"_blank\">Ave Kivisild<\/a> It\u00e4-Suomen yliopiston tiedotteessa.<\/p>\n<p class=\"article-body mb-nof-24 px-nof-16\">Tutkimuksessa havaittiin muitakin sosiaalisia signaaleja, jotka ennakoivat Alzheimerin tautiin, otsa-ohimolohkorappeumaan ja verisuoniper\u00e4iseen muistisairauteen sairastumista jopa kymmenen vuotta ennen diagnoosia.<\/p>\n<p>Tutkimuksen keskeiset havainnot<\/p>\n<ul class=\"mb-nof-16 px-nof-16 article-unordered-list unordered-list\">\n<li class=\"unordered-list-item\">\n<p class=\"article-body\">Ty\u00f6ss\u00e4k\u00e4ynti v\u00e4heni merkitt\u00e4v\u00e4sti kaikissa muistisairausryhmiss\u00e4 jo 10 vuotta ennen diagnoosia.<\/p>\n<\/li>\n<\/ul>\n<ul class=\"mb-nof-16 px-nof-16 article-unordered-list unordered-list\">\n<li class=\"unordered-list-item\">\n<p class=\"article-body\">Verisuoniper\u00e4iseen muistisairauteen sairastuneilla tai Alzheimerin taudin ja verisuoniper\u00e4isen muistisairauden yhdistelm\u00e4diagnoosin saaneilla oli matalampi koulutustaso kuin verrokeilla. Vastaavaa eroa verrokkeihin ei havaittu puhtaassa varhain alkavassa Alzheimerin taudissa tai otsa-ohimolohkorappeumassa. T\u00e4m\u00e4 voi viitata siihen, ett\u00e4 koulutus ei suojaa varhain alkavilta muistisairauksilta, vaikka se voi suojata ik\u00e4\u00e4ntyneen\u00e4 alkavilta tautimuodoilta.<\/p>\n<\/li>\n<\/ul>\n<ul class=\"mb-nof-16 px-nof-16 article-unordered-list unordered-list\">\n<li class=\"unordered-list-item\">\n<p class=\"article-body\">Varhain alkavaa Alzheimerin tautia sairastavista etenkin naisilla yksin el\u00e4minen oli yleisemp\u00e4\u00e4 kuin verrokeilla.<\/p>\n<\/li>\n<li class=\"unordered-list-item\">\n<p class=\"article-body\">Otsa-ohimolohkorappeumaa sairastavat puolestaan eiv\u00e4t siviilis\u00e4\u00e4dylt\u00e4\u00e4n merkitt\u00e4v\u00e4sti poikenneet verrokeista.<\/p>\n<\/li>\n<\/ul>\n<p class=\"article-body nof-ui-body-medium mb-nof-24 px-nof-16\">L\u00e4hde: It\u00e4-Suomen yliopisto<\/p>\n<p class=\"article-body mb-nof-24 px-nof-16\">Tiedotteen mukaan tiedossa on, ett\u00e4 tautimuutokset k\u00e4ynnistyv\u00e4t aivoissa kymmeni\u00e4 vuosia ennen ensimm\u00e4isi\u00e4 oireita. Tutkimustulosten perusteella vaikuttaa silt\u00e4, ett\u00e4 tauti voi aiheuttaa esimerkiksi ty\u00f6llisyydess\u00e4 muutoksia kauan ennen objektiivisia tiedonk\u00e4sittelyn oireita.<\/p>\n<p class=\"article-body mb-nof-24 px-nof-16\">\u2013 N\u00e4iden signaalien huomioiminen voi auttaa ajoittamaan seulontoja ja ennaltaehk\u00e4isevi\u00e4 toimia paremmin, toteaa hankkeen p\u00e4\u00e4tutkija, apulaisprofessori <a class=\"article-personlink\" href=\"https:\/\/www.is.fi\/haku\/?query=Eino%20Solje\" rel=\"nofollow noopener\" target=\"_blank\">Eino Solje<\/a>.<\/p>\n<p class=\"article-body mb-nof-24 px-nof-16\">Tutkimusaineiston diagnoosit perustuivat yliopistosairaaloiden muistipoliklinikoiden neurologien asiantuntija-arvioihin, mik\u00e4 tekee niist\u00e4 eritt\u00e4in luotettavia, tiedotteessa kerrotaan.<\/p>\n<p class=\"article-body mb-nof-24 px-nof-16\">Tutkimus on julkaistu arvostetussa Alzheimer\u2019s &amp; Dementia-lehdess\u00e4. Se on osa laajempaa hanketta, jossa laajaa potilasaineistoa erilaisiin rekisteritietoihin. Hankkeeseen osallistuvat muun muassa Oulun ja It\u00e4-Suomen yliopistot sek\u00e4 l\u00e4\u00e4ketieteen ja oikeustieteiden tutkijoita.<\/p>\n","protected":false},"excerpt":{"rendered":"Tutkimuksessa havaittiin muitakin signaaleja, jotka ennakoivat sairastumista. Tuore suomalaistutkimus osoittaa, ett\u00e4 ty\u00f6el\u00e4m\u00e4st\u00e4 syrj\u00e4\u00e4n j\u00e4\u00e4minen ilman el\u00e4k\u00f6itymist\u00e4 voi ennakoida&hellip;\n","protected":false},"author":2,"featured_media":44469,"comment_status":"","ping_status":"","sticky":false,"template":"","format":"standard","meta":{"footnotes":""},"categories":[12],"tags":[22,23,26,27,33,31,30,17,34,24,25,28,29,15,18,21,32,19,20,16],"class_list":{"0":"post-44468","1":"post","2":"type-post","3":"status-publish","4":"format-standard","5":"has-post-thumbnail","7":"category-suomi","8":"tag-breaking-news","9":"tag-breakingnews","10":"tag-featured-news","11":"tag-featurednews","12":"tag-fi","13":"tag-finland","14":"tag-finnish","15":"tag-headlines","16":"tag-ilta-sanomat","17":"tag-latest-news","18":"tag-latestnews","19":"tag-main-news","20":"tag-mainnews","21":"tag-news","22":"tag-otsikot","23":"tag-paauutiset","24":"tag-suomi","25":"tag-top-stories","26":"tag-topstories","27":"tag-uutiset"},"share_on_mastodon":{"url":"","error":""},"_links":{"self":[{"href":"https:\/\/www.europesays.com\/fi\/wp-json\/wp\/v2\/posts\/44468","targetHints":{"allow":["GET"]}}],"collection":[{"href":"https:\/\/www.europesays.com\/fi\/wp-json\/wp\/v2\/posts"}],"about":[{"href":"https:\/\/www.europesays.com\/fi\/wp-json\/wp\/v2\/types\/post"}],"author":[{"embeddable":true,"href":"https:\/\/www.europesays.com\/fi\/wp-json\/wp\/v2\/users\/2"}],"replies":[{"embeddable":true,"href":"https:\/\/www.europesays.com\/fi\/wp-json\/wp\/v2\/comments?post=44468"}],"version-history":[{"count":0,"href":"https:\/\/www.europesays.com\/fi\/wp-json\/wp\/v2\/posts\/44468\/revisions"}],"wp:featuredmedia":[{"embeddable":true,"href":"https:\/\/www.europesays.com\/fi\/wp-json\/wp\/v2\/media\/44469"}],"wp:attachment":[{"href":"https:\/\/www.europesays.com\/fi\/wp-json\/wp\/v2\/media?parent=44468"}],"wp:term":[{"taxonomy":"category","embeddable":true,"href":"https:\/\/www.europesays.com\/fi\/wp-json\/wp\/v2\/categories?post=44468"},{"taxonomy":"post_tag","embeddable":true,"href":"https:\/\/www.europesays.com\/fi\/wp-json\/wp\/v2\/tags?post=44468"}],"curies":[{"name":"wp","href":"https:\/\/api.w.org\/{rel}","templated":true}]}}