{"id":44474,"date":"2025-09-25T04:03:08","date_gmt":"2025-09-25T04:03:08","guid":{"rendered":"https:\/\/www.europesays.com\/fi\/44474\/"},"modified":"2025-09-25T04:03:08","modified_gmt":"2025-09-25T04:03:08","slug":"iida-ketolan-puheet-saavat-matias-petaiston-raivostumaan","status":"publish","type":"post","link":"https:\/\/www.europesays.com\/fi\/44474\/","title":{"rendered":"Iida Ketolan puheet saavat Matias Pet\u00e4ist\u00f6n raivostumaan"},"content":{"rendered":"<p>Matias Pet\u00e4ist\u00f6 ei niele Iida Ketolan selityksi\u00e4 Erikoisjoukoissa. VARO JUONIPALJASTUKSIA!<\/p>\n<p><img decoding=\"async\" class=\"image image-show image-preview\" src=\"https:\/\/www.europesays.com\/fi\/wp-content\/uploads\/2025\/09\/1f6d2ef0232e7674781693f8bc134a23655053d5447ca8234116dcb29827d028.jpg\" alt=\"\"\/><img decoding=\"async\" class=\"image image-show\" src=\"https:\/\/www.europesays.com\/fi\/wp-content\/uploads\/2025\/09\/1758772988_904_1f6d2ef0232e7674781693f8bc134a23655053d5447ca8234116dcb29827d028.jpg\" alt=\"\"\/><\/p>\n<p>Iida Ketola joutuu kuulusteluun Erikoisjoukoissa. Nelonen<\/p>\n<p class=\"paragraph\">Erikoisjoukot-ohjelman nelj\u00e4nness\u00e4 jaksossa mediapersoona <strong>Iida Ketola<\/strong>, 35, kutsutaan kouluttajien kuulusteluun. H\u00e4nt\u00e4 kuulustelevat <strong>Janne Lehtonen<\/strong>, 42, ja <strong>Matias Pet\u00e4ist\u00f6<\/strong>, 35.<\/p>\n<p class=\"paragraph\">Lehtonen toteaa heti alkuun heist\u00e4 tuntuvan, ett\u00e4 Ketolalla oli aamusta l\u00e4htien motivaatio hukassa. Ketola ei heti vastaa kouluttajien kysymykseen.<\/p>\n<p class=\"paragraph\">\u2013 Ootappas&#8230; nukuin \u00e4sken niin sike\u00e4sti, ett\u00e4 minulla meni hetki ymm\u00e4rt\u00e4\u00e4, miss\u00e4 olen. Ja nyt v\u00e4h\u00e4n haen, mit\u00e4 t\u00e4n\u00e4\u00e4n on tapahtunut, Ketola sanoo jaksossa.<\/p>\n<p class=\"paragraph\">\u2013 Vastaa kysymykseen, Pet\u00e4ist\u00f6 k\u00e4skee napakasti.<\/p>\n<p class=\"paragraph\">Ketola my\u00f6nt\u00e4\u00e4, ett\u00e4 h\u00e4nell\u00e4 on ollut motivaatio hukassa, koska h\u00e4n on s\u00e4\u00e4linyt itse\u00e4\u00e4n. Pet\u00e4ist\u00f6 muistuttaa, ettei erikoisjoukkoleirill\u00e4 sallita itses\u00e4\u00e4li\u00e4. Ketola vakuuttaa p\u00e4\u00e4sseens\u00e4 toisen teht\u00e4v\u00e4n j\u00e4lkeen itses\u00e4\u00e4list\u00e4\u00e4n eroon.<\/p>\n<p class=\"paragraph\">\u2013 Minulla oli sellainen olo, ett\u00e4 en ole t\u00e4h\u00e4n yht\u00e4\u00e4n niin valmis kuin luulin. En pysty luottamaan kroppaani sellaisissa asioissa, joissa luulin voivani luottaa siihen, Ketola selitt\u00e4\u00e4.<\/p>\n<p>Matias Pet\u00e4ist\u00f6 haastaa Iida Ketolaa Erikoisjoukoissa. Jenni G\u00e4stgivar<\/p>\n<p class=\"paragraph\">Pet\u00e4ist\u00f6 ei niele Ketolan selityksi\u00e4.<\/p>\n<p class=\"paragraph\">\u2013 Ei sinulla ole motivaatio-ongelmia, jos olet tullut t\u00e4nne ylitt\u00e4m\u00e4\u00e4n itsesi. Ei miss\u00e4\u00e4n vaiheessa \u2013 ihan sama mit\u00e4 ep\u00e4varmuutta sinulla on itseesi tai muuta, motivaatiosi ei voi olla kadoksissa, jos olet tullut vittu ylitt\u00e4m\u00e4\u00e4n itse\u00e4si t\u00e4nne, Pet\u00e4ist\u00f6 saarnaa.<\/p>\n<p class=\"paragraph\">\u2013 No en tied\u00e4, onko minulla ollut motivaatio kadoksissa&#8230; Ketola sanoo.<\/p>\n<p class=\"paragraph\">\u2013 No just s\u00e4 vastasit, kun sulta kysyttiin, niin kyll\u00e4 s\u00e4 tiesit! Pet\u00e4ist\u00f6 korottaa \u00e4\u00e4nt\u00e4\u00e4n.<\/p>\n<p class=\"paragraph\">Kysytt\u00e4ess\u00e4 Ketola kertoo, ett\u00e4 h\u00e4n on ailahtelevainen persoona. Lis\u00e4ksi h\u00e4n kertoo kokeneensa haasteita el\u00e4m\u00e4ss\u00e4\u00e4n. Ketolan mukaan kyseiset haasteet ovat yksi syy sille, miksi h\u00e4n osallistui leirille.<\/p>\n<p class=\"paragraph\">Ketola kertoo h\u00e4ness\u00e4 olevan paljon traumak\u00e4ytt\u00e4ytymist\u00e4, joka on ajanut h\u00e4nen mielt\u00e4\u00e4n ja kehoaan erilleen toisistaan, ja siksi h\u00e4nell\u00e4 on luottamusongelmia itse\u00e4\u00e4n kohtaan.<\/p>\n<p class=\"paragraph\">\u2013 Minulla on sellaisia traumaattisia kokemuksia, ett\u00e4 pelk\u00e4\u00e4n itselleni vieraita miehi\u00e4. Ja ehk\u00e4 ylip\u00e4\u00e4t\u00e4ns\u00e4kin pelk\u00e4\u00e4n ihmisi\u00e4, Ketola selitt\u00e4\u00e4 kameralle.<\/p>\n<p>Iida Ketola avautuu tv:ss\u00e4 traumoistaan. Jenni G\u00e4stgivar<\/p>\n<p class=\"paragraph\">Erikoisjoukot-sarja on n\u00e4ht\u00e4viss\u00e4 Ruudussa ja Nelosella torstaisin kello 21. <a href=\"https:\/\/www.iltalehti.fi\/telkku\" rel=\"nofollow noopener\" target=\"_blank\">Katso kaikki ohjelmatiedot ja l\u00e4hetysajat Telkusta<\/a>.<\/p>\n","protected":false},"excerpt":{"rendered":"Matias Pet\u00e4ist\u00f6 ei niele Iida Ketolan selityksi\u00e4 Erikoisjoukoissa. VARO JUONIPALJASTUKSIA! Iida Ketola joutuu kuulusteluun Erikoisjoukoissa. Nelonen Erikoisjoukot-ohjelman nelj\u00e4nness\u00e4&hellip;\n","protected":false},"author":2,"featured_media":44475,"comment_status":"","ping_status":"","sticky":false,"template":"","format":"standard","meta":{"footnotes":""},"categories":[136],"tags":[35,153,407,137,33,31,30,1511,408,979,32,140,139,109],"class_list":{"0":"post-44474","1":"post","2":"type-post","3":"status-publish","4":"format-standard","5":"has-post-thumbnail","7":"category-julkkikset","8":"tag-24h","9":"tag-audiovisuaalinen-media","10":"tag-celebrities","11":"tag-entertainment","12":"tag-fi","13":"tag-finland","14":"tag-finnish","15":"tag-joukkoviestinta","16":"tag-julkkikset","17":"tag-sahkoinen-media","18":"tag-suomi","19":"tag-tv-ja-elokuvat","20":"tag-tv-ohjelmat","21":"tag-viihde"},"share_on_mastodon":{"url":"","error":""},"_links":{"self":[{"href":"https:\/\/www.europesays.com\/fi\/wp-json\/wp\/v2\/posts\/44474","targetHints":{"allow":["GET"]}}],"collection":[{"href":"https:\/\/www.europesays.com\/fi\/wp-json\/wp\/v2\/posts"}],"about":[{"href":"https:\/\/www.europesays.com\/fi\/wp-json\/wp\/v2\/types\/post"}],"author":[{"embeddable":true,"href":"https:\/\/www.europesays.com\/fi\/wp-json\/wp\/v2\/users\/2"}],"replies":[{"embeddable":true,"href":"https:\/\/www.europesays.com\/fi\/wp-json\/wp\/v2\/comments?post=44474"}],"version-history":[{"count":0,"href":"https:\/\/www.europesays.com\/fi\/wp-json\/wp\/v2\/posts\/44474\/revisions"}],"wp:featuredmedia":[{"embeddable":true,"href":"https:\/\/www.europesays.com\/fi\/wp-json\/wp\/v2\/media\/44475"}],"wp:attachment":[{"href":"https:\/\/www.europesays.com\/fi\/wp-json\/wp\/v2\/media?parent=44474"}],"wp:term":[{"taxonomy":"category","embeddable":true,"href":"https:\/\/www.europesays.com\/fi\/wp-json\/wp\/v2\/categories?post=44474"},{"taxonomy":"post_tag","embeddable":true,"href":"https:\/\/www.europesays.com\/fi\/wp-json\/wp\/v2\/tags?post=44474"}],"curies":[{"name":"wp","href":"https:\/\/api.w.org\/{rel}","templated":true}]}}