{"id":44793,"date":"2025-09-25T11:12:09","date_gmt":"2025-09-25T11:12:09","guid":{"rendered":"https:\/\/www.europesays.com\/fi\/44793\/"},"modified":"2025-09-25T11:12:09","modified_gmt":"2025-09-25T11:12:09","slug":"suomen-muslimiyhteiso-on-pettynyt-keskusteluun-huivikiellosta-populismia-uutisia-lyhyesti","status":"publish","type":"post","link":"https:\/\/www.europesays.com\/fi\/44793\/","title":{"rendered":"Suomen muslimiyhteis\u00f6 on pettynyt keskusteluun huivikiellosta: Populismia | Uutisia lyhyesti"},"content":{"rendered":"<p class=\"aw-1gybjub aw-5vja16 cmIuaG zKETg yle__article__paragraph\">Muslimiyhteis\u00f6n edustajat huomauttavat, ett\u00e4 kasvot peitt\u00e4v\u00e4t huivit ovat Suomessa eritt\u00e4in harvinaisia. Julkisuudessa ollut ongelma on heid\u00e4n mukaansa keinotekoinen.<\/p>\n<p><img decoding=\"async\" alt=\"Nainen pukeutuneena burkaan ylitt\u00e4\u00e4 suojatiet\u00e4.\" src=\"https:\/\/www.europesays.com\/fi\/wp-content\/uploads\/2025\/09\/39-7313785f8a811da929a.jpeg\" class=\"aw-1l9m598 hKVVvP\"\/><\/p>\n<p>Avaa kuvien katselu<\/p>\n<p>Muslimiyhteis\u00f6n mukaan huivikiellot uhkaisivat perusoikeuksia ja lis\u00e4isiv\u00e4t syrjint\u00e4\u00e4. Kuva: Henrietta Hassinen \/ Yle<\/p>\n<p class=\"aw-1gybjub aw-1p7kakr cmIuaG fmSRng yle__article__paragraph\">Yhteens\u00e4 40 Suomen muslimiyhteis\u00f6n toimijaa ottaa voimakkaasti kantaa julkiseen keskusteluun mahdollisesta huivikiellosta.<\/p>\n<p class=\"aw-1gybjub aw-1p7kakr cmIuaG fmSRng yle__article__paragraph\">Sis\u00e4ministeri <strong class=\"aw-ak79eh KyCXm yle__article__strong\">Mari Rantanen<\/strong> (ps.) ilmoitti aiemmin t\u00e4ll\u00e4 viikolla, ett\u00e4 <a class=\"aw-iao6s4 iHOxEa yle__article__link\" href=\"https:\/\/yle.fi\/a\/74-20184540\" role=\"link\" rel=\"nofollow noopener\" target=\"_blank\">hallitus arvioi huivikiellon edist\u00e4mist\u00e4<\/a>. Keskustelu on painottunut etenkin kasvot peitt\u00e4viin niqab-huiveihin, joiden kieltoa <a class=\"aw-iao6s4 iHOxEa yle__article__link\" href=\"https:\/\/yle.fi\/a\/74-20177126\" role=\"link\" rel=\"nofollow noopener\" target=\"_blank\">esimerkiksi kouluissa<\/a> on esitt\u00e4nyt sosiaaliturvaministeri <strong class=\"aw-ak79eh KyCXm yle__article__strong\">Sanni Grahn-Laasonen<\/strong> (kok.).<\/p>\n<p class=\"aw-1gybjub aw-1p7kakr cmIuaG fmSRng yle__article__paragraph\">Muslimiyhteis\u00f6 kertoo <a class=\"aw-iao6s4 iHOxEa yle__article__link\" href=\"https:\/\/www.muslimifoorumi.fi\/lausuntoja\/\" role=\"link\" rel=\"nofollow noopener\" target=\"_blank\">kannanotossaan<\/a> seuranneensa keskustelua \u201dhyvin huolestuneena ja pettyneen\u00e4\u201d.<\/p>\n<p class=\"aw-1gybjub aw-1p7kakr cmIuaG fmSRng yle__article__paragraph\">\u2013 N\u00e4kemyksemme mukaan t\u00e4m\u00e4 keskustelu edustaa klassista populismia, jolla yritet\u00e4\u00e4n kalastella \u00e4\u00e4rioikeistolaisia \u00e4\u00e4ni\u00e4 luomalla keinotekoinen ongelma olemattomasta ilmi\u00f6st\u00e4, kannanotossa kirjoitetaan.<\/p>\n<p class=\"aw-1gybjub aw-1p7kakr cmIuaG fmSRng yle__article__paragraph\">Kannanoton mukaan niqabit ja burkat ovat Suomessa harvinaisia. Suurin osa musliminaisista k\u00e4ytt\u00e4\u00e4 hijabia, joka ei peit\u00e4 kasvoja.<\/p>\n<p class=\"aw-1gybjub aw-1p7kakr cmIuaG fmSRng yle__article__paragraph\">\u2013 T\u00e4m\u00e4 tilastollinen todellisuus tekee koko kieltokeskustelusta absurdin.<\/p>\n<p class=\"aw-1gybjub aw-1p7kakr cmIuaG fmSRng yle__article__paragraph\">Kannanoton mukaan niqabia k\u00e4ytt\u00e4v\u00e4t naiset tekev\u00e4t t\u00e4m\u00e4n l\u00e4hes aina vapaaehtoisesti. Muslimiyhteis\u00f6 korostaa, ett\u00e4 kiellot uhkaisivat perusoikeuksia, lis\u00e4isiv\u00e4t syrjint\u00e4\u00e4 ja viev\u00e4t huomion todellisilta ongelmilta, kuten koulujen resurssipulalta.<\/p>\n","protected":false},"excerpt":{"rendered":"Muslimiyhteis\u00f6n edustajat huomauttavat, ett\u00e4 kasvot peitt\u00e4v\u00e4t huivit ovat Suomessa eritt\u00e4in harvinaisia. Julkisuudessa ollut ongelma on heid\u00e4n mukaansa keinotekoinen.&hellip;\n","protected":false},"author":2,"featured_media":44794,"comment_status":"","ping_status":"","sticky":false,"template":"","format":"standard","meta":{"footnotes":""},"categories":[14],"tags":[22,23,26,27,33,31,30,17,9050,3043,71,24,25,28,29,15,18,21,32,19,20,56,1436,16,59,60,61],"class_list":{"0":"post-44793","1":"post","2":"type-post","3":"status-publish","4":"format-standard","5":"has-post-thumbnail","7":"category-ulkomaat","8":"tag-breaking-news","9":"tag-breakingnews","10":"tag-featured-news","11":"tag-featurednews","12":"tag-fi","13":"tag-finland","14":"tag-finnish","15":"tag-headlines","16":"tag-islam","17":"tag-islamilaiset-hunnut-ja-huivit","18":"tag-kotimaa","19":"tag-latest-news","20":"tag-latestnews","21":"tag-main-news","22":"tag-mainnews","23":"tag-news","24":"tag-otsikot","25":"tag-paauutiset","26":"tag-suomi","27":"tag-top-stories","28":"tag-topstories","29":"tag-ulkomaat","30":"tag-uskonnot","31":"tag-uutiset","32":"tag-world","33":"tag-world-news","34":"tag-worldnews"},"share_on_mastodon":{"url":"","error":""},"_links":{"self":[{"href":"https:\/\/www.europesays.com\/fi\/wp-json\/wp\/v2\/posts\/44793","targetHints":{"allow":["GET"]}}],"collection":[{"href":"https:\/\/www.europesays.com\/fi\/wp-json\/wp\/v2\/posts"}],"about":[{"href":"https:\/\/www.europesays.com\/fi\/wp-json\/wp\/v2\/types\/post"}],"author":[{"embeddable":true,"href":"https:\/\/www.europesays.com\/fi\/wp-json\/wp\/v2\/users\/2"}],"replies":[{"embeddable":true,"href":"https:\/\/www.europesays.com\/fi\/wp-json\/wp\/v2\/comments?post=44793"}],"version-history":[{"count":0,"href":"https:\/\/www.europesays.com\/fi\/wp-json\/wp\/v2\/posts\/44793\/revisions"}],"wp:featuredmedia":[{"embeddable":true,"href":"https:\/\/www.europesays.com\/fi\/wp-json\/wp\/v2\/media\/44794"}],"wp:attachment":[{"href":"https:\/\/www.europesays.com\/fi\/wp-json\/wp\/v2\/media?parent=44793"}],"wp:term":[{"taxonomy":"category","embeddable":true,"href":"https:\/\/www.europesays.com\/fi\/wp-json\/wp\/v2\/categories?post=44793"},{"taxonomy":"post_tag","embeddable":true,"href":"https:\/\/www.europesays.com\/fi\/wp-json\/wp\/v2\/tags?post=44793"}],"curies":[{"name":"wp","href":"https:\/\/api.w.org\/{rel}","templated":true}]}}