{"id":45001,"date":"2025-09-25T16:46:07","date_gmt":"2025-09-25T16:46:07","guid":{"rendered":"https:\/\/www.europesays.com\/fi\/45001\/"},"modified":"2025-09-25T16:46:07","modified_gmt":"2025-09-25T16:46:07","slug":"marja-hintikka-paljastaa-parisuhdeasian-ei-me-jakseta","status":"publish","type":"post","link":"https:\/\/www.europesays.com\/fi\/45001\/","title":{"rendered":"Marja Hintikka paljastaa parisuhdeasian: \u201dEi me jakseta\u201d"},"content":{"rendered":"<p>Juontaja <strong>Marja Hintikka<\/strong> on l\u00e4htenyt lomalle etel\u00e4\u00e4n. Kyseess\u00e4 on parisuhdematka eli mukana on my\u00f6s h\u00e4nen miehens\u00e4 <strong>Ile Uusivuori<\/strong>. Julkaisu matkalta sis\u00e4lt\u00e4\u00e4 my\u00f6s parin parisuhteeseen liittyv\u00e4n paljastuksen.<\/p>\n<p>\u2013 Joskus nuorempana arjen paineet purkautui ehk\u00e4 kahdenkeskisill\u00e4 reissuilla riitoina, mutta ei en\u00e4\u00e4 nyky\u00e4\u00e4n. Ei me jakseta, paljastaa Hintikka.<\/p>\n<p>Lue my\u00f6s: <a href=\"https:\/\/www.como.fi\/uutiset\/marja-hintikka-juontotehtavastaan-taman-taytyy-olla-piilokamera\/\" title=\"Marja Hintikka juontoteht\u00e4v\u00e4st\u00e4\u00e4n: \u201dT\u00e4m\u00e4n t\u00e4ytyy olla piilokamera\u201d\" class=\"underline-custom !font-montserrat !font-bold !underline-offset-4 !decoration-4 !decoration-red-600 !text-md\" rel=\"nofollow noopener\" target=\"_blank\">Marja Hintikka juontoteht\u00e4v\u00e4st\u00e4\u00e4n: \u201dT\u00e4m\u00e4n t\u00e4ytyy olla piilokamera\u201d<\/a><\/p>\n<p>Pari tekee nyky\u00e4\u00e4n reissuillaan ihan muuta kuin riitelee.<\/p>\n<p>\u2013 Otetaan mieluummin aurinkoa, lasi ros\u00e9ta ja kuvataan omia Vinti\u00f6t-videoita (saatte n\u00e4hd\u00e4 ens viikolla). Ja hehkutetaan koko ajan, kuinka ihanat lapset meill\u00e4 on, kertoo Hintikka t\u00e4m\u00e4n p\u00e4iv\u00e4n parisuhdereissuista.<\/p>\n<p>Pari on ehtinyt tekem\u00e4\u00e4n matkallaan jo paljon asioita. S\u00e4\u00e4 on ollut hyv\u00e4 ja aurinkorasvaakin on tarvittu.<\/p>\n<p>Jos upotus ei n\u00e4y, avaa se auki <a href=\"https:\/\/www.instagram.com\/p\/DPBy9SniEDz\/?utm_source=ig_web_copy_link&amp;igsh=MzRlODBiNWFlZA==\" target=\"_blank\" rel=\"noreferrer noopener nofollow\">t\u00e4st\u00e4<\/a>.<\/p>\n<p>Lue my\u00f6s: <a href=\"https:\/\/www.como.fi\/tilaa-comon-uutiskirje\/\" title=\"Tilaa Comon uutiskirje ja tied\u00e4t mist\u00e4 kahvitauolla puhutaan! Nappaa kotimaan tv-vinkit ja puheenaiheet suoraan s\u00e4hk\u00f6postiin t\u00e4st\u00e4.\" class=\"underline-custom !font-montserrat !font-bold !underline-offset-4 !decoration-4 !decoration-red-600 !text-md\" rel=\"nofollow noopener\" target=\"_blank\">Tilaa Comon uutiskirje ja tied\u00e4t mist\u00e4 kahvitauolla puhutaan! Nappaa kotimaan tv-vinkit ja puheenaiheet suoraan s\u00e4hk\u00f6postiin t\u00e4st\u00e4.<\/a><\/p>\n<p>\t\t\t<script async src=\"\/\/www.instagram.com\/embed.js\"><\/script><\/p>\n","protected":false},"excerpt":{"rendered":"Juontaja Marja Hintikka on l\u00e4htenyt lomalle etel\u00e4\u00e4n. Kyseess\u00e4 on parisuhdematka eli mukana on my\u00f6s h\u00e4nen miehens\u00e4 Ile Uusivuori.&hellip;\n","protected":false},"author":2,"featured_media":45002,"comment_status":"","ping_status":"","sticky":false,"template":"","format":"standard","meta":{"footnotes":""},"categories":[130],"tags":[137,33,31,30,3326,32,109],"class_list":{"0":"post-45001","1":"post","2":"type-post","3":"status-publish","4":"format-standard","5":"has-post-thumbnail","7":"category-viihde","8":"tag-entertainment","9":"tag-fi","10":"tag-finland","11":"tag-finnish","12":"tag-marja-hintikka","13":"tag-suomi","14":"tag-viihde"},"share_on_mastodon":{"url":"","error":""},"_links":{"self":[{"href":"https:\/\/www.europesays.com\/fi\/wp-json\/wp\/v2\/posts\/45001","targetHints":{"allow":["GET"]}}],"collection":[{"href":"https:\/\/www.europesays.com\/fi\/wp-json\/wp\/v2\/posts"}],"about":[{"href":"https:\/\/www.europesays.com\/fi\/wp-json\/wp\/v2\/types\/post"}],"author":[{"embeddable":true,"href":"https:\/\/www.europesays.com\/fi\/wp-json\/wp\/v2\/users\/2"}],"replies":[{"embeddable":true,"href":"https:\/\/www.europesays.com\/fi\/wp-json\/wp\/v2\/comments?post=45001"}],"version-history":[{"count":0,"href":"https:\/\/www.europesays.com\/fi\/wp-json\/wp\/v2\/posts\/45001\/revisions"}],"wp:featuredmedia":[{"embeddable":true,"href":"https:\/\/www.europesays.com\/fi\/wp-json\/wp\/v2\/media\/45002"}],"wp:attachment":[{"href":"https:\/\/www.europesays.com\/fi\/wp-json\/wp\/v2\/media?parent=45001"}],"wp:term":[{"taxonomy":"category","embeddable":true,"href":"https:\/\/www.europesays.com\/fi\/wp-json\/wp\/v2\/categories?post=45001"},{"taxonomy":"post_tag","embeddable":true,"href":"https:\/\/www.europesays.com\/fi\/wp-json\/wp\/v2\/tags?post=45001"}],"curies":[{"name":"wp","href":"https:\/\/api.w.org\/{rel}","templated":true}]}}