{"id":45038,"date":"2025-09-25T17:30:09","date_gmt":"2025-09-25T17:30:09","guid":{"rendered":"https:\/\/www.europesays.com\/fi\/45038\/"},"modified":"2025-09-25T17:30:09","modified_gmt":"2025-09-25T17:30:09","slug":"kari-uusitalo-on-kuollut","status":"publish","type":"post","link":"https:\/\/www.europesays.com\/fi\/45038\/","title":{"rendered":"Kari Uusitalo on kuollut"},"content":{"rendered":"<p>Elokuva-alan vaikuttaja oli kuollessaan 92-vuotias.<\/p>\n<p><img decoding=\"async\" class=\"image image-show image-preview\" src=\"https:\/\/www.europesays.com\/fi\/wp-content\/uploads\/2025\/09\/bedea98d0531b1e84443092b6ee0b1000fac109933f481720c164b2c7221b9d7.jpg\" alt=\"\"\/><img decoding=\"async\" class=\"image image-show\" src=\"https:\/\/www.europesays.com\/fi\/wp-content\/uploads\/2025\/09\/1758821409_716_bedea98d0531b1e84443092b6ee0b1000fac109933f481720c164b2c7221b9d7.jpg\" alt=\"\"\/><\/p>\n<p>Kari Uusitalo kuoli 23. syyskuuta. Kari Laakso<\/p>\n<p class=\"paragraph\">Elokuvahistorioitsija ja ohjaaja <strong>Kari Uusitalo<\/strong> on kuollut. Kuolemasta kerrotaan Kansallisen audiovisuaalisen instituutin (KAVI) <a href=\"https:\/\/kavi.fi\/kari-uusitalo-in-memoriam\/\" target=\"_blank\" rel=\"noopener nofollow\">julkaisemassa muistokirjoituksessa<\/a>. Uusitaloa muistelee instituutin entinen johtaja <strong>Matti Lukkarila<\/strong>.<\/p>\n<p class=\"paragraph\">Uusitalo oli kuollessaan 92-vuotias. H\u00e4n kuoli tiistaina 23. syyskuuta.<\/p>\n<p class=\"paragraph\">Muistokirjoituksessa Uusitalosta puhutaan \u201dkotimaisen elokuvan pitk\u00e4aikaisimpana ja merkitt\u00e4vimp\u00e4n\u00e4 puolestapuhujana\u201d. H\u00e4nest\u00e4 puhutaan my\u00f6s ihmisen\u00e4, jolla oli suuri ty\u00f6moraali.<\/p>\n<p class=\"paragraph\">Uusitalolle my\u00f6nnettiin elokuvaneuvoksen titteli vuonna 1990. H\u00e4n ty\u00f6skenteli Suomen elokuvas\u00e4\u00e4ti\u00f6ss\u00e4 vuosina 1970\u20131998. H\u00e4net muistetaan erityisesti lukuisista elokuvateollisuutta ja sen historiaa k\u00e4sittelevist\u00e4 tietokirjoista.<\/p>\n<p class=\"paragraph\">Uusitalo k\u00e4sikirjoitti ja ohjasi urallaan muun muassa vuonna 1968 julkaistun Mannerheim \u2013 Suomen marsalkka- ja Urho Kekkonen \u2013 valtiomies, presidentti -dokumentit.<\/p>\n","protected":false},"excerpt":{"rendered":"Elokuva-alan vaikuttaja oli kuollessaan 92-vuotias. Kari Uusitalo kuoli 23. syyskuuta. Kari Laakso Elokuvahistorioitsija ja ohjaaja Kari Uusitalo on&hellip;\n","protected":false},"author":2,"featured_media":45039,"comment_status":"","ping_status":"","sticky":false,"template":"","format":"standard","meta":{"footnotes":""},"categories":[136],"tags":[35,407,137,33,31,30,408,1616,142,637,32,485,140,109],"class_list":{"0":"post-45038","1":"post","2":"type-post","3":"status-publish","4":"format-standard","5":"has-post-thumbnail","7":"category-julkkikset","8":"tag-24h","9":"tag-celebrities","10":"tag-entertainment","11":"tag-fi","12":"tag-finland","13":"tag-finnish","14":"tag-julkkikset","15":"tag-media-viestinta","16":"tag-poliitikot","17":"tag-politiikka","18":"tag-suomi","19":"tag-taide-yleista","20":"tag-tv-ja-elokuvat","21":"tag-viihde"},"share_on_mastodon":{"url":"","error":""},"_links":{"self":[{"href":"https:\/\/www.europesays.com\/fi\/wp-json\/wp\/v2\/posts\/45038","targetHints":{"allow":["GET"]}}],"collection":[{"href":"https:\/\/www.europesays.com\/fi\/wp-json\/wp\/v2\/posts"}],"about":[{"href":"https:\/\/www.europesays.com\/fi\/wp-json\/wp\/v2\/types\/post"}],"author":[{"embeddable":true,"href":"https:\/\/www.europesays.com\/fi\/wp-json\/wp\/v2\/users\/2"}],"replies":[{"embeddable":true,"href":"https:\/\/www.europesays.com\/fi\/wp-json\/wp\/v2\/comments?post=45038"}],"version-history":[{"count":0,"href":"https:\/\/www.europesays.com\/fi\/wp-json\/wp\/v2\/posts\/45038\/revisions"}],"wp:featuredmedia":[{"embeddable":true,"href":"https:\/\/www.europesays.com\/fi\/wp-json\/wp\/v2\/media\/45039"}],"wp:attachment":[{"href":"https:\/\/www.europesays.com\/fi\/wp-json\/wp\/v2\/media?parent=45038"}],"wp:term":[{"taxonomy":"category","embeddable":true,"href":"https:\/\/www.europesays.com\/fi\/wp-json\/wp\/v2\/categories?post=45038"},{"taxonomy":"post_tag","embeddable":true,"href":"https:\/\/www.europesays.com\/fi\/wp-json\/wp\/v2\/tags?post=45038"}],"curies":[{"name":"wp","href":"https:\/\/api.w.org\/{rel}","templated":true}]}}