{"id":45056,"date":"2025-09-25T17:57:09","date_gmt":"2025-09-25T17:57:09","guid":{"rendered":"https:\/\/www.europesays.com\/fi\/45056\/"},"modified":"2025-09-25T17:57:09","modified_gmt":"2025-09-25T17:57:09","slug":"kuparivarkaat-ovat-tuhonneet-alvar-aallon-rakennuksia-espoossa-jo-vuosia-mutta-seiniin-ei-voi-vaihtaa-materiaalia-kotimaa","status":"publish","type":"post","link":"https:\/\/www.europesays.com\/fi\/45056\/","title":{"rendered":"Kuparivarkaat ovat tuhonneet Alvar Aallon rakennuksia Espoossa jo vuosia, mutta seiniin ei voi vaihtaa materiaalia | Kotimaa"},"content":{"rendered":"<p>Juttu tiivistettyn\u00e4<\/p>\n<ul class=\"aw-1jjocuh iJTSwP yle__article__list yle__article__list--ul\">\n<li class=\"aw-1j7gwms kUeLji\">Kuparivarkaudet jatkuvat Aalto-yliopiston kampuksella Espoossa, erityisesti Alvar Aallon suunnittelemissa rakennuksissa.<\/li>\n<li class=\"aw-1j7gwms kUeLji\">Varkaat ovat irrottaneet metrikaupalla kuparipelti\u00e4 ja anastaneet kupariosia opastekylteist\u00e4.<\/li>\n<li class=\"aw-1j7gwms kUeLji\">T\u00e4n\u00e4 vuonna varkauksista on aiheutunut noin 15 000 euron taloudelliset vahingot.<\/li>\n<li class=\"aw-1j7gwms kUeLji\">Aalto-yliopisto on pohtinut kuparin korvaamista muilla materiaaleilla, mutta Museovirasto vastustaa muutoksia rakennusten alkuper\u00e4isiin materiaaleihin.<\/li>\n<\/ul>\n<p class=\"aw-1gybjub aw-1p7kakr cmIuaG fmSRng yle__article__paragraph\">T\u00e4m\u00e4 on teko\u00e4lyn avulla tuotettu, toimittajan tarkistama tiivistelm\u00e4.<\/p>\n<p class=\"aw-1gybjub aw-1p7kakr cmIuaG fmSRng yle__article__paragraph\">Kuparivarkaudet jatkuvat Aalto-yliopiston kampuksella Espoon Otaniemess\u00e4.<\/p>\n<p class=\"aw-1gybjub aw-1p7kakr cmIuaG fmSRng yle__article__paragraph\">Rikollisten j\u00e4ljet ovat paikoin rujoa katsottavaa. Varkaat ovat iskeneet usein Suomen tunnetuimman arkkitehdin <strong class=\"aw-ak79eh KyCXm yle__article__strong\">Alvar Aallon<\/strong> suunnittelemiin punatiilisiin arvorakennuksiin. Niiss\u00e4 on k\u00e4ytetty runsaasti kuparia ikkunoiden ja ovien pieliss\u00e4, kaiteiden p\u00e4\u00e4ll\u00e4, valaisimissa, ilmanvaihtokanavissa sek\u00e4 katoissa.<\/p>\n<p class=\"aw-1gybjub aw-1p7kakr cmIuaG fmSRng yle__article__paragraph\">Hein\u00e4-elokuussa varkaat irrottivat metrikaupalla kuparipelti\u00e4 yhden rakennuksen kivijalasta ja sis\u00e4\u00e4nk\u00e4ynnin edess\u00e4 olevan istuinryhm\u00e4n betonikaiteen p\u00e4\u00e4lt\u00e4. Lis\u00e4ksi kupariosia on viety t\u00e4n\u00e4 vuonna Otaniemess\u00e4 opastekylteist\u00e4.<\/p>\n<p><img decoding=\"async\" alt=\"Varastettu kuparilevy Alvar Aallon suunnittelemassa rakennuksessa Otaniemen kampuksella.\" src=\"https:\/\/www.europesays.com\/fi\/wp-content\/uploads\/2025\/09\/39-152733968d26a531854e.jpeg\" loading=\"lazy\" class=\"aw-1l9m598 hKVVvP\"\/><\/p>\n<p>Avaa kuvien katselu<\/p>\n<p>Varkaat ovat irrottaneet kuparilevyt yhden yliopistorakennuksen sis\u00e4\u00e4nk\u00e4ynnin edess\u00e4 olevan betonikaiteen p\u00e4\u00e4lt\u00e4 useiden metrien matkalta.  Kuva: Ronnie Holmberg \/ Yle<\/p>\n<p class=\"aw-1gybjub aw-1p7kakr cmIuaG fmSRng yle__article__paragraph\">Varkaudet ovat jatkuneet harmittavan pitk\u00e4\u00e4n, sanoo Aalto-yliopistokiinteist\u00f6t Oy:n toimitusjohtaja <strong class=\"aw-ak79eh KyCXm yle__article__strong\">Ville Jokela<\/strong>, joka on ollut kiinteist\u00f6j\u00e4 hallinoivan yhti\u00f6n johdossa kuusi vuotta. Tuona aikana varkaat ovat anastaneet kuparia h\u00e4nen mukaansa joka vuosi.<\/p>\n<p class=\"aw-1gybjub aw-1p7kakr cmIuaG fmSRng yle__article__paragraph\">Kun <a class=\"aw-iao6s4 iHOxEa yle__article__link\" href=\"https:\/\/yle.fi\/a\/3-12426644\" role=\"link\" rel=\"nofollow noopener\" target=\"_blank\">Yle<\/a> teki viimeksi Aalto-yliopistoon kohdistuneista kuparivarkauksista juttua vuonna 2022, varkaat olivat vieneet kuparia kampuksen rakennuksista kiinteist\u00f6j\u00e4 hallinnoivan yhti\u00f6n karkean arvion mukaan vuosien saatossa jo yli 1\u00a0000 kiloa.<\/p>\n<p class=\"aw-1gybjub aw-1p7kakr cmIuaG fmSRng yle__article__paragraph\">T\u00e4n\u00e4 vuonna varkauksista aiheutuneet rahalliset vahingot ovat Jokelan mukaan noin 15\u00a0000 euroa.<\/p>\n<p class=\"aw-1gybjub aw-1p7kakr cmIuaG fmSRng yle__article__paragraph\">Jokela kertoo turhautuneena, ett\u00e4 edes kameravalvonnan lis\u00e4\u00e4minen ei ole merkitt\u00e4v\u00e4sti v\u00e4hent\u00e4nyt varkauksia. Ainoastaan kampus-el\u00e4m\u00e4n vilkastuminen pandemian j\u00e4lkeen n\u00e4ytt\u00e4\u00e4 vaikuttaneen hieman varkauksia v\u00e4hent\u00e4v\u00e4sti.<\/p>\n<p class=\"aw-1gybjub aw-1p7kakr cmIuaG fmSRng yle__article__paragraph\">\u2013 Korona-aikana varkauksia oli viel\u00e4 enemm\u00e4n, ja hetken luulimme sen j\u00e4lkeen niiden jo loppuneet, kunnes varkaat valitettavasti palasivat.<\/p>\n<p class=\"aw-1gybjub aw-1p7kakr cmIuaG fmSRng yle__article__paragraph\">Kampuksella opiskelee l\u00e4hes 20\u00a0000 nuorta yliopistossa ja kahdessa lukiossa. Lis\u00e4ksi Otaniemess\u00e4 sijaitsee my\u00f6s tutkimuslaitoksia ja yrityksi\u00e4. Alueella liikkuu siis paljon ihmisi\u00e4, mik\u00e4 on osaltaan vaikuttanut siihen, ett\u00e4 varkaat eiv\u00e4t k\u00e4y irrottamassa kuparia en\u00e4\u00e4 p\u00e4iv\u00e4saikaan.<\/p>\n<p><img decoding=\"async\" alt=\"Uudenaikainen kuparilevy kiinnitetty muttereilla Alvar Aallon suunnittelemassa entisen Teknillisen korkeakoulun amfiteatterin kaiteeseen.\" src=\"https:\/\/www.europesays.com\/fi\/wp-content\/uploads\/2025\/09\/39-152734468d26a58e7c64.jpeg\" loading=\"lazy\" class=\"aw-1l9m598 hKVVvP\"\/><\/p>\n<p>Avaa kuvien katselu<\/p>\n<p>Aallon suunnitteleman entisen Teknillisen korkeakoulun p\u00e4\u00e4rakennuksen, nykyisen kandidaattikeskuksen, takana olevan amfiteatterin kuparivarkauksia on korjattu vuonna 2021 valmiiksi hapetetulla niin sanotulla vihre\u00e4ll\u00e4 antiikkikuparilla. Kuva: Ronnie Holmberg \/ YleYliopistokiinteist\u00f6t haluaisi korvata kuparin samann\u00e4k\u00f6isell\u00e4 materiaalilla<\/p>\n<p class=\"aw-1gybjub aw-1p7kakr cmIuaG fmSRng yle__article__paragraph\">Koska varkaudet eiv\u00e4t n\u00e4yt\u00e4 loppuvan, Aalto-yliopistokiinteist\u00f6t on pohtinut kuparin korvaamista samann\u00e4k\u00f6isell\u00e4 materiaalilla, joka ei houkuttele varkaita.<\/p>\n<p class=\"aw-1gybjub aw-1p7kakr cmIuaG fmSRng yle__article__paragraph\">\u2013 Olemme miettineet, voisiko ruskean kuparin tilalle laittaa esimerkiksi elaksoitua alumiinia, Jokela sanoo.<\/p>\n<p class=\"aw-1gybjub aw-1p7kakr cmIuaG fmSRng yle__article__paragraph\">Toistaiseksi materiaalin vaihtaminen ei ole h\u00e4nen mukaansa kuitenkaan viel\u00e4 suunnitelmissa, koska rakennusperinn\u00f6n arvon s\u00e4ilymist\u00e4 valvova Museovirasto ei suhtaudu siihen suopeasti. Materiaalin vaihdolla tavoiteltaisiin varkauksien v\u00e4hent\u00e4mist\u00e4 ja rakennusten kunnossa pysymist\u00e4.<\/p>\n<p class=\"aw-1gybjub aw-1p7kakr cmIuaG fmSRng yle__article__paragraph\">\u2013 Ei ole kivaa, ett\u00e4 paikat ovat koko ajan v\u00e4h\u00e4n rempallaan ja kiinteist\u00f6ille voi aiheutua pahimmassa tapauksessa varastelusta esimerkiksi vesivahinkoja, Jokela sanoo.<\/p>\n<p><img decoding=\"async\" alt=\"Uudenaikainen kuparilevy kiinnitetty muttereilla Alvar Aallon suunnittelemassa entisen Teknillisen korkeakoulun amfiteatterin kaiteeseen.\" src=\"https:\/\/www.europesays.com\/fi\/wp-content\/uploads\/2025\/09\/39-152734268d26a56ab91a.jpeg\" class=\"aw-1l9m598 hKVVvP\"\/><img decoding=\"async\" alt=\"Alvar Aallon suunnitteleman entisen Teknillisen korkeakoulun amfiteatterin kaide, miss\u00e4 n\u00e4kyy alkuper\u00e4inen kuparisuoja.\" src=\"https:\/\/www.europesays.com\/fi\/wp-content\/uploads\/2025\/09\/39-152734968d26a5e4b0e2.jpeg\" class=\"aw-1l9m598 hKVVvP\"\/>Kandidaattikeskuksen amfiteatterin uusien kuparien kiinnitystapa poikkeaa merkitt\u00e4v\u00e4sti alkuper\u00e4isest\u00e4, jossa ruuvit eiv\u00e4t n\u00e4y ollenkaan. Jokelan mukaan kiinnitystapaa aiotaan muuttaa alkuper\u00e4isen suuntaan. Kuvat: Ronnie Holmberg \/ Yle (vasen), Ronnie Holmberg \/ Yle (oikea)<\/p>\n<p class=\"aw-1gybjub aw-1p7kakr cmIuaG fmSRng yle__article__paragraph\">H\u00e4nen mukaansa varkaiden kiinnostus kupariin ja muihin metalleihin otetaan nyky\u00e4\u00e4n huomioon kampusrakennusten suunnittelussa.<\/p>\n<p class=\"aw-1gybjub aw-1p7kakr cmIuaG fmSRng yle__article__paragraph\">\u2013 Uusissa rakennuksissa ei ole k\u00e4ytetty julkisivuissa jalometalleja, joita voitaisiin varastaa, Jokela kertoo.<\/p>\n<p>Museovirasto ei l\u00e4mpene materiaalin vaihdolle Alvar Aallon rakennuksissa<\/p>\n<p class=\"aw-1gybjub aw-1p7kakr cmIuaG fmSRng yle__article__paragraph\">Museoviraston yliarkkitehti <strong class=\"aw-ak79eh KyCXm yle__article__strong\">Robin Landsdorff<\/strong> sanoo, ett\u00e4 varkauden pelko tai varkauksien v\u00e4hent\u00e4minen on materiaalin vaihdon perusteena riitt\u00e4m\u00e4t\u00f6n. Asiantuntijan silm\u00e4\u00e4n elaksoitu alumiini ei ole my\u00f6sk\u00e4\u00e4n samann\u00e4k\u00f6inen materiaali. Pikemminkin sit\u00e4 muistuttava.<\/p>\n<p class=\"aw-1gybjub aw-1p7kakr cmIuaG fmSRng yle__article__paragraph\">\u2013 Aalto-yliopistosta ei ole varastettu niin mittavia m\u00e4\u00e4ri\u00e4, ett\u00e4 alkuper\u00e4isen materiaalin vaihtamisesta olisi ollut tarpeen neuvotella, Landsdorff toteaa.<\/p>\n<p><img decoding=\"async\" alt=\"Irtoamaisillaan oleva kuparilevy ikkuinoiden v\u00e4liss\u00e4.\" src=\"https:\/\/www.europesays.com\/fi\/wp-content\/uploads\/2025\/09\/39-152733668d26a4fdba30.jpeg\" loading=\"lazy\" class=\"aw-1l9m598 hKVVvP\"\/><\/p>\n<p>Avaa kuvien katselu<\/p>\n<p>Varkaiden j\u00e4ljet n\u00e4kyv\u00e4t selv\u00e4sti muun muassa Kandidaattikeskuksen ikkunanpieliss\u00e4. Kuva: Ronnie Holmberg \/ Yle<\/p>\n<p class=\"aw-1gybjub aw-1p7kakr cmIuaG fmSRng yle__article__paragraph\">H\u00e4n muistuttaa, ett\u00e4 nimenomaan k\u00e4ytetyist\u00e4 materiaaleista syntyy arvostettu kokonaisuus, jota pidet\u00e4\u00e4n hienona Alvar Aallon tuotannossa. Rakennuksessa on teknisen puolen lis\u00e4ksi my\u00f6s taiteellinen puoli.<\/p>\n<p class=\"aw-1gybjub aw-1p7kakr cmIuaG fmSRng yle__article__paragraph\">\u2013 Kokonaisuutta voi verrata tunnetun maalauksen konservointiin, jossa k\u00e4ytet\u00e4\u00e4n alkuper\u00e4isi\u00e4 materiaaleja, ettei autenttisuus ja eheys k\u00e4rsi.<\/p>\n<p class=\"aw-1gybjub aw-1p7kakr cmIuaG fmSRng yle__article__paragraph\">Yliarkkitehti Landsdorff sanoo, ett\u00e4 Museovirasto jatkaa asiasta keskusteluja Aalto-yliopiston kanssa.<\/p>\n<p>Poliisi: Helsingiss\u00e4 kuparivarkaat eiv\u00e4t ole iskeneet Alvar Aallon rakennuksiin<\/p>\n<p class=\"aw-1gybjub aw-1p7kakr cmIuaG fmSRng yle__article__paragraph\">Poliisilaitosten mukaan Uudellamaalla ja p\u00e4\u00e4kaupunkiseudulla tapahtuu vuosittain kymmeni\u00e4 kuparivarkauksia. Pelk\u00e4st\u00e4\u00e4n Helsingiss\u00e4 kuparivarkauksia tehd\u00e4\u00e4n poliisin mukaan noin 30 vuodessa. Kuparia on rikoksissa anastettu yleens\u00e4 5\u00a0000\u201310\u00a0000 euron arvosta. Rikoksista selvi\u00e4\u00e4 20\u201330 prosenttia, kerrotaan poliisista.<\/p>\n<p class=\"aw-1gybjub aw-1p7kakr cmIuaG fmSRng yle__article__paragraph\">Helsingiss\u00e4 rikolliset eiv\u00e4t ole viime vuosina poliisin mukaan iskeneet Alvar Aallon suunnittelemiin rakennuksiin, joissa on k\u00e4ytetty ajalle tyypillisesti paikoin runsaasti kuparia. Viimeisin tapaus on vuodelta <a class=\"aw-iao6s4 iHOxEa yle__article__link\" href=\"https:\/\/www.is.fi\/kotimaa\/art-2000000535735.html\" role=\"link\" rel=\"nofollow noopener\" target=\"_blank\">2012<\/a>, kun Finlandia-talon ulkokaiteet varastettiin. Kuparivarkaudet painottuvat Uudellamaalla rakennus- ja purkuty\u00f6maihin, kerrotaan poliisista. Niilt\u00e4 vied\u00e4\u00e4n p\u00e4\u00e4asiassa erilaisia kuparia sis\u00e4lt\u00e4vi\u00e4 kaapeleita.<\/p>\n<p class=\"aw-1gybjub aw-1p7kakr cmIuaG fmSRng yle__article__paragraph\">T\u00e4n\u00e4 vuonna kuparia on varastettu Helsingiss\u00e4 my\u00f6s muun muassa Hietaniemen hautausmaalla sijainneesta varastosta. Rikolliset veiv\u00e4t sielt\u00e4 noin 1\u00a0000 metri\u00e4 pitk\u00e4n kuparikelan. Lis\u00e4ksi rosvot ovat anastaneet Hakaniemess\u00e4 sijaitsevasta Lippakioskista kuparisen sein\u00e4levyn.<\/p>\n","protected":false},"excerpt":{"rendered":"Juttu tiivistettyn\u00e4 Kuparivarkaudet jatkuvat Aalto-yliopiston kampuksella Espoossa, erityisesti Alvar Aallon suunnittelemissa rakennuksissa. Varkaat ovat irrottaneet metrikaupalla kuparipelti\u00e4 ja&hellip;\n","protected":false},"author":2,"featured_media":45057,"comment_status":"","ping_status":"","sticky":false,"template":"","format":"standard","meta":{"footnotes":""},"categories":[135],"tags":[444,4484,1001,389,387,388,390,137,400,33,31,30,4576,104,11670,71,11671,11669,2150,3639,581,32,394,393,391,392,1168,5612,109],"class_list":{"0":"post-45056","1":"post","2":"type-post","3":"status-publish","4":"format-standard","5":"has-post-thumbnail","7":"category-taiteet-ja-suunnittelu","8":"tag-aalto-yliopisto","9":"tag-alvar-aalto","10":"tag-arkkitehtuuri","11":"tag-arts","12":"tag-arts-and-design","13":"tag-artsanddesign","14":"tag-design","15":"tag-entertainment","16":"tag-espoo","17":"tag-fi","18":"tag-finland","19":"tag-finnish","20":"tag-helsingin-poliisilaitos","21":"tag-helsinki","22":"tag-ita-uudenmaan-poliisilaitos","23":"tag-kotimaa","24":"tag-kuparivarkaudet","25":"tag-lansi-uudenmaan-poliisilaitos","26":"tag-otaniemi","27":"tag-rakennukset","28":"tag-rikokset","29":"tag-suomi","30":"tag-suunnittelu","31":"tag-taiteet","32":"tag-taiteet-ja-suunnittelu","33":"tag-taiteetsuunnittelu","34":"tag-uusimaa","35":"tag-varkaudet","36":"tag-viihde"},"share_on_mastodon":{"url":"","error":""},"_links":{"self":[{"href":"https:\/\/www.europesays.com\/fi\/wp-json\/wp\/v2\/posts\/45056","targetHints":{"allow":["GET"]}}],"collection":[{"href":"https:\/\/www.europesays.com\/fi\/wp-json\/wp\/v2\/posts"}],"about":[{"href":"https:\/\/www.europesays.com\/fi\/wp-json\/wp\/v2\/types\/post"}],"author":[{"embeddable":true,"href":"https:\/\/www.europesays.com\/fi\/wp-json\/wp\/v2\/users\/2"}],"replies":[{"embeddable":true,"href":"https:\/\/www.europesays.com\/fi\/wp-json\/wp\/v2\/comments?post=45056"}],"version-history":[{"count":0,"href":"https:\/\/www.europesays.com\/fi\/wp-json\/wp\/v2\/posts\/45056\/revisions"}],"wp:featuredmedia":[{"embeddable":true,"href":"https:\/\/www.europesays.com\/fi\/wp-json\/wp\/v2\/media\/45057"}],"wp:attachment":[{"href":"https:\/\/www.europesays.com\/fi\/wp-json\/wp\/v2\/media?parent=45056"}],"wp:term":[{"taxonomy":"category","embeddable":true,"href":"https:\/\/www.europesays.com\/fi\/wp-json\/wp\/v2\/categories?post=45056"},{"taxonomy":"post_tag","embeddable":true,"href":"https:\/\/www.europesays.com\/fi\/wp-json\/wp\/v2\/tags?post=45056"}],"curies":[{"name":"wp","href":"https:\/\/api.w.org\/{rel}","templated":true}]}}