{"id":45058,"date":"2025-09-25T17:59:08","date_gmt":"2025-09-25T17:59:08","guid":{"rendered":"https:\/\/www.europesays.com\/fi\/45058\/"},"modified":"2025-09-25T17:59:08","modified_gmt":"2025-09-25T17:59:08","slug":"yksi-rankka-asia-ttkn-lahetyspaivissa-yllatti-huippu-urheilija-kristiina-makelan","status":"publish","type":"post","link":"https:\/\/www.europesays.com\/fi\/45058\/","title":{"rendered":"Yksi rankka asia TTK:n l\u00e4hetysp\u00e4iviss\u00e4 yll\u00e4tti huippu-urheilija Kristiina M\u00e4kel\u00e4n"},"content":{"rendered":"<p><strong class=\"typography-bold\">Kristiina M\u00e4kel\u00e4 on tottunut kurinalaiseen harjoitteluun, mutta kisap\u00e4iv\u00e4t olivat hyvin erilaisia, kuin Tanssii T\u00e4htien Kanssa -ohjelman suorien l\u00e4hetysten p\u00e4iv\u00e4t.<\/strong><\/p>\n<p><a class=\"underline\" data-testid=\"internal-link\" role=\"link\" data-sentry-element=\"Link\" data-sentry-component=\"InternalLink\" data-sentry-source-file=\"InternalLink.tsx\" href=\"https:\/\/www.mtvuutiset.fi\/aihe\/tanssii-tahtien-kanssa\/2839810\" rel=\"nofollow noopener\" target=\"_blank\">Tanssii T\u00e4htien Kanssa<\/a> -ohjelman kolmannen suoran l\u00e4hetyksen suuria onnistujia olivat entinen kolmiloikkaaja <a class=\"underline\" data-testid=\"internal-link\" role=\"link\" data-sentry-element=\"Link\" data-sentry-component=\"InternalLink\" data-sentry-source-file=\"InternalLink.tsx\" href=\"https:\/\/www.mtvuutiset.fi\/aihe\/kristiina-makela\/7079458\" rel=\"nofollow noopener\" target=\"_blank\"><strong class=\"typography-bold\">Kristiina M\u00e4kel\u00e4<\/strong><\/a><strong class=\"typography-bold\"> <\/strong>sek\u00e4 t\u00e4htiopettaja <a class=\"underline\" data-testid=\"internal-link\" role=\"link\" data-sentry-element=\"Link\" data-sentry-component=\"InternalLink\" data-sentry-source-file=\"InternalLink.tsx\" href=\"https:\/\/www.mtvuutiset.fi\/aihe\/sami-helenius\/8004380\" rel=\"nofollow noopener\" target=\"_blank\"><strong class=\"typography-bold\">Sami Helenius<\/strong><\/a>. T\u00e4htipari p\u00e4\u00e4tti illan hitaalla tanssillaan, joka kirvoitti tuomaristolta ylistyst\u00e4 sek\u00e4 parin t\u00e4h\u00e4n astisen kauden parhaat pisteet.\u00a0<\/p>\n<p>M\u00e4kel\u00e4 kertoi MTV Uutisille odottaneensa kyseist\u00e4 tanssia kaikista eniten t\u00e4h\u00e4n menness\u00e4.<\/p>\n<p>\u2013 Kun on n\u00e4in huippu valmennus, ja sitten, ett\u00e4 se viel\u00e4 onnistuu noin hyvin, niin olen aivan sanoinkuvaamattoman iloinen.\u00a0<\/p>\n<p>My\u00f6s opettajaakin hymyilytti sek\u00e4 tanssin j\u00e4lkeen ett\u00e4 sen aikana. Onnistuminen oli todella hieno.\u00a0<\/p>\n<p>Illan viimeisen\u00e4 parina tanssimisessa on omat haasteensa. T\u00e4htiparien p\u00e4iv\u00e4t studiolla l\u00e4hetysp\u00e4ivin\u00e4 ovat pitki\u00e4, ja oikea vire on pystytt\u00e4v\u00e4 s\u00e4ilytt\u00e4m\u00e4\u00e4n niin, ett\u00e4 se osuu suoritushetkeen. Se on toisaalta sit\u00e4 ty\u00f6t\u00e4, mit\u00e4 M\u00e4kel\u00e4 on itse huippu-urheilijana tehnyt, vaikka siin\u00e4 on my\u00f6s isoja eroja. L\u00e4hetysp\u00e4ivin\u00e4 sama koreografia on jaksettava suorittaa useaan kertaan.\u00a0<\/p>\n<p>Lue lis\u00e4\u00e4: <a class=\"underline\" data-testid=\"internal-link\" role=\"link\" data-sentry-element=\"Link\" data-sentry-component=\"InternalLink\" data-sentry-source-file=\"InternalLink.tsx\" href=\"https:\/\/www.mtvuutiset.fi\/artikkeli\/jukka-haapalainen-ihmeissaan-ttk-n-pudotuksesta-voisiko-tassa-olla-syy\/9227110\" rel=\"nofollow noopener\" target=\"_blank\">Jukka Haapalainen ihmeiss\u00e4\u00e4n TTK:n pudotuksesta: &#8221;Voisiko t\u00e4ss\u00e4 olla syy?&#8221;<\/a><\/p>\n<p>\u2013 Meill\u00e4 on kameraharjoitukset ja kenraaliharjoitus, joka on koko t\u00e4m\u00e4 l\u00e4hetys kerran, niin tuntuu, ett\u00e4 apua, nyth\u00e4n se ter\u00e4vin k\u00e4rki menee. Huippu-urheilussa teht\u00e4isiin niin, ett\u00e4 oltaisiin hiljaa, keskitytt\u00e4isiin, ja sitten ment\u00e4isiin vain kerran tekem\u00e4\u00e4n se mit\u00e4 ollaan tekem\u00e4ss\u00e4.\u00a0<\/p>\n<p>\u2013 Siin\u00e4 mieless\u00e4 t\u00e4m\u00e4 on tosi erilaista ja vaatii sellaista keskittymisen jakamista, ettei joko v\u00e4lit\u00e4 niist\u00e4 virheist\u00e4, joita tulee aikaisemmin, tai sitten menee vain pienemmill\u00e4 h\u00f6yryill\u00e4. Mutta monet asiat on tosi vaikeita tanssissa tehd\u00e4 pienemm\u00e4ll\u00e4 h\u00f6yryll\u00e4, koska sitten ei vaan pysy mukana.\u00a0<\/p>\n<p>Heleniuksen mukaan M\u00e4kel\u00e4 on omaksunut tanssimisen suhteen yhden merkitt\u00e4v\u00e4n asian, joka helpottaa t\u00e4htiopettajan ty\u00f6t\u00e4 suuresti.\u00a0<\/p>\n<p>\u2013 H\u00e4n luottaa kyll\u00e4 vientiini, minulla on sik\u00e4li aika helpot teht\u00e4v\u00e4t. Ei s\u00e4hl\u00e4\u00e4 mit\u00e4\u00e4n omiaan. P\u00e4\u00e4st\u00e4nyt t\u00e4h\u00e4n menness\u00e4 helpolla.\u00a0<\/p>\n<p>Lue my\u00f6s: <a class=\"underline\" data-testid=\"internal-link\" role=\"link\" data-sentry-element=\"Link\" data-sentry-component=\"InternalLink\" data-sentry-source-file=\"InternalLink.tsx\" href=\"https:\/\/www.mtvuutiset.fi\/artikkeli\/kristiina-makela-aloitti-uudenlaisen-elaman-kilpauran-paattymisen-jalkeen-se-on-toteutunut\/9215366\" rel=\"nofollow noopener\" target=\"_blank\">Kristiina M\u00e4kel\u00e4 aloitti uudenlaisen el\u00e4m\u00e4n kilpauran p\u00e4\u00e4ttymisen j\u00e4lkeen: &#8221;Se on toteutunut&#8221;<\/a><strong class=\"typography-bold\">Tanssii T\u00e4htien Kanssa sunnuntaisin klo 19.30 <\/strong><a class=\"underline\" data-testid=\"external-link\" href=\"https:\/\/www.mtv.fi\/sarja\/tanssii-tahtien-kanssa-3608?utm_medium=internal&amp;utm_source=mtvuutiset\" rel=\"noopener noreferrer nofollow\" data-sentry-component=\"ExternalLink\" data-sentry-source-file=\"ExternalLink.tsx\" target=\"_blank\"><strong class=\"typography-bold\">MTV Katsomossa<\/strong><\/a><strong class=\"typography-bold\"> ja MTV3-kanavalla.<\/strong><\/p>\n","protected":false},"excerpt":{"rendered":"Kristiina M\u00e4kel\u00e4 on tottunut kurinalaiseen harjoitteluun, mutta kisap\u00e4iv\u00e4t olivat hyvin erilaisia, kuin Tanssii T\u00e4htien Kanssa -ohjelman suorien l\u00e4hetysten&hellip;\n","protected":false},"author":2,"featured_media":45059,"comment_status":"","ping_status":"","sticky":false,"template":"","format":"standard","meta":{"footnotes":""},"categories":[133],"tags":[137,33,31,30,32,206,156,109],"class_list":{"0":"post-45058","1":"post","2":"type-post","3":"status-publish","4":"format-standard","5":"has-post-thumbnail","7":"category-televisiot","8":"tag-entertainment","9":"tag-fi","10":"tag-finland","11":"tag-finnish","12":"tag-suomi","13":"tag-televisiot","14":"tag-tv","15":"tag-viihde"},"share_on_mastodon":{"url":"","error":""},"_links":{"self":[{"href":"https:\/\/www.europesays.com\/fi\/wp-json\/wp\/v2\/posts\/45058","targetHints":{"allow":["GET"]}}],"collection":[{"href":"https:\/\/www.europesays.com\/fi\/wp-json\/wp\/v2\/posts"}],"about":[{"href":"https:\/\/www.europesays.com\/fi\/wp-json\/wp\/v2\/types\/post"}],"author":[{"embeddable":true,"href":"https:\/\/www.europesays.com\/fi\/wp-json\/wp\/v2\/users\/2"}],"replies":[{"embeddable":true,"href":"https:\/\/www.europesays.com\/fi\/wp-json\/wp\/v2\/comments?post=45058"}],"version-history":[{"count":0,"href":"https:\/\/www.europesays.com\/fi\/wp-json\/wp\/v2\/posts\/45058\/revisions"}],"wp:featuredmedia":[{"embeddable":true,"href":"https:\/\/www.europesays.com\/fi\/wp-json\/wp\/v2\/media\/45059"}],"wp:attachment":[{"href":"https:\/\/www.europesays.com\/fi\/wp-json\/wp\/v2\/media?parent=45058"}],"wp:term":[{"taxonomy":"category","embeddable":true,"href":"https:\/\/www.europesays.com\/fi\/wp-json\/wp\/v2\/categories?post=45058"},{"taxonomy":"post_tag","embeddable":true,"href":"https:\/\/www.europesays.com\/fi\/wp-json\/wp\/v2\/tags?post=45058"}],"curies":[{"name":"wp","href":"https:\/\/api.w.org\/{rel}","templated":true}]}}