{"id":45060,"date":"2025-09-25T18:01:07","date_gmt":"2025-09-25T18:01:07","guid":{"rendered":"https:\/\/www.europesays.com\/fi\/45060\/"},"modified":"2025-09-25T18:01:07","modified_gmt":"2025-09-25T18:01:07","slug":"suomalaispelastajat-syoksyvat-tulimereen-vaikuttavassa-dokumentissa","status":"publish","type":"post","link":"https:\/\/www.europesays.com\/fi\/45060\/","title":{"rendered":"Suomalaispelastajat sy\u00f6ksyv\u00e4t tulimereen vaikuttavassa dokumentissa"},"content":{"rendered":"<p>Elokuva-arvio|Portugalin mets\u00e4paloja sammuttavat suomalaiset pelastajat toimivat \u00e4\u00e4rimm\u00e4isiss\u00e4 olosuhteissa John Websterin dokumentissa.<\/p>\n<p class=\"article-body mb-nof-24 px-nof-16\">Dokumentti<\/p>\n<p class=\"article-body mb-nof-24 px-nof-16\">Palava maa, ohjaus John Webster. 102 min. K7. \u2605\u2605\u2605\u2605<\/p>\n<p class=\"article-body mb-nof-24 px-nof-16\">Dokumentti on elokuva ajasta ja yleens\u00e4 ajankohtainen. Ohjaaja <a class=\"article-personlink\" href=\"https:\/\/www.hs.fi\/haku\/?query=John%20Websterin\" rel=\"nofollow noopener\" target=\"_blank\">John Websterin <\/a>Palava maa onnistuu silti ylitt\u00e4m\u00e4\u00e4n odotukset.<\/p>\n<p class=\"article-body mb-nof-24 px-nof-16\">Sen ydinaihe on nyt viel\u00e4kin polttavampi kuin vuosi sitten elokuussa, dokumentin kuvausaikana.<\/p>\n","protected":false},"excerpt":{"rendered":"Elokuva-arvio|Portugalin mets\u00e4paloja sammuttavat suomalaiset pelastajat toimivat \u00e4\u00e4rimm\u00e4isiss\u00e4 olosuhteissa John Websterin dokumentissa. Dokumentti Palava maa, ohjaus John Webster. 102&hellip;\n","protected":false},"author":2,"featured_media":45061,"comment_status":"","ping_status":"","sticky":false,"template":"","format":"standard","meta":{"footnotes":""},"categories":[131],"tags":[155,137,33,173,31,30,46,172,32,109],"class_list":{"0":"post-45060","1":"post","2":"type-post","3":"status-publish","4":"format-standard","5":"has-post-thumbnail","7":"category-elokuvat","8":"tag-elokuvat","9":"tag-entertainment","10":"tag-fi","11":"tag-film","12":"tag-finland","13":"tag-finnish","14":"tag-helsingin-sanomat","15":"tag-movies","16":"tag-suomi","17":"tag-viihde"},"share_on_mastodon":{"url":"","error":""},"_links":{"self":[{"href":"https:\/\/www.europesays.com\/fi\/wp-json\/wp\/v2\/posts\/45060","targetHints":{"allow":["GET"]}}],"collection":[{"href":"https:\/\/www.europesays.com\/fi\/wp-json\/wp\/v2\/posts"}],"about":[{"href":"https:\/\/www.europesays.com\/fi\/wp-json\/wp\/v2\/types\/post"}],"author":[{"embeddable":true,"href":"https:\/\/www.europesays.com\/fi\/wp-json\/wp\/v2\/users\/2"}],"replies":[{"embeddable":true,"href":"https:\/\/www.europesays.com\/fi\/wp-json\/wp\/v2\/comments?post=45060"}],"version-history":[{"count":0,"href":"https:\/\/www.europesays.com\/fi\/wp-json\/wp\/v2\/posts\/45060\/revisions"}],"wp:featuredmedia":[{"embeddable":true,"href":"https:\/\/www.europesays.com\/fi\/wp-json\/wp\/v2\/media\/45061"}],"wp:attachment":[{"href":"https:\/\/www.europesays.com\/fi\/wp-json\/wp\/v2\/media?parent=45060"}],"wp:term":[{"taxonomy":"category","embeddable":true,"href":"https:\/\/www.europesays.com\/fi\/wp-json\/wp\/v2\/categories?post=45060"},{"taxonomy":"post_tag","embeddable":true,"href":"https:\/\/www.europesays.com\/fi\/wp-json\/wp\/v2\/tags?post=45060"}],"curies":[{"name":"wp","href":"https:\/\/api.w.org\/{rel}","templated":true}]}}