{"id":45070,"date":"2025-09-25T18:09:10","date_gmt":"2025-09-25T18:09:10","guid":{"rendered":"https:\/\/www.europesays.com\/fi\/45070\/"},"modified":"2025-09-25T18:09:10","modified_gmt":"2025-09-25T18:09:10","slug":"toyotalta-iso-investointi-keski-suomeen-nyt-tuli-hyva-uutinen-iltalehti","status":"publish","type":"post","link":"https:\/\/www.europesays.com\/fi\/45070\/","title":{"rendered":"Toyotalta iso investointi Keski-Suomeen \u2013 Nyt tuli hyv\u00e4 uutinen &#8211; Iltalehti"},"content":{"rendered":"<ol>\n<li><a href=\"https:\/\/news.google.com\/rss\/articles\/CBMieEFVX3lxTE9kLXc2dW52bndNb3A4RFR6SmNKdzJsTzVSZW1lR2d4MTl6MFQtVUp6dVNOekFJOWc5X3RSWUQ3ck9HVTBBdlg2MFRPWmFkTUZ0QXEzNmRKMGt4ZzJrNHJFMFZILTBTaDZIZHduZzBqa1dwLTJpaS13Xw?oc=5\" target=\"_blank\" rel=\"nofollow noopener\">Toyotalta iso investointi Keski-Suomeen \u2013 Nyt tuli hyv\u00e4 uutinen<\/a>&nbsp;&nbsp;Iltalehti<\/li>\n<li><a href=\"https:\/\/news.google.com\/rss\/articles\/CBMiQkFVX3lxTE02QU94Qm5HOTdyTU0teTlSTHVlckN5NE5ELXh0RTBHSmRBY1ItNDFjVHFiY2hnNnZYTFk0YzFBeHVPUQ?oc=5\" target=\"_blank\" rel=\"nofollow noopener\">Valitukset Toyotan rallitallin ymp\u00e4rist\u00f6luvasta nurin Jyv\u00e4skyl\u00e4ss\u00e4<\/a>&nbsp;&nbsp;Yle<\/li>\n<li><a href=\"https:\/\/news.google.com\/rss\/articles\/CBMia0FVX3lxTE84Zl9XQURxNDdwWHVjbnZyQkpfVVNuNEVoVmNoU3RPaEZ5dnRobXBvdUstTUhMTG45VWR4eERfc1dRX1BwbUR4QXotRXZnZElxa3FqWU41eFkwQndIQ2tQTE1wcEpBRjFDUlc0?oc=5\" target=\"_blank\" rel=\"nofollow noopener\">Toyotan WRC-tallille mahtava uutinen!<\/a>&nbsp;&nbsp;Rallit.fi<\/li>\n<li><a href=\"https:\/\/news.google.com\/rss\/articles\/CBMiUEFVX3lxTFBqdDg3alVuQTZaLWFXX1JZenhmbFhtNFdyc3g4b1d0eG02VmVnRVJRS0EyWWh0U2JVdjJfa1VBVk5NVzhlM2tSSFFLd2ozUXY3?oc=5\" target=\"_blank\" rel=\"nofollow noopener\">Toyotasta tuli Jyv\u00e4skyl\u00e4lle superkumppani \u2013 &#8221;Ei ole viel\u00e4 ihan ymm\u00e4rretty, miten iso mahdollisuus yhteisty\u00f6 on&#8221;<\/a>&nbsp;&nbsp;Keskisuomalainen<\/li>\n<li><a href=\"https:\/\/news.google.com\/rss\/articles\/CBMinAFBVV95cUxNRF9ySDFueHZ2S01qbjdQQ0tlTDI0a0NlYUxKLXVpZ0JtNXB6Nl9CaDR0Z1ozUS1ZWmN1R0VVTnZhOS04ZXMydllKZURJWXl4ZVlBTUFxcUF1dWQ2bU5kNXhOaHloX09jNGJrYUJSYzRWUzNLVnd3dkpYR3pKMmhxM3N4RXgzN0VXZUJ0QzhNMUlxR3FzaDJvVnpfdV8?oc=5\" target=\"_blank\" rel=\"nofollow noopener\">Toyotan WRC-tiimin j\u00e4ttim\u00e4inen hanke nytk\u00e4hti eteenp\u00e4in<\/a>&nbsp;&nbsp;Sportti.com<\/li>\n<\/ol>\n","protected":false},"excerpt":{"rendered":"Toyotalta iso investointi Keski-Suomeen \u2013 Nyt tuli hyv\u00e4 uutinen&nbsp;&nbsp;Iltalehti Valitukset Toyotan rallitallin ymp\u00e4rist\u00f6luvasta nurin Jyv\u00e4skyl\u00e4ss\u00e4&nbsp;&nbsp;Yle Toyotan WRC-tallille mahtava&hellip;\n","protected":false},"author":2,"featured_media":45071,"comment_status":"","ping_status":"","sticky":false,"template":"","format":"standard","meta":{"footnotes":""},"categories":[12],"tags":[35,648,22,23,26,27,33,31,30,17,53,24,25,41,28,29,82,15,18,21,32,128,19,20,16],"class_list":{"0":"post-45070","1":"post","2":"type-post","3":"status-publish","4":"format-standard","5":"has-post-thumbnail","7":"category-suomi","8":"tag-24h","9":"tag-autot","10":"tag-breaking-news","11":"tag-breakingnews","12":"tag-featured-news","13":"tag-featurednews","14":"tag-fi","15":"tag-finland","16":"tag-finnish","17":"tag-headlines","18":"tag-laki-oikeus-ja-rikos","19":"tag-latest-news","20":"tag-latestnews","21":"tag-liikunta-ja-urheilu","22":"tag-main-news","23":"tag-mainnews","24":"tag-moottoriajoneuvot","25":"tag-news","26":"tag-otsikot","27":"tag-paauutiset","28":"tag-suomi","29":"tag-tieliikenne","30":"tag-top-stories","31":"tag-topstories","32":"tag-uutiset"},"share_on_mastodon":{"url":"","error":""},"_links":{"self":[{"href":"https:\/\/www.europesays.com\/fi\/wp-json\/wp\/v2\/posts\/45070","targetHints":{"allow":["GET"]}}],"collection":[{"href":"https:\/\/www.europesays.com\/fi\/wp-json\/wp\/v2\/posts"}],"about":[{"href":"https:\/\/www.europesays.com\/fi\/wp-json\/wp\/v2\/types\/post"}],"author":[{"embeddable":true,"href":"https:\/\/www.europesays.com\/fi\/wp-json\/wp\/v2\/users\/2"}],"replies":[{"embeddable":true,"href":"https:\/\/www.europesays.com\/fi\/wp-json\/wp\/v2\/comments?post=45070"}],"version-history":[{"count":0,"href":"https:\/\/www.europesays.com\/fi\/wp-json\/wp\/v2\/posts\/45070\/revisions"}],"wp:featuredmedia":[{"embeddable":true,"href":"https:\/\/www.europesays.com\/fi\/wp-json\/wp\/v2\/media\/45071"}],"wp:attachment":[{"href":"https:\/\/www.europesays.com\/fi\/wp-json\/wp\/v2\/media?parent=45070"}],"wp:term":[{"taxonomy":"category","embeddable":true,"href":"https:\/\/www.europesays.com\/fi\/wp-json\/wp\/v2\/categories?post=45070"},{"taxonomy":"post_tag","embeddable":true,"href":"https:\/\/www.europesays.com\/fi\/wp-json\/wp\/v2\/tags?post=45070"}],"curies":[{"name":"wp","href":"https:\/\/api.w.org\/{rel}","templated":true}]}}