{"id":45118,"date":"2025-09-25T19:21:08","date_gmt":"2025-09-25T19:21:08","guid":{"rendered":"https:\/\/www.europesays.com\/fi\/45118\/"},"modified":"2025-09-25T19:21:08","modified_gmt":"2025-09-25T19:21:08","slug":"sss-miikka-muurinen-siirtymassa-yllattaen-serbian-suurseuraan","status":"publish","type":"post","link":"https:\/\/www.europesays.com\/fi\/45118\/","title":{"rendered":"SSS: Miikka Muurinen siirtym\u00e4ss\u00e4 yll\u00e4tt\u00e4en Serbian suurseuraan"},"content":{"rendered":"<p>Koripallo|Miikka Muurinen on siirtym\u00e4ss\u00e4 Partizan Belgradiin.<\/p>\n<p class=\"article-body mb-nof-24 px-nof-16\">Suomalaisen koripallon suurlupaus <a class=\"article-personlink\" href=\"https:\/\/www.hs.fi\/haku\/?query=Miikka%20Muurinen\" rel=\"nofollow noopener\" target=\"_blank\">Miikka Muurinen<\/a> on siirtym\u00e4ss\u00e4 AZ Compass Prep -lukiojoukkueesta Yhdysvalloista yll\u00e4tt\u00e4v\u00e4\u00e4n osoitteeseen. Salon Seudun Sanomat (SSS) <a class=\"article-genericlink\" href=\"https:\/\/www.sss.fi\/2025\/09\/lahteet-susijengin-komeetta-siirtymassa-serbian-suurseuraan\/\" rel=\"nofollow noopener\" target=\"_blank\">kertoi<\/a> torstai-iltana, ett\u00e4 Muurinen, 18, on siirtym\u00e4ss\u00e4 Euroliigassa pelaavaan serbialaiseen suurseuraan Partizan Belgradiin.<\/p>\n<p class=\"article-body mb-nof-24 px-nof-16\">Asiasta ovat kertoneet Baseline Insiders <a class=\"article-genericlink\" href=\"https:\/\/x.com\/BaselineInsider\/status\/1971231533408411806\" rel=\"nofollow\">viestipalvelu X:ss\u00e4 <\/a>ja <a class=\"article-genericlink\" href=\"https:\/\/www.sport24.gr\/basket\/i-partizan-se-diapragmatefseis-me-ton-mika-mourinen\/\" rel=\"nofollow noopener\" target=\"_blank\">kreikkalaissivusto<\/a> Sport24. SSS:n l\u00e4hteen mukaan Muurinen on neuvottelemassa sopimuksesta Partizanin kanssa.<\/p>\n<p class=\"article-body mb-nof-24 px-nof-16\">Muurinen s\u00e4v\u00e4ytti hienoilla otteillaan miesten EM-lopputurnauksessa, vaikka pelasikin kohtuullisen v\u00e4h\u00e4isi\u00e4 minuutteja turnauksen pronssiotteluun ylt\u00e4neess\u00e4 Suomen joukkueessa. NBA-koripalloliigan ensi kes\u00e4n draftiin Muurisesta odotetaan ensimm\u00e4isen kierroksen varausta.<\/p>\n","protected":false},"excerpt":{"rendered":"Koripallo|Miikka Muurinen on siirtym\u00e4ss\u00e4 Partizan Belgradiin. Suomalaisen koripallon suurlupaus Miikka Muurinen on siirtym\u00e4ss\u00e4 AZ Compass Prep -lukiojoukkueesta Yhdysvalloista&hellip;\n","protected":false},"author":2,"featured_media":45119,"comment_status":"","ping_status":"","sticky":false,"template":"","format":"standard","meta":{"footnotes":""},"categories":[158],"tags":[33,31,30,46,159,32,160],"class_list":{"0":"post-45118","1":"post","2":"type-post","3":"status-publish","4":"format-standard","5":"has-post-thumbnail","7":"category-urheilu","8":"tag-fi","9":"tag-finland","10":"tag-finnish","11":"tag-helsingin-sanomat","12":"tag-sports","13":"tag-suomi","14":"tag-urheilu"},"share_on_mastodon":{"url":"","error":""},"_links":{"self":[{"href":"https:\/\/www.europesays.com\/fi\/wp-json\/wp\/v2\/posts\/45118","targetHints":{"allow":["GET"]}}],"collection":[{"href":"https:\/\/www.europesays.com\/fi\/wp-json\/wp\/v2\/posts"}],"about":[{"href":"https:\/\/www.europesays.com\/fi\/wp-json\/wp\/v2\/types\/post"}],"author":[{"embeddable":true,"href":"https:\/\/www.europesays.com\/fi\/wp-json\/wp\/v2\/users\/2"}],"replies":[{"embeddable":true,"href":"https:\/\/www.europesays.com\/fi\/wp-json\/wp\/v2\/comments?post=45118"}],"version-history":[{"count":0,"href":"https:\/\/www.europesays.com\/fi\/wp-json\/wp\/v2\/posts\/45118\/revisions"}],"wp:featuredmedia":[{"embeddable":true,"href":"https:\/\/www.europesays.com\/fi\/wp-json\/wp\/v2\/media\/45119"}],"wp:attachment":[{"href":"https:\/\/www.europesays.com\/fi\/wp-json\/wp\/v2\/media?parent=45118"}],"wp:term":[{"taxonomy":"category","embeddable":true,"href":"https:\/\/www.europesays.com\/fi\/wp-json\/wp\/v2\/categories?post=45118"},{"taxonomy":"post_tag","embeddable":true,"href":"https:\/\/www.europesays.com\/fi\/wp-json\/wp\/v2\/tags?post=45118"}],"curies":[{"name":"wp","href":"https:\/\/api.w.org\/{rel}","templated":true}]}}