{"id":45421,"date":"2025-09-26T03:43:10","date_gmt":"2025-09-26T03:43:10","guid":{"rendered":"https:\/\/www.europesays.com\/fi\/45421\/"},"modified":"2025-09-26T03:43:10","modified_gmt":"2025-09-26T03:43:10","slug":"keskusta-jattaa-valikysymyksen-tyottomyydesta-liike-nytin-kanssa-ei-ota-vasemmistopuolueita-mukaan-valikysymykseen-politiikka","status":"publish","type":"post","link":"https:\/\/www.europesays.com\/fi\/45421\/","title":{"rendered":"Keskusta j\u00e4tt\u00e4\u00e4 v\u00e4likysymyksen ty\u00f6tt\u00f6myydest\u00e4 Liike Nytin kanssa \u2013 ei ota vasemmistopuolueita mukaan v\u00e4likysymykseen | Politiikka"},"content":{"rendered":"<p class=\"aw-1gybjub aw-5vja16 cmIuaG zKETg yle__article__paragraph\">Keskusta perustelee vasemmistopuolueiden j\u00e4tt\u00e4mist\u00e4 v\u00e4likysymyksen ulkopuolelle linjaeroilla.<\/p>\n<p><img decoding=\"async\" alt=\"Antti Kurvinen eduskunnan kyselytunnilla.\" src=\"https:\/\/www.europesays.com\/fi\/wp-content\/uploads\/2025\/09\/39-151764568b99690e3e94.jpeg\" class=\"aw-1l9m598 hKVVvP\"\/><\/p>\n<p>Avaa kuvien katselu<\/p>\n<p>Keskustan eduskuntaryhm\u00e4n puheenjohtaja Antti Kurvinen suomii hallitusta ty\u00f6llisyyden hoidosta. Kuva: Silja Viitala \/ Yle<\/p>\n<p>25.9. 16:01\u2022P\u00e4ivitetty 25.9. 16:31<\/p>\n<p class=\"aw-1gybjub aw-1p7kakr cmIuaG fmSRng yle__article__paragraph\">Keskusta on p\u00e4\u00e4tt\u00e4nyt j\u00e4tt\u00e4\u00e4 v\u00e4likysymyksen ty\u00f6tt\u00f6myydest\u00e4 Liike Nytin kanssa. Puolue ei toisin sanoen ota v\u00e4likysymykseens\u00e4 mukaan SDP:t\u00e4, vasemmistoliittoa eik\u00e4 vihreit\u00e4.<\/p>\n<p class=\"aw-1gybjub aw-1p7kakr cmIuaG fmSRng yle__article__paragraph\">Keskustan eduskuntaryhm\u00e4n puheenjohtaja <strong class=\"aw-ak79eh KyCXm yle__article__strong\">Antti Kurvinen<\/strong> perusteli p\u00e4\u00e4t\u00f6st\u00e4 linjaeroilla muiden kysymyksen ulkopuolelle j\u00e4\u00e4vien puolueiden kanssa.<\/p>\n<p class=\"aw-1gybjub aw-1p7kakr cmIuaG fmSRng yle__article__paragraph\">\u2013 Kaikilla oppositiopuolueilla on varmasti huolta ty\u00f6tt\u00f6myydest\u00e4, mutta keinot ty\u00f6llisyyden hoitamiseen ovat niin erilaiset vasemmistolla kuin meill\u00e4, Kurvinen sanoi.<\/p>\n<p class=\"aw-1gybjub aw-1p7kakr cmIuaG fmSRng yle__article__paragraph\">Kurvisen mukaan keskusta keskittyy talouskasvun ja yritt\u00e4jyyteen kannustamiseen sek\u00e4 yritysveroreformiin. Keskusta on pitk\u00e4\u00e4n pit\u00e4nyt esill\u00e4 Viron veromallia, jossa voitot saisi pit\u00e4\u00e4 yrityksen sis\u00e4ll\u00e4, mik\u00e4li niit\u00e4 k\u00e4ytett\u00e4isiin investointeihin.<\/p>\n<p class=\"aw-1gybjub aw-1p7kakr cmIuaG fmSRng yle__article__paragraph\">Liike Nytin kanssa puolue Kurvisen mukaan pystyy muodostamaan helpommin yhteisen v\u00e4likysymystekstin. Kurvinen ei avannut medialle sit\u00e4, milloin puolue on j\u00e4tt\u00e4m\u00e4ss\u00e4 v\u00e4likysymyksens\u00e4.<\/p>\n<p class=\"aw-1gybjub aw-1p7kakr cmIuaG fmSRng yle__article__paragraph\">Tilastokeskus julkaisi t\u00e4ll\u00e4 viikolla ty\u00f6tt\u00f6myysluvut, jotka ovat heikoimmat sitten vuoden 2008, jolloin se aloitti nykyisen mittaustapansa. Ty\u00f6tt\u00f6myysasteen trendiluku nousi elokuussa tasan 10 prosenttiin.<\/p>\n","protected":false},"excerpt":{"rendered":"Keskusta perustelee vasemmistopuolueiden j\u00e4tt\u00e4mist\u00e4 v\u00e4likysymyksen ulkopuolelle linjaeroilla. Avaa kuvien katselu Keskustan eduskuntaryhm\u00e4n puheenjohtaja Antti Kurvinen suomii hallitusta ty\u00f6llisyyden&hellip;\n","protected":false},"author":2,"featured_media":45422,"comment_status":"","ping_status":"","sticky":false,"template":"","format":"standard","meta":{"footnotes":""},"categories":[5],"tags":[11722,22,23,26,27,33,31,30,17,24,25,28,29,15,18,21,637,32,78,19,20,861,1955,16,11721,11723,9859],"class_list":{"0":"post-45421","1":"post","2":"type-post","3":"status-publish","4":"format-standard","5":"has-post-thumbnail","7":"category-otsikot","8":"tag-antti-kurvinen","9":"tag-breaking-news","10":"tag-breakingnews","11":"tag-featured-news","12":"tag-featurednews","13":"tag-fi","14":"tag-finland","15":"tag-finnish","16":"tag-headlines","17":"tag-latest-news","18":"tag-latestnews","19":"tag-main-news","20":"tag-mainnews","21":"tag-news","22":"tag-otsikot","23":"tag-paauutiset","24":"tag-politiikka","25":"tag-suomi","26":"tag-talous","27":"tag-top-stories","28":"tag-topstories","29":"tag-tyollisyys-ja-tyottomyys","30":"tag-tyottomyys","31":"tag-uutiset","32":"tag-valikysymykset","33":"tag-valikysymyskeskustelu","34":"tag-vasemmistopuolueet"},"share_on_mastodon":{"url":"","error":""},"_links":{"self":[{"href":"https:\/\/www.europesays.com\/fi\/wp-json\/wp\/v2\/posts\/45421","targetHints":{"allow":["GET"]}}],"collection":[{"href":"https:\/\/www.europesays.com\/fi\/wp-json\/wp\/v2\/posts"}],"about":[{"href":"https:\/\/www.europesays.com\/fi\/wp-json\/wp\/v2\/types\/post"}],"author":[{"embeddable":true,"href":"https:\/\/www.europesays.com\/fi\/wp-json\/wp\/v2\/users\/2"}],"replies":[{"embeddable":true,"href":"https:\/\/www.europesays.com\/fi\/wp-json\/wp\/v2\/comments?post=45421"}],"version-history":[{"count":0,"href":"https:\/\/www.europesays.com\/fi\/wp-json\/wp\/v2\/posts\/45421\/revisions"}],"wp:featuredmedia":[{"embeddable":true,"href":"https:\/\/www.europesays.com\/fi\/wp-json\/wp\/v2\/media\/45422"}],"wp:attachment":[{"href":"https:\/\/www.europesays.com\/fi\/wp-json\/wp\/v2\/media?parent=45421"}],"wp:term":[{"taxonomy":"category","embeddable":true,"href":"https:\/\/www.europesays.com\/fi\/wp-json\/wp\/v2\/categories?post=45421"},{"taxonomy":"post_tag","embeddable":true,"href":"https:\/\/www.europesays.com\/fi\/wp-json\/wp\/v2\/tags?post=45421"}],"curies":[{"name":"wp","href":"https:\/\/api.w.org\/{rel}","templated":true}]}}