{"id":45466,"date":"2025-09-26T04:51:16","date_gmt":"2025-09-26T04:51:16","guid":{"rendered":"https:\/\/www.europesays.com\/fi\/45466\/"},"modified":"2025-09-26T04:51:16","modified_gmt":"2025-09-26T04:51:16","slug":"fear-of-domination-tayttaa-pyoreita-asiaa-juhlitaan-levylla-ja-kiertueella","status":"publish","type":"post","link":"https:\/\/www.europesays.com\/fi\/45466\/","title":{"rendered":"Fear of Domination t\u00e4ytt\u00e4\u00e4 py\u00f6reit\u00e4 &#8211; asiaa juhlitaan levyll\u00e4 ja kiertueella"},"content":{"rendered":"<p>Vuonna 2006 uransa aloittanut <strong>Fear of Domination<\/strong> aktivoituu toden teolla ja juhlistaa py\u00f6reit\u00e4 vuosiaan niin uudella albumilla kuin kiertueella.<\/p>\n<p>Edellisen pitk\u00e4soittonsa 2021 julkaissut b\u00e4ndi palaa albumikantaan tammikuussa 2026. Ensimm\u00e4inen singlemaistiainen tulevalta levylt\u00e4 saadaan lokakuun lopussa. Levynjulkaisukiertue alkaa 10.1. Espoosta ja shokkimetalli raikaa my\u00f6s Kouvolassa, Helsingiss\u00e4, Turussa, Tampereella, Jyv\u00e4skyl\u00e4ss\u00e4 ja Oulussa.<\/p>\n<p>\u201dEmme malta odottaa iske\u00e4 takaisin lavoille. Kuitenkin Fear of Domination on aina el\u00e4nyt lavoilla yleis\u00f6ns\u00e4 kautta, joten b\u00e4ndiss\u00e4kin aistii odotuksen ja innon. N\u00e4lk\u00e4 on suuri, joten pidettiin ohjelmatoimisto Nem Agencyn kanssa huoli, ett\u00e4 ymp\u00e4ri Suomen p\u00e4\u00e4st\u00e4\u00e4n todistamaan t\u00e4t\u00e4 sielunmessua\u201d, toteaa perustajaj\u00e4sen ja laulaja <strong>Saku Solin<\/strong>.<\/p>\n<p>\u201dKaiken t\u00e4m\u00e4n veren, hien ja kyynelten j\u00e4lkeen on aika k\u00e4\u00e4nt\u00e4\u00e4 uusi sivu Fear of Dominationille. Haluan, ett\u00e4 te kaikki liitytte mukaan!\u201d<\/p>\n<p>Levynjulkaisukiertue etenee seuraavasti:<br \/>La 10.1.2026 Espoo, Louhisali<br \/>Pe 16.1.2026 Kouvola, House of Rock<br \/>La 17.1.2026 Helsinki, On the Rocks<br \/>Pe 23.1.2026 Turku, Apollo<br \/>La 24.1.2026 Tampere, Olympia-kortteli<br \/>Pe 30.1.2026 Jyv\u00e4skyl\u00e4, Freetime<br \/>La 31.1.2026 Oulu, Kantakrouvi, Winter Massacre Festival<\/p>\n","protected":false},"excerpt":{"rendered":"Vuonna 2006 uransa aloittanut Fear of Domination aktivoituu toden teolla ja juhlistaa py\u00f6reit\u00e4 vuosiaan niin uudella albumilla kuin&hellip;\n","protected":false},"author":2,"featured_media":45467,"comment_status":"","ping_status":"","sticky":false,"template":"","format":"standard","meta":{"footnotes":""},"categories":[132],"tags":[137,33,31,30,1039,195,47,32,1245,109],"class_list":{"0":"post-45466","1":"post","2":"type-post","3":"status-publish","4":"format-standard","5":"has-post-thumbnail","7":"category-musiikki","8":"tag-entertainment","9":"tag-fi","10":"tag-finland","11":"tag-finnish","12":"tag-keikkauutiset","13":"tag-music","14":"tag-musiikki","15":"tag-suomi","16":"tag-tuleva-levy","17":"tag-viihde"},"share_on_mastodon":{"url":"","error":""},"_links":{"self":[{"href":"https:\/\/www.europesays.com\/fi\/wp-json\/wp\/v2\/posts\/45466","targetHints":{"allow":["GET"]}}],"collection":[{"href":"https:\/\/www.europesays.com\/fi\/wp-json\/wp\/v2\/posts"}],"about":[{"href":"https:\/\/www.europesays.com\/fi\/wp-json\/wp\/v2\/types\/post"}],"author":[{"embeddable":true,"href":"https:\/\/www.europesays.com\/fi\/wp-json\/wp\/v2\/users\/2"}],"replies":[{"embeddable":true,"href":"https:\/\/www.europesays.com\/fi\/wp-json\/wp\/v2\/comments?post=45466"}],"version-history":[{"count":0,"href":"https:\/\/www.europesays.com\/fi\/wp-json\/wp\/v2\/posts\/45466\/revisions"}],"wp:featuredmedia":[{"embeddable":true,"href":"https:\/\/www.europesays.com\/fi\/wp-json\/wp\/v2\/media\/45467"}],"wp:attachment":[{"href":"https:\/\/www.europesays.com\/fi\/wp-json\/wp\/v2\/media?parent=45466"}],"wp:term":[{"taxonomy":"category","embeddable":true,"href":"https:\/\/www.europesays.com\/fi\/wp-json\/wp\/v2\/categories?post=45466"},{"taxonomy":"post_tag","embeddable":true,"href":"https:\/\/www.europesays.com\/fi\/wp-json\/wp\/v2\/tags?post=45466"}],"curies":[{"name":"wp","href":"https:\/\/api.w.org\/{rel}","templated":true}]}}