{"id":45468,"date":"2025-09-26T04:54:08","date_gmt":"2025-09-26T04:54:08","guid":{"rendered":"https:\/\/www.europesays.com\/fi\/45468\/"},"modified":"2025-09-26T04:54:08","modified_gmt":"2025-09-26T04:54:08","slug":"jesse-puljujarvi-muutti-sveitsiin-rahaa-kuluu-pitaa-syoda-ihan-hirveasti","status":"publish","type":"post","link":"https:\/\/www.europesays.com\/fi\/45468\/","title":{"rendered":"Jesse Puljuj\u00e4rvi muutti Sveitsiin \u2013 rahaa kuluu: \u201dPit\u00e4\u00e4 sy\u00f6d\u00e4 ihan hirve\u00e4sti\u201d"},"content":{"rendered":"<p>Jesse Puljuj\u00e4rven kausi on alkanut vahvasti.<\/p>\n<p class=\"article-body mb-nof-24 px-nof-16\">Hyv\u00e4 olo huokuu <a class=\"article-personlink\" href=\"https:\/\/www.is.fi\/haku\/?query=Jesse%20Puljuj%C3%A4rvest%C3%A4\" rel=\"nofollow noopener\" target=\"_blank\">Jesse Puljuj\u00e4rvest\u00e4<\/a>, kun h\u00e4n ruotii alkukauden pelisuorituksiaan Sveitsin p\u00e4\u00e4sarjassa ja Gen\u00e8ve-Servetten joukkueessa.<\/p>\n<p class=\"article-body mb-nof-24 px-nof-16\">Tyytyv\u00e4isyyteen onkin aihetta, sill\u00e4 27-vuotias laitahy\u00f6kk\u00e4\u00e4j\u00e4 on tullut k\u00e4kikellomaan kiekkokaukaloihin rymin\u00e4ll\u00e4. Seitsem\u00e4n ottelua pelannut Puljuj\u00e4rvi on sarjan pistep\u00f6rssiss\u00e4 kolmantena ja sy\u00f6tt\u00f6tilaston k\u00e4rkimies ker\u00e4tty\u00e4\u00e4n hirmutehot 1+10.<\/p>\n<p class=\"article-body mb-nof-24 px-nof-16\">Onnistumiset maistuvat oululaiselle, sill\u00e4 h\u00e4nell\u00e4 on takanaan vastoink\u00e4ymisten ja pettymysten t\u00e4ytt\u00e4mi\u00e4 kausia Pohjois-Amerikassa.<\/p>\n<p class=\"article-body mb-nof-24 px-nof-16\">\u2013 T\u00e4t\u00e4h\u00e4n se j\u00e4\u00e4kiekko parhaimmillaan on. P\u00e4\u00e4sen pelaamaan terveen\u00e4 isoja minuutteja, mik\u00e4 on minulle nyt kaikkein t\u00e4rkeint\u00e4. T\u00e4\u00e4ll\u00e4 saan my\u00f6s olla pelillisesti oma itseni ja pelata huippumiesten kanssa, Puljuj\u00e4rvi viittaa ketjukavereihinsa <a class=\"article-personlink\" href=\"https:\/\/www.is.fi\/haku\/?query=Sakari%20Manniseen\" rel=\"nofollow noopener\" target=\"_blank\">Sakari Manniseen<\/a> ja <a class=\"article-personlink\" href=\"https:\/\/www.is.fi\/haku\/?query=Markus%20Granlundiin\" rel=\"nofollow noopener\" target=\"_blank\">Markus Granlundiin<\/a>.<\/p>\n<p class=\"article-body mb-nof-24 px-nof-16\">\u2013 Olen pystynyt taas nauttimaan j\u00e4\u00e4kiekosta ihan kunnolla.<\/p>\n<p class=\"article-body mb-nof-24 px-nof-16\">Puljuj\u00e4rven alkukauden tilastoissa huomionarvoista on sy\u00f6tt\u00f6pisteiden paljous.<\/p>\n<p class=\"article-body mb-nof-24 px-nof-16\">Onko h\u00e4nest\u00e4 kuoriutunut maisemanvaihdon my\u00f6t\u00e4 pelintekij\u00e4?<\/p>\n<p class=\"article-body mb-nof-24 px-nof-16\">\u2013 Nyt se on mennyt noin. Muut j\u00e4tk\u00e4t ovat tehneet maaleja, mutta minulle se ei ole viel\u00e4 oikein maistunut, Puljuj\u00e4rvi naurahtaa ja viittaa tehopistesaldoonsa 1+10.<\/p>\n<p class=\"article-body mb-nof-24 px-nof-16\">\u2013 Saa n\u00e4hd\u00e4, miten t\u00e4m\u00e4 t\u00e4st\u00e4 jatkuu. T\u00e4rkeint\u00e4 olisi pysty\u00e4 pit\u00e4m\u00e4\u00e4n t\u00e4t\u00e4 hyv\u00e4\u00e4 tasoa yll\u00e4 my\u00f6s kauden edetess\u00e4, ja siihen tietysti pyrinkin.<\/p>\n<p><img decoding=\"async\" src=\"https:\/\/www.europesays.com\/fi\/wp-content\/uploads\/2025\/09\/1758862448_895_468.jpg\" alt=\"Puljuj\u00e4rven kausi on alkanut vahvasti.\" class=\"_Img_tdqg8_1\" style=\"aspect-ratio:1.5\" loading=\"eager\"\/><\/p>\n<p class=\"article-picture-caption\">Puljuj\u00e4rven kausi on alkanut vahvasti. Kuva:\u00a0Giuseppe Velletri \/ SPP\/AOP<\/p>\n<p class=\"article-body mb-nof-24 px-nof-16\">Viime vuosina Pohjois-Amerikassa Puljuj\u00e4rvi pelasi p\u00e4\u00e4osin alempien hy\u00f6kk\u00e4ysketjujen rikkovassa roolissa. Vastuu j\u00e4i etenkin NHL:ss\u00e4 v\u00e4hiin.<\/p>\n<p class=\"article-body mb-nof-24 px-nof-16\">T\u00e4ll\u00e4 taustalla ei ole selvi\u00f6, ett\u00e4 kiekollinen peli loksahtaisi kohdilleen ja itseluottamus l\u00f6ytyisi heti roolimuutoksen j\u00e4lkeen. Alkukauden perusteella Puljuj\u00e4rvi n\u00e4ytt\u00e4\u00e4 siin\u00e4 onnistuneen.<\/p>\n<p class=\"article-body mb-nof-24 px-nof-16\">\u2013 Joo, ei tuollainen muutos todellakaan aina k\u00e4y helposti. Sit\u00e4 min\u00e4 t\u00e4ss\u00e4 ty\u00f6st\u00e4nkin edelleen koko ajan, ett\u00e4 se vanha Jesse l\u00f6ytyy ja pysyy, Puljuj\u00e4rvi sanoo.<\/p>\n<p class=\"article-body mb-nof-24 px-nof-16\">Alku on ollut lupaava. Puljuj\u00e4rvi on saanut uralleen uutta nostetta Sveitsin kaukaloissa, jotka ovat kooltaan isompia kuin Pohjois-Amerikassa. Se tarkoittaa, ett\u00e4 tilaa ja aikaa on kiekon kanssa enemm\u00e4n, eik\u00e4 peli ole niin fyysist\u00e4.<\/p>\n<p class=\"article-body mb-nof-24 px-nof-16\">\u2013 Ison kaukalon peli sopii minulle hyvin. P\u00e4\u00e4sen nyt pelaamaan omilla vahvuuksillani, kun pystyn entist\u00e4 paremmin k\u00e4ytt\u00e4m\u00e4\u00e4n ison j\u00e4\u00e4n luisteluani. T\u00e4\u00e4ll\u00e4 ei tarvitse tehd\u00e4 niin paljon \u201dstop&amp;startia\u201d kuin NHL:ss\u00e4, Puljuj\u00e4rvi pohtii.<\/p>\n<p class=\"article-body mb-nof-24 px-nof-16\">\u2013 Saan nyt olla entist\u00e4 enemm\u00e4n kiekon kanssa ja pelata isoja minuutteja, joten toivottavasti sen my\u00f6t\u00e4 my\u00f6s kehityn.<\/p>\n<p class=\"article-body mb-nof-24 px-nof-16\">Puljuj\u00e4rvi l\u00e4hti aikoinaan Pohjois-Amerikkaan huippulupauksena. Suuntana oli Edmonton Oilers, joka varasi h\u00e4net vuonna 2016 NHL:n varaustilaisuuden nelj\u00e4nten\u00e4 pelaajana.<\/p>\n<p class=\"article-body mb-nof-24 px-nof-16\">Todellinen l\u00e4pimurto kirkkaissa valoissa on kuitenkin j\u00e4\u00e4nyt tekem\u00e4tt\u00e4, ainakin toistaiseksi.<\/p>\n<p class=\"article-body mb-nof-24 px-nof-16\">\u2013 NHL:ss\u00e4 taso oli niin kova, etten pystynyt olemaan siell\u00e4 mik\u00e4\u00e4n piste per peli -\u00e4ij\u00e4. En ehk\u00e4 ole ihan t\u00e4ydellinen pelaaja nelosketjuunkaan, ja kun en pelannut siell\u00e4 my\u00f6sk\u00e4\u00e4n alivoimaa, minuutit j\u00e4iv\u00e4t v\u00e4hiin. Roolia ei oikein en\u00e4\u00e4 l\u00f6ytynyt, ja siksi olen nyt t\u00e4\u00e4ll\u00e4, Puljuj\u00e4rvi tuumii.<\/p>\n<p class=\"article-body mb-nof-24 px-nof-16\">\u2013 T\u00e4ll\u00e4 hetkell\u00e4 olen kuitenkin tosi sinut n\u00e4iden asioiden kanssa.<\/p>\n<p class=\"article-body mb-nof-24 px-nof-16\">Puljuj\u00e4rvi asuu Sveitsiss\u00e4 yhdess\u00e4 tytt\u00f6yst\u00e4v\u00e4ns\u00e4 kanssa. Pariskunnan arkea ilostuttaa my\u00f6s Jaffa-niminen koira.<\/p>\n<p class=\"article-body mb-nof-24 px-nof-16\">\u2013 Olen viihtynyt t\u00e4\u00e4ll\u00e4 my\u00f6s kaukalon ulkopuolella, ja kelitkin ovat olleet hyv\u00e4t. Amerikassa piti aina kulkea autolla, mutta t\u00e4\u00e4ll\u00e4 p\u00e4\u00e4see py\u00f6r\u00e4ll\u00e4 joka paikkaan, kun kaikki on melko l\u00e4hell\u00e4. Tykk\u00e4\u00e4n siit\u00e4. T\u00e4\u00e4ll\u00e4 on my\u00f6s mukavia puistoja, joissa k\u00e4ymme Jaffan kanssa ulkoilemassa, Puljuj\u00e4rvi kertoo.<\/p>\n<p class=\"article-body mb-nof-24 px-nof-16\">\u2013 Ruoka on Sveitsiss\u00e4 aika kallista. Ja kun on t\u00e4llainen isokokoinen j\u00e4tk\u00e4, pit\u00e4\u00e4 sy\u00f6d\u00e4 ihan hirve\u00e4sti, joten siihen menee rahaa.<\/p>\n<p class=\"article-body mb-nof-24 px-nof-16\">Gen\u00e8ve-Servetten riveiss\u00e4 pelaa suomalaisista my\u00f6s puolustaja <a class=\"article-personlink\" href=\"https:\/\/www.is.fi\/haku\/?query=Vili%20Saarij%C3%A4rvi\" rel=\"nofollow noopener\" target=\"_blank\">Vili Saarij\u00e4rvi<\/a>. H\u00e4n on Puljuj\u00e4rven, Mannisen ja Granlundin tavoin l\u00e4ht\u00f6isin Pohjois-Suomesta.<\/p>\n<p class=\"article-body mb-nof-24 px-nof-16\">\u2013 Kyll\u00e4h\u00e4n me t\u00e4ll\u00e4 porukalla aika lailla Oulun murteella ved\u00e4mme, vaikka Make (Granlund) onkin nyky\u00e4\u00e4n jo melko helsinkil\u00e4inen.<\/p>\n<p class=\"article-body mb-nof-24 px-nof-16\">Puljuj\u00e4rven sopimus Gen\u00e8ve-Servetten kanssa kattaa my\u00f6s ensi kauden.<\/p>\n<p class=\"article-body mb-nof-24 px-nof-16\">\u2013 Olen alle kolmikymppinen, joten haluan pit\u00e4\u00e4 itsell\u00e4ni sen mahdollisuuden, ett\u00e4 saisin viel\u00e4 joskus pelata NHL:ss\u00e4.<\/p>\n<p class=\"article-body mb-nof-24 px-nof-16\">Puljuj\u00e4rvi tiet\u00e4\u00e4, mik\u00e4 edist\u00e4isi tavoitteen toteutumista.<\/p>\n<p class=\"article-body mb-nof-24 px-nof-16\">\u2013 Ison roolin my\u00f6t\u00e4 haluan kehitty\u00e4 entist\u00e4 kokonaisvaltaisemmaksi pelaajaksi, jotta sauma NHL:\u00e4\u00e4n viel\u00e4 jossain vaiheessa aukeaisi.<\/p>\n<p class=\"article-body mb-nof-24 px-nof-16\">\u2013 T\u00e4ll\u00e4 hetkell\u00e4 minun on kuitenkin todella hyv\u00e4 olla t\u00e4\u00e4ll\u00e4.<\/p>\n","protected":false},"excerpt":{"rendered":"Jesse Puljuj\u00e4rven kausi on alkanut vahvasti. Hyv\u00e4 olo huokuu Jesse Puljuj\u00e4rvest\u00e4, kun h\u00e4n ruotii alkukauden pelisuorituksiaan Sveitsin p\u00e4\u00e4sarjassa&hellip;\n","protected":false},"author":2,"featured_media":45469,"comment_status":"","ping_status":"","sticky":false,"template":"","format":"standard","meta":{"footnotes":""},"categories":[158],"tags":[33,31,30,34,159,32,160],"class_list":{"0":"post-45468","1":"post","2":"type-post","3":"status-publish","4":"format-standard","5":"has-post-thumbnail","7":"category-urheilu","8":"tag-fi","9":"tag-finland","10":"tag-finnish","11":"tag-ilta-sanomat","12":"tag-sports","13":"tag-suomi","14":"tag-urheilu"},"share_on_mastodon":{"url":"","error":""},"_links":{"self":[{"href":"https:\/\/www.europesays.com\/fi\/wp-json\/wp\/v2\/posts\/45468","targetHints":{"allow":["GET"]}}],"collection":[{"href":"https:\/\/www.europesays.com\/fi\/wp-json\/wp\/v2\/posts"}],"about":[{"href":"https:\/\/www.europesays.com\/fi\/wp-json\/wp\/v2\/types\/post"}],"author":[{"embeddable":true,"href":"https:\/\/www.europesays.com\/fi\/wp-json\/wp\/v2\/users\/2"}],"replies":[{"embeddable":true,"href":"https:\/\/www.europesays.com\/fi\/wp-json\/wp\/v2\/comments?post=45468"}],"version-history":[{"count":0,"href":"https:\/\/www.europesays.com\/fi\/wp-json\/wp\/v2\/posts\/45468\/revisions"}],"wp:featuredmedia":[{"embeddable":true,"href":"https:\/\/www.europesays.com\/fi\/wp-json\/wp\/v2\/media\/45469"}],"wp:attachment":[{"href":"https:\/\/www.europesays.com\/fi\/wp-json\/wp\/v2\/media?parent=45468"}],"wp:term":[{"taxonomy":"category","embeddable":true,"href":"https:\/\/www.europesays.com\/fi\/wp-json\/wp\/v2\/categories?post=45468"},{"taxonomy":"post_tag","embeddable":true,"href":"https:\/\/www.europesays.com\/fi\/wp-json\/wp\/v2\/tags?post=45468"}],"curies":[{"name":"wp","href":"https:\/\/api.w.org\/{rel}","templated":true}]}}