{"id":45538,"date":"2025-09-26T06:19:07","date_gmt":"2025-09-26T06:19:07","guid":{"rendered":"https:\/\/www.europesays.com\/fi\/45538\/"},"modified":"2025-09-26T06:19:07","modified_gmt":"2025-09-26T06:19:07","slug":"valikohtaus-helsinki-vantaan-lentoasemalla-ilta-sanomat","status":"publish","type":"post","link":"https:\/\/www.europesays.com\/fi\/45538\/","title":{"rendered":"V\u00e4likohtaus Helsinki-Vantaan lentoasemalla &#8211; Ilta-Sanomat"},"content":{"rendered":"<p>Tapaus sattui puoleny\u00f6n aikaan.<\/p>\n<p class=\"article-body mb-nof-24 px-nof-16\">Torstain ja perjantain v\u00e4lisen\u00e4 y\u00f6n\u00e4 Helsinki-Vantaan lentoasemalla sattui v\u00e4likohtaus, kun matkustaja p\u00e4\u00e4si jostakin syyst\u00e4 lentokent\u00e4n asematasolle.<\/p>\n<p class=\"article-body mb-nof-24 px-nof-16\">Vartiointi tavoitti matkustajan nopeasti ja tilanne hoitui rauhallisesti eik\u00e4 viranomaisia kutsuttu paikalle, kerrotaan Finavian viestinn\u00e4st\u00e4. Tapaus sattui puolen y\u00f6n aikaan.<\/p>\n<p class=\"article-body mb-nof-24 px-nof-16\">Tilanteesta ei aiheutunut ihmisille tai lentoliikenteelle vaaraa.<\/p>\n<p class=\"article-body mb-nof-24 px-nof-16\">Asematasolla tarkoitetaan aluetta, jossa lentokoneet odottavat matkustajia siirtym\u00e4\u00e4n koneeseen. Joskus lentokoneeseen siirryt\u00e4\u00e4n asematasolla k\u00e4vellen, mutta se tehd\u00e4\u00e4n vain valvotusti eik\u00e4 matkustajilla ole asiaa alueelle itsen\u00e4isesti.<\/p>\n","protected":false},"excerpt":{"rendered":"Tapaus sattui puoleny\u00f6n aikaan. Torstain ja perjantain v\u00e4lisen\u00e4 y\u00f6n\u00e4 Helsinki-Vantaan lentoasemalla sattui v\u00e4likohtaus, kun matkustaja p\u00e4\u00e4si jostakin syyst\u00e4&hellip;\n","protected":false},"author":2,"featured_media":45539,"comment_status":"","ping_status":"","sticky":false,"template":"","format":"standard","meta":{"footnotes":""},"categories":[5],"tags":[22,23,26,27,33,31,30,17,34,24,25,28,29,15,18,21,32,19,20,16],"class_list":{"0":"post-45538","1":"post","2":"type-post","3":"status-publish","4":"format-standard","5":"has-post-thumbnail","7":"category-otsikot","8":"tag-breaking-news","9":"tag-breakingnews","10":"tag-featured-news","11":"tag-featurednews","12":"tag-fi","13":"tag-finland","14":"tag-finnish","15":"tag-headlines","16":"tag-ilta-sanomat","17":"tag-latest-news","18":"tag-latestnews","19":"tag-main-news","20":"tag-mainnews","21":"tag-news","22":"tag-otsikot","23":"tag-paauutiset","24":"tag-suomi","25":"tag-top-stories","26":"tag-topstories","27":"tag-uutiset"},"share_on_mastodon":{"url":"","error":""},"_links":{"self":[{"href":"https:\/\/www.europesays.com\/fi\/wp-json\/wp\/v2\/posts\/45538","targetHints":{"allow":["GET"]}}],"collection":[{"href":"https:\/\/www.europesays.com\/fi\/wp-json\/wp\/v2\/posts"}],"about":[{"href":"https:\/\/www.europesays.com\/fi\/wp-json\/wp\/v2\/types\/post"}],"author":[{"embeddable":true,"href":"https:\/\/www.europesays.com\/fi\/wp-json\/wp\/v2\/users\/2"}],"replies":[{"embeddable":true,"href":"https:\/\/www.europesays.com\/fi\/wp-json\/wp\/v2\/comments?post=45538"}],"version-history":[{"count":0,"href":"https:\/\/www.europesays.com\/fi\/wp-json\/wp\/v2\/posts\/45538\/revisions"}],"wp:featuredmedia":[{"embeddable":true,"href":"https:\/\/www.europesays.com\/fi\/wp-json\/wp\/v2\/media\/45539"}],"wp:attachment":[{"href":"https:\/\/www.europesays.com\/fi\/wp-json\/wp\/v2\/media?parent=45538"}],"wp:term":[{"taxonomy":"category","embeddable":true,"href":"https:\/\/www.europesays.com\/fi\/wp-json\/wp\/v2\/categories?post=45538"},{"taxonomy":"post_tag","embeddable":true,"href":"https:\/\/www.europesays.com\/fi\/wp-json\/wp\/v2\/tags?post=45538"}],"curies":[{"name":"wp","href":"https:\/\/api.w.org\/{rel}","templated":true}]}}