{"id":45615,"date":"2025-09-26T08:00:07","date_gmt":"2025-09-26T08:00:07","guid":{"rendered":"https:\/\/www.europesays.com\/fi\/45615\/"},"modified":"2025-09-26T08:00:07","modified_gmt":"2025-09-26T08:00:07","slug":"evelina-esittelee-valtavaa-tatuointiaan-mtv-uutiset","status":"publish","type":"post","link":"https:\/\/www.europesays.com\/fi\/45615\/","title":{"rendered":"Evelina esittelee valtavaa tatuointiaan | MTV Uutiset"},"content":{"rendered":"<p><strong class=\"typography-bold\">Laulaja Evelina on tatuoinut selk\u00e4\u00e4ns\u00e4 suuren vaasin, josta kohoaa kolme peikonlehden oksaa.<\/strong><\/p>\n<p>Laulaja-lauluntekij\u00e4 <a class=\"underline\" data-testid=\"internal-link\" role=\"link\" data-sentry-element=\"Link\" data-sentry-component=\"InternalLink\" data-sentry-source-file=\"InternalLink.tsx\" href=\"https:\/\/www.mtvuutiset.fi\/aihe\/evelina\/6937168\" rel=\"nofollow noopener\" target=\"_blank\"><strong class=\"typography-bold\">Evelina<\/strong><\/a>, 30, esittelee <a class=\"underline\" data-testid=\"external-link\" href=\"https:\/\/www.instagram.com\/p\/DPCCCWNjDnN\/\" rel=\"noopener noreferrer nofollow\" data-sentry-component=\"ExternalLink\" data-sentry-source-file=\"ExternalLink.tsx\" target=\"_blank\">Instagramissa<\/a> suurta, koko sel\u00e4n kokoista tatuointiaan.<\/p>\n<p>Postaamassaan kuvassa Evelina makaa paidattomana s\u00e4ngyll\u00e4 selk\u00e4 kameraa kohti. Kuvassa keski\u00f6ss\u00e4 on laulajan selk\u00e4\u00e4n on nakutettu suuri, yksityiskohdin koristeltu vaasi, josta kohoaa kolme peikonlehden oksaa.<\/p>\n<p>Jos julkaisu ei n\u00e4y, voit katsoa sen <a class=\"underline\" data-testid=\"external-link\" href=\"https:\/\/www.instagram.com\/p\/DPCCCWNjDnN\/\" rel=\"noopener noreferrer nofollow\" target=\"_blank\" data-sentry-component=\"ExternalLink\" data-sentry-source-file=\"ExternalLink.tsx\">t\u00e4st\u00e4<\/a>.<\/p>\n<p>Lue my\u00f6s: <a class=\"underline\" data-testid=\"external-link\" href=\"https:\/\/www.mtvuutiset.fi\/artikkeli\/chachi-hilden-esitteli-uuden-tatuointinsa-selan-kokoinen-taideteos-vaati-perati-16-tuntia\/8519284\" rel=\"noopener noreferrer nofollow\" target=\"_blank\" data-sentry-component=\"ExternalLink\" data-sentry-source-file=\"ExternalLink.tsx\">Chachi Hild\u00e9n esitteli uuden tatuointinsa \u2013 sel\u00e4n kokoinen taideteos vaati per\u00e4ti 16 tuntia<\/a><\/p>\n<p>Laulajan someseuraajat ihastelevat tatuointia julkaisun kommenttikent\u00e4ss\u00e4.<\/p>\n<p><script async src=\"\/\/www.instagram.com\/embed.js\"><\/script><\/p>\n","protected":false},"excerpt":{"rendered":"Laulaja Evelina on tatuoinut selk\u00e4\u00e4ns\u00e4 suuren vaasin, josta kohoaa kolme peikonlehden oksaa. Laulaja-lauluntekij\u00e4 Evelina, 30, esittelee Instagramissa suurta,&hellip;\n","protected":false},"author":2,"featured_media":45616,"comment_status":"","ping_status":"","sticky":false,"template":"","format":"standard","meta":{"footnotes":""},"categories":[130],"tags":[137,33,31,30,32,109],"class_list":{"0":"post-45615","1":"post","2":"type-post","3":"status-publish","4":"format-standard","5":"has-post-thumbnail","7":"category-viihde","8":"tag-entertainment","9":"tag-fi","10":"tag-finland","11":"tag-finnish","12":"tag-suomi","13":"tag-viihde"},"share_on_mastodon":{"url":"","error":""},"_links":{"self":[{"href":"https:\/\/www.europesays.com\/fi\/wp-json\/wp\/v2\/posts\/45615","targetHints":{"allow":["GET"]}}],"collection":[{"href":"https:\/\/www.europesays.com\/fi\/wp-json\/wp\/v2\/posts"}],"about":[{"href":"https:\/\/www.europesays.com\/fi\/wp-json\/wp\/v2\/types\/post"}],"author":[{"embeddable":true,"href":"https:\/\/www.europesays.com\/fi\/wp-json\/wp\/v2\/users\/2"}],"replies":[{"embeddable":true,"href":"https:\/\/www.europesays.com\/fi\/wp-json\/wp\/v2\/comments?post=45615"}],"version-history":[{"count":0,"href":"https:\/\/www.europesays.com\/fi\/wp-json\/wp\/v2\/posts\/45615\/revisions"}],"wp:featuredmedia":[{"embeddable":true,"href":"https:\/\/www.europesays.com\/fi\/wp-json\/wp\/v2\/media\/45616"}],"wp:attachment":[{"href":"https:\/\/www.europesays.com\/fi\/wp-json\/wp\/v2\/media?parent=45615"}],"wp:term":[{"taxonomy":"category","embeddable":true,"href":"https:\/\/www.europesays.com\/fi\/wp-json\/wp\/v2\/categories?post=45615"},{"taxonomy":"post_tag","embeddable":true,"href":"https:\/\/www.europesays.com\/fi\/wp-json\/wp\/v2\/tags?post=45615"}],"curies":[{"name":"wp","href":"https:\/\/api.w.org\/{rel}","templated":true}]}}