{"id":45621,"date":"2025-09-26T08:05:10","date_gmt":"2025-09-26T08:05:10","guid":{"rendered":"https:\/\/www.europesays.com\/fi\/45621\/"},"modified":"2025-09-26T08:05:10","modified_gmt":"2025-09-26T08:05:10","slug":"usu-nain-maahanmuuttajien-sosiaaliturvaa-muutetaan","status":"publish","type":"post","link":"https:\/\/www.europesays.com\/fi\/45621\/","title":{"rendered":"USU: N\u00e4in maahanmuuttajien sosiaaliturvaa muutetaan"},"content":{"rendered":"<p>Hallitus valmistelee kahta lakiuudistusta, jotka vaikuttaisivat ulkomaalaisille maksettavaan sosiaaliturvaan.<\/p>\n<p class=\"article-body mb-nof-24 px-nof-16\">Maahanmuuttajien sosiaaliturvaan suunnitellut muutokset ovat etenem\u00e4ss\u00e4, kertoo sosiaaliturvaministeri <a class=\"article-personlink\" href=\"https:\/\/www.is.fi\/haku\/?query=Sanni%20Grahn-Laasonen\" rel=\"nofollow noopener\" target=\"_blank\">Sanni Grahn-Laasonen<\/a> (kok) <a class=\"article-genericlink\" href=\"https:\/\/www.ess.fi\/uutissuomalainen\/8874760\" rel=\"nofollow noopener\" target=\"_blank\">Uutissuomalaiselle<\/a>. H\u00e4nen mukaansa hallitus valmistelee kahta lakiuudistusta, jotka vaikuttaisivat ulkomaalaisille maksettavaan sosiaaliturvaan.<\/p>\n<p class=\"article-body mb-nof-24 px-nof-16\">Niin sanottu kotihoidon tuen Norjan malli l\u00e4htee lausuntokierrokselle l\u00e4hip\u00e4ivin\u00e4. Kotihoidon tuki on tarkoitus rajata vain yli kolme vuotta Suomessa tai muualla EU-alueilla asuneille.<\/p>\n<p class=\"article-body mb-nof-24 px-nof-16\">Ministerin mukaan tavoitteena on saada maahanmuuttajataustaiset lapset mahdollisimman kattavasti varhaiskasvatuksen piiriin oppimaan kielt\u00e4 ja saamaan hyv\u00e4t valmiudet koulupolulle.<\/p>\n<p class=\"article-body mb-nof-24 px-nof-16\">Hallitus valmistelee lis\u00e4ksi kotoutumistukea, jota my\u00f6nnett\u00e4isiin rajatuksi ajaksi Suomeen saapuville ulkomaalaisille, jotka eiv\u00e4t l\u00f6yd\u00e4 heti ty\u00f6t\u00e4. Hallituksen tavoitteena on saada esitys lausuntokierrokselle loppuvuoden aikana.<\/p>\n<p class=\"article-body mb-nof-24 px-nof-16\">\u2013\u2009Se olisi tasoltaan nykyist\u00e4 ty\u00f6markkinatukea sek\u00e4 tulevaa yleistukea matalampi, Grahn-Laasonen sanoo USU:lle.<\/p>\n<p class=\"article-body mb-nof-24 px-nof-16\">Ilta-Sanomat selvitti aiemmin Kelan maksaman ty\u00f6markkinatuen ja toimeentulotuen tarkempia saajatilastoja tietopyynn\u00f6ll\u00e4 Kelasta. Samalla IS selvitti, kuinka monta euroa toimeentulotukea on maksettu viime vuonna vieraskielisille.<\/p>\n<p class=\"article-body mb-nof-24 px-nof-16\">Lue lis\u00e4\u00e4: <a class=\"article-genericlink\" href=\"https:\/\/www.is.fi\/taloussanomat\/art-2000011500054.html\" rel=\"nofollow noopener\" target=\"_blank\">IS selvitti: N\u00e4in monta sataa miljoonaa meni vieras\u00adkielisten toimeen\u00adtulo\u00adtukiin<\/a><\/p>\n<p class=\"article-body mb-nof-24 px-nof-16\">IS:n saamat tilastot paljastavat, ett\u00e4 Suomessa vieraskielisten osuus toimeentulotuen saajista on noin 30 prosenttia. Euroissa se tarkoittaa yli 300:a miljoonaa euroa. T\u00e4ysi-ik\u00e4isist\u00e4 somalin ja arabiankielisist\u00e4 Suomessa asuvista noin kolmannes sai toimeentulotukea.<\/p>\n<p class=\"article-body mb-nof-24 px-nof-16\">Tuensaajaksi rekister\u00f6itymiseen riitt\u00e4\u00e4, ett\u00e4 henkil\u00f6 on saanut toimeentulotukea jonain kalenterikuukautena. Kela ei tilastoi, kuinka monta kalenterikuukautena keskim\u00e4\u00e4rin kukin toimeentulotuen saaja on saanut etuutta.<\/p>\n<p class=\"article-body mb-nof-24 px-nof-16\">Tiedoista ilmenee my\u00f6s, ett\u00e4 yli kolmannes Kelan maksamasta ty\u00f6markkinatuesta menee vieraskielisille. M\u00e4\u00e4r\u00e4llisesti suurimmat toimeentulotuen saajaryhm\u00e4t ovat ven\u00e4j\u00e4\u00e4 ja arabiaa \u00e4idinkielen\u00e4\u00e4n puhuvat.<\/p>\n","protected":false},"excerpt":{"rendered":"Hallitus valmistelee kahta lakiuudistusta, jotka vaikuttaisivat ulkomaalaisille maksettavaan sosiaaliturvaan. Maahanmuuttajien sosiaaliturvaan suunnitellut muutokset ovat etenem\u00e4ss\u00e4, kertoo sosiaaliturvaministeri Sanni&hellip;\n","protected":false},"author":2,"featured_media":45622,"comment_status":"","ping_status":"","sticky":false,"template":"","format":"standard","meta":{"footnotes":""},"categories":[12],"tags":[22,23,26,27,33,31,30,17,34,24,25,28,29,15,18,21,32,19,20,16],"class_list":{"0":"post-45621","1":"post","2":"type-post","3":"status-publish","4":"format-standard","5":"has-post-thumbnail","7":"category-suomi","8":"tag-breaking-news","9":"tag-breakingnews","10":"tag-featured-news","11":"tag-featurednews","12":"tag-fi","13":"tag-finland","14":"tag-finnish","15":"tag-headlines","16":"tag-ilta-sanomat","17":"tag-latest-news","18":"tag-latestnews","19":"tag-main-news","20":"tag-mainnews","21":"tag-news","22":"tag-otsikot","23":"tag-paauutiset","24":"tag-suomi","25":"tag-top-stories","26":"tag-topstories","27":"tag-uutiset"},"share_on_mastodon":{"url":"","error":""},"_links":{"self":[{"href":"https:\/\/www.europesays.com\/fi\/wp-json\/wp\/v2\/posts\/45621","targetHints":{"allow":["GET"]}}],"collection":[{"href":"https:\/\/www.europesays.com\/fi\/wp-json\/wp\/v2\/posts"}],"about":[{"href":"https:\/\/www.europesays.com\/fi\/wp-json\/wp\/v2\/types\/post"}],"author":[{"embeddable":true,"href":"https:\/\/www.europesays.com\/fi\/wp-json\/wp\/v2\/users\/2"}],"replies":[{"embeddable":true,"href":"https:\/\/www.europesays.com\/fi\/wp-json\/wp\/v2\/comments?post=45621"}],"version-history":[{"count":0,"href":"https:\/\/www.europesays.com\/fi\/wp-json\/wp\/v2\/posts\/45621\/revisions"}],"wp:featuredmedia":[{"embeddable":true,"href":"https:\/\/www.europesays.com\/fi\/wp-json\/wp\/v2\/media\/45622"}],"wp:attachment":[{"href":"https:\/\/www.europesays.com\/fi\/wp-json\/wp\/v2\/media?parent=45621"}],"wp:term":[{"taxonomy":"category","embeddable":true,"href":"https:\/\/www.europesays.com\/fi\/wp-json\/wp\/v2\/categories?post=45621"},{"taxonomy":"post_tag","embeddable":true,"href":"https:\/\/www.europesays.com\/fi\/wp-json\/wp\/v2\/tags?post=45621"}],"curies":[{"name":"wp","href":"https:\/\/api.w.org\/{rel}","templated":true}]}}