{"id":45713,"date":"2025-09-26T10:14:08","date_gmt":"2025-09-26T10:14:08","guid":{"rendered":"https:\/\/www.europesays.com\/fi\/45713\/"},"modified":"2025-09-26T10:14:08","modified_gmt":"2025-09-26T10:14:08","slug":"usan-viranomaiset-rinnastivat-siirtolaiset-pyydystettaviin-pokemoneihin-yhtio-reagoi-uutisia-lyhyesti","status":"publish","type":"post","link":"https:\/\/www.europesays.com\/fi\/45713\/","title":{"rendered":"USA:n viranomaiset rinnastivat siirtolaiset pyydystett\u00e4viin Pok\u00e9moneihin \u2013 yhti\u00f6 reagoi | Uutisia lyhyesti"},"content":{"rendered":"<p class=\"aw-1gybjub aw-5vja16 cmIuaG zKETg yle__article__paragraph\">Yhdysvaltain kotimaan turvallisuus\u00advirasto julkaisi videon, jossa siirtolais\u00adratsioita s\u00e4est\u00e4\u00e4 Pok\u00e9mon-sarjan tunnuskappale. My\u00f6s Valkoinen talo jakoi videon.<\/p>\n<p class=\"aw-1gybjub aw-1p7kakr cmIuaG fmSRng yle__article__paragraph\">Pok\u00e9monin omistava yhti\u00f6, Pok\u00e9mon Company on ottanut kantaa Yhdysvaltain viranomaisten julkaisemaan videoon, jossa k\u00e4ytettiin yhti\u00f6n animaatiosarjan tunnusmusiikkia ja muuta materiaalia.<\/p>\n<p class=\"aw-1gybjub aw-1p7kakr cmIuaG fmSRng yle__article__paragraph\">Yhdysvaltain kotimaan turvallisuusvirasto julkaisi aiemmin t\u00e4ll\u00e4 viikolla <a class=\"aw-iao6s4 iHOxEa yle__article__link\" href=\"https:\/\/x.com\/DHSgov\/status\/1970251208322621530\" role=\"link\" rel=\"nofollow\">sosiaalisessa mediassa videon<\/a>, jossa siirtolaisten pid\u00e4tyksi\u00e4 rinnastetaan Pok\u00e9mon-hahmojen pyydyst\u00e4miseen.<\/p>\n<p class=\"aw-1gybjub aw-1p7kakr cmIuaG fmSRng yle__article__paragraph\">Minuutin mittaisessa videossa viranomaiset pid\u00e4tt\u00e4v\u00e4t ihmisi\u00e4 ratsioissa, ja taustalla soi tunnetun japanilaisen animaatiosarjan tunnuskappale. Pid\u00e4tettyjen kuvia on editoitu videolla Pok\u00e9mon-ker\u00e4ilykortteihin.<\/p>\n<p class=\"aw-1gybjub aw-1p7kakr cmIuaG fmSRng yle__article__paragraph\">Video julkaistiin my\u00f6s Valkoisen talon <a class=\"aw-iao6s4 iHOxEa yle__article__link\" href=\"https:\/\/www.tiktok.com\/@whitehouse\/video\/7553070474821897527\" role=\"link\" rel=\"nofollow noopener\" target=\"_blank\">Tiktok-tilill\u00e4<\/a>.<\/p>\n<p class=\"aw-1gybjub aw-1p7kakr cmIuaG fmSRng yle__article__paragraph\">Pok\u00e9mon Company on toimittanut vastauksensa asiaan muun muassa <a class=\"aw-iao6s4 iHOxEa yle__article__link\" href=\"https:\/\/www.bbc.com\/news\/articles\/c8ex9n8gxdwo\" role=\"link\" rel=\"nofollow noopener\" target=\"_blank\">BBC:lle<\/a>, <a class=\"aw-iao6s4 iHOxEa yle__article__link\" href=\"https:\/\/www.huffpost.com\/entry\/pokemon-company-aware-of-dhs-video-using-tv-show-theme-to-promote-ice_n_68d44768e4b0bba54aaa1c00\" role=\"link\" rel=\"nofollow noopener\" target=\"_blank\">Huffington Postille<\/a> ja <a class=\"aw-iao6s4 iHOxEa yle__article__link\" href=\"https:\/\/variety.com\/2025\/digital\/news\/pokemon-homeland-security-ice-raid-video-not-involved-1236528305\/\" role=\"link\" rel=\"nofollow noopener\" target=\"_blank\">Varietylle<\/a>.<\/p>\n<p class=\"aw-1gybjub aw-1p7kakr cmIuaG fmSRng yle__article__paragraph\">Yhti\u00f6 kertoo olevansa videosta tietoinen, mutta painottaa, ettei ole antanut lupaa materiaalinsa k\u00e4ytt\u00f6\u00f6n.<\/p>\n<p class=\"aw-1gybjub aw-1p7kakr cmIuaG fmSRng yle__article__paragraph\">\u2013 Yrityksemme ei ole ollut mukana t\u00e4m\u00e4n sis\u00e4ll\u00f6n luomisessa tai levitt\u00e4misess\u00e4, emmek\u00e4 ole antaneet lupaa k\u00e4ytt\u00e4\u00e4 immateriaalioikeuksiamme, vastauksessa kerrotaan.<\/p>\n<p class=\"aw-1gybjub aw-1p7kakr cmIuaG fmSRng yle__article__paragraph\">Pok\u00e9mon Companyn omistaa osittain pelij\u00e4tti Nintendo. Yhti\u00f6 ei ota lausunnossaan kantaa siihen, aikooko se ryhty\u00e4 oikeudellisiin toimenpiteisiin.<\/p>\n<p><script async src=\"\/\/www.tiktok.com\/embed.js\"><\/script><\/p>\n","protected":false},"excerpt":{"rendered":"Yhdysvaltain kotimaan turvallisuus\u00advirasto julkaisi videon, jossa siirtolais\u00adratsioita s\u00e4est\u00e4\u00e4 Pok\u00e9mon-sarjan tunnuskappale. My\u00f6s Valkoinen talo jakoi videon. Pok\u00e9monin omistava yhti\u00f6,&hellip;\n","protected":false},"author":2,"featured_media":74,"comment_status":"","ping_status":"","sticky":false,"template":"","format":"standard","meta":{"footnotes":""},"categories":[14],"tags":[22,23,26,27,33,31,30,17,24,25,28,29,15,18,21,32,19,20,56,16,59,60,61,619],"class_list":{"0":"post-45713","1":"post","2":"type-post","3":"status-publish","4":"format-standard","5":"has-post-thumbnail","7":"category-ulkomaat","8":"tag-breaking-news","9":"tag-breakingnews","10":"tag-featured-news","11":"tag-featurednews","12":"tag-fi","13":"tag-finland","14":"tag-finnish","15":"tag-headlines","16":"tag-latest-news","17":"tag-latestnews","18":"tag-main-news","19":"tag-mainnews","20":"tag-news","21":"tag-otsikot","22":"tag-paauutiset","23":"tag-suomi","24":"tag-top-stories","25":"tag-topstories","26":"tag-ulkomaat","27":"tag-uutiset","28":"tag-world","29":"tag-world-news","30":"tag-worldnews","31":"tag-yhdysvallat"},"share_on_mastodon":{"url":"","error":""},"_links":{"self":[{"href":"https:\/\/www.europesays.com\/fi\/wp-json\/wp\/v2\/posts\/45713","targetHints":{"allow":["GET"]}}],"collection":[{"href":"https:\/\/www.europesays.com\/fi\/wp-json\/wp\/v2\/posts"}],"about":[{"href":"https:\/\/www.europesays.com\/fi\/wp-json\/wp\/v2\/types\/post"}],"author":[{"embeddable":true,"href":"https:\/\/www.europesays.com\/fi\/wp-json\/wp\/v2\/users\/2"}],"replies":[{"embeddable":true,"href":"https:\/\/www.europesays.com\/fi\/wp-json\/wp\/v2\/comments?post=45713"}],"version-history":[{"count":0,"href":"https:\/\/www.europesays.com\/fi\/wp-json\/wp\/v2\/posts\/45713\/revisions"}],"wp:featuredmedia":[{"embeddable":true,"href":"https:\/\/www.europesays.com\/fi\/wp-json\/wp\/v2\/media\/74"}],"wp:attachment":[{"href":"https:\/\/www.europesays.com\/fi\/wp-json\/wp\/v2\/media?parent=45713"}],"wp:term":[{"taxonomy":"category","embeddable":true,"href":"https:\/\/www.europesays.com\/fi\/wp-json\/wp\/v2\/categories?post=45713"},{"taxonomy":"post_tag","embeddable":true,"href":"https:\/\/www.europesays.com\/fi\/wp-json\/wp\/v2\/tags?post=45713"}],"curies":[{"name":"wp","href":"https:\/\/api.w.org\/{rel}","templated":true}]}}