{"id":45721,"date":"2025-09-26T10:28:07","date_gmt":"2025-09-26T10:28:07","guid":{"rendered":"https:\/\/www.europesays.com\/fi\/45721\/"},"modified":"2025-09-26T10:28:07","modified_gmt":"2025-09-26T10:28:07","slug":"anniina-valtonen-paljastaa-pelkonsa-esiintyy-tyoaamuina","status":"publish","type":"post","link":"https:\/\/www.europesays.com\/fi\/45721\/","title":{"rendered":"Anniina Valtonen paljastaa pelkonsa \u2013 esiintyy ty\u00f6aamuina"},"content":{"rendered":"<p>Meteorologi <strong>Anniina Valtonen<\/strong> on tehnyt Instagram-tarinoihinsa useamman videon, jossa h\u00e4n esittelee t\u00e4m\u00e4nhetkist\u00e4 ty\u00f6t\u00e4\u00e4n s\u00e4\u00e4karttojen parissa. H\u00e4nen aamunsa alkavat usein hyvin aikaisin ja siihen liittyy er\u00e4s h\u00e4nen pelkonsa.<\/p>\n<p>Anniina kertoo pelostaan, kun joku esitt\u00e4\u00e4 h\u00e4nelle siihen liittyv\u00e4n kysymyksen. Se liittyy pime\u00e4npelkoon. \u00a0<\/p>\n<p>\u2013 Pimeys saa mun mielikuvituksen laukkaamaan ja pelk\u00e4\u00e4n, ett\u00e4 ulko-oven takana on joku m\u00e4 avaan sen t\u00f6ihin l\u00e4htiess\u00e4, kertoo Anniina pelostaan.<\/p>\n<p>Lue my\u00f6s: <a href=\"https:\/\/www.como.fi\/uutiset\/talta-anniina-valtosen-tyopiste-nayttaa-herattaa-aina-hammastysta-ihastelua-ja-kunnioitusta\/\" title=\"T\u00e4lt\u00e4 Anniina Valtosen ty\u00f6piste n\u00e4ytt\u00e4\u00e4 \u2013 \u201dHer\u00e4tt\u00e4\u00e4 aina h\u00e4mm\u00e4styst\u00e4, ihastelua ja kunnioitusta\u201d\" class=\"underline-custom !font-montserrat !font-bold !underline-offset-4 !decoration-4 !decoration-red-600 !text-md\" rel=\"nofollow noopener\" target=\"_blank\">T\u00e4lt\u00e4 Anniina Valtosen ty\u00f6piste n\u00e4ytt\u00e4\u00e4 \u2013 \u201dHer\u00e4tt\u00e4\u00e4 aina h\u00e4mm\u00e4styst\u00e4, ihastelua ja kunnioitusta\u201d<\/a><\/p>\n<p>Anniina kertoo my\u00f6s muista aikaisiin ty\u00f6aamuihin liittyvist\u00e4 asioista. Joku haluaa tiet\u00e4\u00e4, kuinka aikaisin h\u00e4n menee nukkumaan ennen aikaista ty\u00f6aamua.<\/p>\n<p>Pyrin siihen, ett\u00e4 on s\u00e4ngyss\u00e4 jo kasilta, vaikka ei heti uni tulisi. V\u00e4sy iskee vuoron j\u00e4lkeen puolen p\u00e4iv\u00e4n aikaan, kun adrenaliini purkautuu, vastaa meteorologi.<\/p>\n<p>Lue my\u00f6s: <a href=\"https:\/\/www.como.fi\/uutiset\/anniina-valtosella-mysteeri-lahteeko-ne-vai-ei\/\" title=\"Anniina Valtosella mysteeri \u2013 \u201dL\u00e4hteek\u00f6 ne vai ei?\u201d\" class=\"underline-custom !font-montserrat !font-bold !underline-offset-4 !decoration-4 !decoration-red-600 !text-md\" rel=\"nofollow noopener\" target=\"_blank\">Anniina Valtosella mysteeri \u2013 \u201dL\u00e4hteek\u00f6 ne vai ei?\u201d<\/a><\/p>\n<p>Joku oli my\u00f6s huomannut Anniinan k\u00e4ytt\u00e4neen erikoista sanaa.<\/p>\n<p> \u2013 Metku=meteorologi. Meid\u00e4n k\u00e4yt\u00f6ss\u00e4 oleva lempinimi, selitt\u00e4\u00e4 Anniina sanaa.<\/p>\n<p>Lue my\u00f6s: <a href=\"https:\/\/www.como.fi\/uutiset\/anniina-valtonen-helpottaa-oloaan-heti-saalahetyksen-jalkeen-katso-video\/\" title=\"Anniina Valtonen helpottaa oloaan heti s\u00e4\u00e4l\u00e4hetyksen j\u00e4lkeen \u2013 katso video\" class=\"underline-custom !font-montserrat !font-bold !underline-offset-4 !decoration-4 !decoration-red-600 !text-md\" rel=\"nofollow noopener\" target=\"_blank\">Anniina Valtonen helpottaa oloaan heti s\u00e4\u00e4l\u00e4hetyksen j\u00e4lkeen \u2013 katso video<\/a><\/p>\n<p>Anniinan eilisest\u00e4 p\u00e4ivityksest\u00e4 selvisi, miten h\u00e4n vaihtoi joka l\u00e4hetyksen j\u00e4lkeen korkeakorkoiset keng\u00e4t huopatossuihin.<\/p>\n<p>Jos upotus ei n\u00e4y, avaa se auki <a href=\"https:\/\/www.instagram.com\/reel\/DPBBNpeDd4_\/?utm_source=ig_web_copy_link&amp;igsh=MzRlODBiNWFlZA==\" target=\"_blank\" rel=\"noreferrer noopener nofollow\">t\u00e4st\u00e4<\/a>.<\/p>\n<p>Lue my\u00f6s: <a href=\"https:\/\/www.como.fi\/tilaa-comon-uutiskirje\/\" title=\"Tilaa Comon uutiskirje ja tied\u00e4t mist\u00e4 kahvitauolla puhutaan! Nappaa kotimaan tv-vinkit ja puheenaiheet suoraan s\u00e4hk\u00f6postiin t\u00e4st\u00e4.\" class=\"underline-custom !font-montserrat !font-bold !underline-offset-4 !decoration-4 !decoration-red-600 !text-md\" rel=\"nofollow noopener\" target=\"_blank\">Tilaa Comon uutiskirje ja tied\u00e4t mist\u00e4 kahvitauolla puhutaan! Nappaa kotimaan tv-vinkit ja puheenaiheet suoraan s\u00e4hk\u00f6postiin t\u00e4st\u00e4.<\/a><\/p>\n<p>\t\t\t\t<script async src=\"\/\/www.instagram.com\/embed.js\"><\/script><\/p>\n","protected":false},"excerpt":{"rendered":"Meteorologi Anniina Valtonen on tehnyt Instagram-tarinoihinsa useamman videon, jossa h\u00e4n esittelee t\u00e4m\u00e4nhetkist\u00e4 ty\u00f6t\u00e4\u00e4n s\u00e4\u00e4karttojen parissa. H\u00e4nen aamunsa alkavat&hellip;\n","protected":false},"author":2,"featured_media":45722,"comment_status":"","ping_status":"","sticky":false,"template":"","format":"standard","meta":{"footnotes":""},"categories":[136],"tags":[10445,407,137,33,31,30,408,32,109],"class_list":{"0":"post-45721","1":"post","2":"type-post","3":"status-publish","4":"format-standard","5":"has-post-thumbnail","7":"category-julkkikset","8":"tag-anniina-valtonen","9":"tag-celebrities","10":"tag-entertainment","11":"tag-fi","12":"tag-finland","13":"tag-finnish","14":"tag-julkkikset","15":"tag-suomi","16":"tag-viihde"},"share_on_mastodon":{"url":"","error":""},"_links":{"self":[{"href":"https:\/\/www.europesays.com\/fi\/wp-json\/wp\/v2\/posts\/45721","targetHints":{"allow":["GET"]}}],"collection":[{"href":"https:\/\/www.europesays.com\/fi\/wp-json\/wp\/v2\/posts"}],"about":[{"href":"https:\/\/www.europesays.com\/fi\/wp-json\/wp\/v2\/types\/post"}],"author":[{"embeddable":true,"href":"https:\/\/www.europesays.com\/fi\/wp-json\/wp\/v2\/users\/2"}],"replies":[{"embeddable":true,"href":"https:\/\/www.europesays.com\/fi\/wp-json\/wp\/v2\/comments?post=45721"}],"version-history":[{"count":0,"href":"https:\/\/www.europesays.com\/fi\/wp-json\/wp\/v2\/posts\/45721\/revisions"}],"wp:featuredmedia":[{"embeddable":true,"href":"https:\/\/www.europesays.com\/fi\/wp-json\/wp\/v2\/media\/45722"}],"wp:attachment":[{"href":"https:\/\/www.europesays.com\/fi\/wp-json\/wp\/v2\/media?parent=45721"}],"wp:term":[{"taxonomy":"category","embeddable":true,"href":"https:\/\/www.europesays.com\/fi\/wp-json\/wp\/v2\/categories?post=45721"},{"taxonomy":"post_tag","embeddable":true,"href":"https:\/\/www.europesays.com\/fi\/wp-json\/wp\/v2\/tags?post=45721"}],"curies":[{"name":"wp","href":"https:\/\/api.w.org\/{rel}","templated":true}]}}