{"id":45766,"date":"2025-09-26T11:25:07","date_gmt":"2025-09-26T11:25:07","guid":{"rendered":"https:\/\/www.europesays.com\/fi\/45766\/"},"modified":"2025-09-26T11:25:07","modified_gmt":"2025-09-26T11:25:07","slug":"muutoksen-tuulet-puhaltavat-acceptin-riveissa-meilla-oli-fantastinen-vuosikymmen-yhdessa","status":"publish","type":"post","link":"https:\/\/www.europesays.com\/fi\/45766\/","title":{"rendered":"Muutoksen tuulet puhaltavat Acceptin riveiss\u00e4 &#8211; &#8221;Meill\u00e4 oli fantastinen vuosikymmen yhdess\u00e4&#8221;"},"content":{"rendered":"<p>Saksalaisen hevilegenda Acceptin kokoonpanoon on vuodesta 2019 asti kuulunut kolme kitaristia. Nyt asiaan on kuitenkin tullut muutos: vuonna 2015 Herman Frankin korvaajaksi pestattu Uwe Lulis ei en\u00e4\u00e4 jatka yhtyeen riveiss\u00e4.<\/p>\n<p>\u201dPitk\u00e4n harkinnan j\u00e4lkeen Accept palaa perinteiseen kahden kitaristin kokoonpanoon\u201d, tiedotetaan yhtyeen some-kanavissa.<\/p>\n<p>\u201dP\u00e4\u00e4t\u00f6s perustuu puhtaasti logistisiin haasteisiin eik\u00e4 siihen liity henkil\u00f6kohtaisia tai musiikillisia erimielisyyksi\u00e4. Uwe ja Accept ovat hyviss\u00e4 v\u00e4leiss\u00e4 ja tulevat olemaan metallivelji\u00e4 jatkossakin. Meill\u00e4 oli fantastinen vuosikymmen yhdess\u00e4 \u2013 teimme mahtavia biisej\u00e4 ja levitimme metallin sanomaa isoilla lavoilla ymp\u00e4ri maailmaa. Toivomme h\u00e4nelle kaikkea hyv\u00e4\u00e4 ja juhlimme yhteist\u00e4 aikaamme suurella kunnioituksella.\u201d<\/p>\n<p>Entinen Grave Digger -kitaristi ei ole lopettamassa musiikkiuraansa vaan jatkaa muun muassa tuottajana sek\u00e4 oman Uwe Lulis Projectin parissa. Acceptin kitaristeina jatkavat puolestaan ainoa alkuper\u00e4isj\u00e4sen Wolf Hoffmann sek\u00e4 Philip Souse.<\/p>\n","protected":false},"excerpt":{"rendered":"Saksalaisen hevilegenda Acceptin kokoonpanoon on vuodesta 2019 asti kuulunut kolme kitaristia. Nyt asiaan on kuitenkin tullut muutos: vuonna&hellip;\n","protected":false},"author":2,"featured_media":45767,"comment_status":"","ping_status":"","sticky":false,"template":"","format":"standard","meta":{"footnotes":""},"categories":[132],"tags":[137,33,31,30,195,47,32,109],"class_list":{"0":"post-45766","1":"post","2":"type-post","3":"status-publish","4":"format-standard","5":"has-post-thumbnail","7":"category-musiikki","8":"tag-entertainment","9":"tag-fi","10":"tag-finland","11":"tag-finnish","12":"tag-music","13":"tag-musiikki","14":"tag-suomi","15":"tag-viihde"},"share_on_mastodon":{"url":"","error":""},"_links":{"self":[{"href":"https:\/\/www.europesays.com\/fi\/wp-json\/wp\/v2\/posts\/45766","targetHints":{"allow":["GET"]}}],"collection":[{"href":"https:\/\/www.europesays.com\/fi\/wp-json\/wp\/v2\/posts"}],"about":[{"href":"https:\/\/www.europesays.com\/fi\/wp-json\/wp\/v2\/types\/post"}],"author":[{"embeddable":true,"href":"https:\/\/www.europesays.com\/fi\/wp-json\/wp\/v2\/users\/2"}],"replies":[{"embeddable":true,"href":"https:\/\/www.europesays.com\/fi\/wp-json\/wp\/v2\/comments?post=45766"}],"version-history":[{"count":0,"href":"https:\/\/www.europesays.com\/fi\/wp-json\/wp\/v2\/posts\/45766\/revisions"}],"wp:featuredmedia":[{"embeddable":true,"href":"https:\/\/www.europesays.com\/fi\/wp-json\/wp\/v2\/media\/45767"}],"wp:attachment":[{"href":"https:\/\/www.europesays.com\/fi\/wp-json\/wp\/v2\/media?parent=45766"}],"wp:term":[{"taxonomy":"category","embeddable":true,"href":"https:\/\/www.europesays.com\/fi\/wp-json\/wp\/v2\/categories?post=45766"},{"taxonomy":"post_tag","embeddable":true,"href":"https:\/\/www.europesays.com\/fi\/wp-json\/wp\/v2\/tags?post=45766"}],"curies":[{"name":"wp","href":"https:\/\/api.w.org\/{rel}","templated":true}]}}