{"id":4578,"date":"2025-08-13T13:57:08","date_gmt":"2025-08-13T13:57:08","guid":{"rendered":"https:\/\/www.europesays.com\/fi\/4578\/"},"modified":"2025-08-13T13:57:08","modified_gmt":"2025-08-13T13:57:08","slug":"mies-tyonsi-kymmenia-naisia-kumoon-turussa-suurin-osa-uhreista-iakkaita-varsinais-suomi","status":"publish","type":"post","link":"https:\/\/www.europesays.com\/fi\/4578\/","title":{"rendered":"Mies ty\u00f6nsi kymmeni\u00e4 naisia kumoon Turussa \u2013 suurin osa uhreista i\u00e4kk\u00e4it\u00e4 | Varsinais-Suomi"},"content":{"rendered":"<p class=\"sc-jYczwO sc-dNFkOE bUKqJd eiHPxO yle__article__paragraph\">Py\u00f6r\u00e4ll\u00e4 liikkunut mies l\u00e4hestyi naisia yll\u00e4tt\u00e4en. Ep\u00e4ilty ty\u00f6nsi naisia maahan tai l\u00f6i nyrkill\u00e4. Miest\u00e4 ep\u00e4ill\u00e4\u00e4n kaikkiaan 21 pahoinpitelyst\u00e4, joista kuusi on t\u00f6rkeit\u00e4.<\/p>\n<p><img decoding=\"async\" alt=\"Enkeli hautakiven p\u00e4\u00e4ll\u00e4.\" src=\"https:\/\/www.europesays.com\/fi\/wp-content\/uploads\/2025\/08\/39-144949867f8f7bf4746f.jpeg\" class=\"sc-dntSTA iywpZY\"\/><\/p>\n<p>Avaa kuvien katselu<\/p>\n<p>Mies k\u00e4vi naisten kimppuun muun muassa hautausmailla. Arkistokuva. Kuva: Jani Aarnio \/ Yle<\/p>\n<p class=\"sc-jYczwO sc-ciCoXh bUKqJd cIOueB yle__article__paragraph\">Lounais-Suomen poliisi on saanut valmiiksi laajan rikoskokonaisuuden, joka koskee Turussa kev\u00e4\u00e4ll\u00e4 tapahtuneita, p\u00e4\u00e4asiassa i\u00e4kk\u00e4isiin naisiin kohdistuneita vakavia v\u00e4kivaltarikoksia.<\/p>\n<p class=\"sc-jYczwO sc-ciCoXh bUKqJd cIOueB yle__article__paragraph\">Asia on siirtynyt syyteharkintaan Varsinais-Suomen k\u00e4r\u00e4j\u00e4oikeuteen, kertoo Lounais-Suomen poliisi tiedotteessaan.<\/p>\n<p class=\"sc-jYczwO sc-ciCoXh bUKqJd cIOueB yle__article__paragraph\">41-vuotiaan miehen ep\u00e4ill\u00e4\u00e4n suunnitelmallisesti kohdistaneen \u00e4killist\u00e4 v\u00e4kivaltaa valitsemiinsa henkil\u00f6ihin.<\/p>\n<p class=\"sc-jYczwO sc-ciCoXh bUKqJd cIOueB yle__article__paragraph\">Ep\u00e4ilty valitsi kohteitaan muun muassa Turun Katariinan ja Vasaram\u00e4en hautausmailla, Verkahovissa ja Aurajokirannassa. Teot tapahtuivat yleisill\u00e4 paikoilla maalis\u2013toukokuussa.<\/p>\n<p class=\"sc-jYczwO sc-ciCoXh bUKqJd cIOueB yle__article__paragraph\">Poliisi otti ep\u00e4illyn kiinni toukokuun alussa, ja h\u00e4n on ollut siit\u00e4 l\u00e4htien vangittuna.<\/p>\n<p class=\"sc-jYczwO sc-ciCoXh bUKqJd cIOueB yle__article__paragraph\">Mies valitsi uhrinsa satunnaisesti tilaisuuden tullen ja paikan mukaan.<\/p>\n<p class=\"sc-jYczwO sc-ciCoXh bUKqJd cIOueB yle__article__paragraph\">\u2013 H\u00e4n liikkui polkupy\u00f6r\u00e4ll\u00e4 ja kohdisti uhreihinsa v\u00e4kivaltaa t\u00e4ysin yll\u00e4tt\u00e4en, ilman keskustelu- tai katsekontaktia, sanoo tiedotteessa tutkinnanjohtaja, rikoskomisario <strong class=\"sc-eEHciv gtNhAX yle__article__strong\">Tommi Kosunen<\/strong> Lounais-Suomen poliisilaitokselta.<\/p>\n<p>Uhreille vakavia vammoja<\/p>\n<p class=\"sc-jYczwO sc-ciCoXh bUKqJd cIOueB yle__article__paragraph\">Mies ty\u00f6nsi rajuin ottein uhrinsa nurin tai l\u00f6i nyrkill\u00e4 yl\u00e4vartaloon. Tekojen j\u00e4lkeen mies poistui nopeasti paikalta polkupy\u00f6r\u00e4ll\u00e4\u00e4n.<\/p>\n<p class=\"sc-jYczwO sc-ciCoXh bUKqJd cIOueB yle__article__paragraph\">\u2013 Osa uhreista sai vakavia ja pysyvi\u00e4 vammoja, Kosunen kertoo tiedotteessa.<\/p>\n<p class=\"sc-jYczwO sc-ciCoXh bUKqJd cIOueB yle__article__paragraph\">Uhreja on yhteens\u00e4 21, joista valtaosa on i\u00e4kk\u00e4it\u00e4 naisia. Uhrien laskennallinen keski-ik\u00e4 on 69 vuotta. Nuorin uhreista on 24-vuotias ja vanhin 89-vuotias.<\/p>\n<p>21 pahoinpitelyst\u00e4 kuusi on t\u00f6rkeit\u00e4<\/p>\n<p class=\"sc-jYczwO sc-ciCoXh bUKqJd cIOueB yle__article__paragraph\">Lounais-Suomen <a class=\"sc-jDJeIs gotUgl yle__article__link\" href=\"https:\/\/yle.fi\/a\/74-20161736\" role=\"link\" rel=\"nofollow noopener\" target=\"_blank\">poliisi tiedotti asiasta<\/a> ensimm\u00e4isen kerran toukokuun puoliv\u00e4liss\u00e4. Pian ensitiedottamisen j\u00e4lkeen poliisin tietoon tuli jo ilmoitettujen lis\u00e4ksi uusia kokonaisuuteen liittyvi\u00e4 pahoinpitelyrikoksia.<\/p>\n<p class=\"sc-jYczwO sc-ciCoXh bUKqJd cIOueB yle__article__paragraph\">Miest\u00e4 ep\u00e4ill\u00e4\u00e4n kaikkiaan 21 pahoinpitelyst\u00e4, joista kuusi on t\u00f6rkeit\u00e4.<\/p>\n<p class=\"sc-jYczwO sc-ciCoXh bUKqJd cIOueB yle__article__paragraph\">\u2013 Esitutkinnassa p\u00e4\u00e4dyttiin kuuden jutun osalta t\u00f6rke\u00e4\u00e4n pahoinpitelyyn tapauksissa, joissa uhri oli k\u00e4yt\u00e4nn\u00f6ss\u00e4 t\u00e4ysin puolustuskyvyt\u00f6n ja joissa uhrit ovat saaneet vakavia vammoja, Kosunen sanoo tiedotteessa.<\/p>\n<p class=\"sc-jYczwO sc-ciCoXh bUKqJd cIOueB yle__article__paragraph\">Ep\u00e4ilty on kiist\u00e4nyt syyllistyneens\u00e4 rikoksiin. Teoille ei ole esitutkinnassa selvinnyt selke\u00e4\u00e4 motiivia.<\/p>\n<p class=\"sc-jYczwO sc-ciCoXh bUKqJd cIOueB yle__article__paragraph\">Poliisi on selvitt\u00e4nyt my\u00f6s kuutta omaisuusrikosta, joista ep\u00e4ill\u00e4\u00e4n samaa tekij\u00e4\u00e4. Kyse on nelj\u00e4st\u00e4 varkaudesta ja kahdesta vahingonteosta.<\/p>\n","protected":false},"excerpt":{"rendered":"Py\u00f6r\u00e4ll\u00e4 liikkunut mies l\u00e4hestyi naisia yll\u00e4tt\u00e4en. Ep\u00e4ilty ty\u00f6nsi naisia maahan tai l\u00f6i nyrkill\u00e4. Miest\u00e4 ep\u00e4ill\u00e4\u00e4n kaikkiaan 21 pahoinpitelyst\u00e4,&hellip;\n","protected":false},"author":2,"featured_media":4579,"comment_status":"","ping_status":"","sticky":false,"template":"","format":"standard","meta":{"footnotes":""},"categories":[5],"tags":[22,23,26,27,33,31,30,17,71,24,25,2946,28,29,15,18,21,2944,581,32,19,20,2945,662,16,663],"class_list":{"0":"post-4578","1":"post","2":"type-post","3":"status-publish","4":"format-standard","5":"has-post-thumbnail","7":"category-otsikot","8":"tag-breaking-news","9":"tag-breakingnews","10":"tag-featured-news","11":"tag-featurednews","12":"tag-fi","13":"tag-finland","14":"tag-finnish","15":"tag-headlines","16":"tag-kotimaa","17":"tag-latest-news","18":"tag-latestnews","19":"tag-lounais-suomen-poliisilaitos","20":"tag-main-news","21":"tag-mainnews","22":"tag-news","23":"tag-otsikot","24":"tag-paauutiset","25":"tag-pahoinpitely","26":"tag-rikokset","27":"tag-suomi","28":"tag-top-stories","29":"tag-topstories","30":"tag-torkea-pahoinpitely","31":"tag-turku","32":"tag-uutiset","33":"tag-varsinais-suomi"},"share_on_mastodon":{"url":"","error":""},"_links":{"self":[{"href":"https:\/\/www.europesays.com\/fi\/wp-json\/wp\/v2\/posts\/4578","targetHints":{"allow":["GET"]}}],"collection":[{"href":"https:\/\/www.europesays.com\/fi\/wp-json\/wp\/v2\/posts"}],"about":[{"href":"https:\/\/www.europesays.com\/fi\/wp-json\/wp\/v2\/types\/post"}],"author":[{"embeddable":true,"href":"https:\/\/www.europesays.com\/fi\/wp-json\/wp\/v2\/users\/2"}],"replies":[{"embeddable":true,"href":"https:\/\/www.europesays.com\/fi\/wp-json\/wp\/v2\/comments?post=4578"}],"version-history":[{"count":0,"href":"https:\/\/www.europesays.com\/fi\/wp-json\/wp\/v2\/posts\/4578\/revisions"}],"wp:featuredmedia":[{"embeddable":true,"href":"https:\/\/www.europesays.com\/fi\/wp-json\/wp\/v2\/media\/4579"}],"wp:attachment":[{"href":"https:\/\/www.europesays.com\/fi\/wp-json\/wp\/v2\/media?parent=4578"}],"wp:term":[{"taxonomy":"category","embeddable":true,"href":"https:\/\/www.europesays.com\/fi\/wp-json\/wp\/v2\/categories?post=4578"},{"taxonomy":"post_tag","embeddable":true,"href":"https:\/\/www.europesays.com\/fi\/wp-json\/wp\/v2\/tags?post=4578"}],"curies":[{"name":"wp","href":"https:\/\/api.w.org\/{rel}","templated":true}]}}