{"id":45786,"date":"2025-09-26T11:48:10","date_gmt":"2025-09-26T11:48:10","guid":{"rendered":"https:\/\/www.europesays.com\/fi\/45786\/"},"modified":"2025-09-26T11:48:10","modified_gmt":"2025-09-26T11:48:10","slug":"vapaa-graffitiseina-sortohaassa-autogearin-puuaitaan-saa-taiteilla-luvan-kanssa-paikalliset","status":"publish","type":"post","link":"https:\/\/www.europesays.com\/fi\/45786\/","title":{"rendered":"Vapaa graffitisein\u00e4 Sortohaassa: AutoGearin puuaitaan saa taiteilla luvan kanssa | Paikalliset"},"content":{"rendered":"<p>Forssassa ei aiemmin ole juuri ollut mahdollisuuksia graffitien luvalliseen maalaamiseen. Nyt pysyv\u00e4 ja pitk\u00e4aikainen mahdollisuus on tarjolla Sortohaassa, Lepist\u00f6nkadun p\u00e4\u00e4ss\u00e4, sill\u00e4 paikallinen vaihteistoalan yritys AutoGear on korvamerkinnyt tonttiaan ymp\u00e4r\u00f6iv\u00e4st\u00e4 aidasta osan katutaiteelle.<\/p>\n<p>\u2013 Meid\u00e4n sek\u00e4 naapurin aitoihin oli jo piirrelty valmiiksi, joten ajattelin, ett\u00e4 miksi ei. Saamme pidetty\u00e4 julkisivun siistin\u00e4, sill\u00e4 aidassa olevat maalaukset n\u00e4kyv\u00e4t vain k\u00e4velytielle eiv\u00e4tk\u00e4 h\u00e4iritse siell\u00e4 ket\u00e4\u00e4n, AutoGearin <strong>Jenni Tav\u00e9n<\/strong> kuvailee idean taustoja.<\/p>\n<p>Graffitisein\u00e4 on osoittautunut suosituksi, sill\u00e4 aita on sallitulta 15 metrin matkalta t\u00e4yttynyt mukavasti eri tekij\u00f6iden katutaiteesta.<\/p>\n<p>\t\t<a class=\"diks-gallery__link\" href=\"https:\/\/i.media.fi\/incoming\/53j8tq\/11054301.jpg\/alternates\/FREE_1440\/11054301.jpg\" data-thumbnail=\"\" data-sub-html=\"AutoGearin aitaan kiinnitetyss\u00e4 kyltiss\u00e4 on selke\u00e4 ohjeistus graffitisein\u00e4n k\u00e4ytt\u00e4jille. Lassi Puhtim\u00e4ki\" aria-label=\"Katso isompi kuva\" rel=\"nofollow noopener\" target=\"_blank\"><br \/>\n\t\t\t\t<img class=\"diks-figure__image\" src=\"https:\/\/www.europesays.com\/fi\/wp-content\/uploads\/2025\/09\/11054301.jpg\" loading=\"lazy\" decoding=\"sync\" alt=\"\"\/><\/p>\n<p>\t\t\t<\/a><br \/>\n\t\t\t\t\tAutoGearin aitaan kiinnitetyss\u00e4 kyltiss\u00e4 on selke\u00e4 ohjeistus graffitisein\u00e4n k\u00e4ytt\u00e4jille. Lassi Puhtim\u00e4ki<\/p>\n<p>\u2013 Kyltin laittamisen j\u00e4lkeen paikalle on selke\u00e4sti l\u00f6ydetty, ja aitaan ilmestyi pian useampi maalaus. Nyth\u00e4n se on jo melkein t\u00e4ynn\u00e4. Emme ole edes mainostaneet sein\u00e4\u00e4 mitenk\u00e4\u00e4n.<\/p>\n<p>\u2013 Lis\u00e4tilaakin olisi mahdollista antaa, eli ehk\u00e4 k\u00e4yn siirt\u00e4m\u00e4ss\u00e4 kyltti\u00e4 niin, ett\u00e4 graffiteille j\u00e4\u00e4 enemm\u00e4nkin tilaa. K\u00e4sitt\u00e4\u00e4kseni graffiteissa on kuitenkin sellainen tyyli, ett\u00e4 vanhoja maalauksia voidaan peitt\u00e4\u00e4 uusilla, Tav\u00e9n pohtii.<\/p>\n<p><strong class=\"diks-storyline__impact\">Forssan<\/strong> kuvataidekoulun opettaja <strong>Marko Viik<\/strong> vahvistaa Tav\u00e9nin aavistuksen.<\/p>\n<p>\u2013 Vaihtuvuus voi olla todella nopeaa. Aktiivisuudesta riippuen on ihme, jos sama maalaus pysyy esill\u00e4 viikon. Toki n\u00e4in pienell\u00e4 paikkakunnalla ei v\u00e4ltt\u00e4m\u00e4tt\u00e4 ole niin vilkasta, kuvataidekoulun katutaideryhm\u00e4\u00e4 vet\u00e4v\u00e4 Viik kertoo.<\/p>\n<p>\t\t<a class=\"diks-gallery__link\" href=\"https:\/\/i.media.fi\/incoming\/e8uwk\/11054302.jpg\/alternates\/FREE_1440\/11054302.jpg\" data-thumbnail=\"\" data-sub-html=\"N\u00e4m\u00e4 AutoGearin aidassa komeilevat hahmot ovat Katutaideryhm\u00e4n Leo Puurosen ja Jenny Niemisen k\u00e4sialaa. Lassi Puhtim\u00e4ki\" aria-label=\"Katso isompi kuva\" rel=\"nofollow noopener\" target=\"_blank\"><br \/>\n\t\t\t\t<img class=\"diks-figure__image\" src=\"https:\/\/www.europesays.com\/fi\/wp-content\/uploads\/2025\/09\/11054302.jpg\" loading=\"lazy\" decoding=\"sync\" alt=\"\"\/><\/p>\n<p>\t\t\t<\/a><br \/>\n\t\t\t\t\tN\u00e4m\u00e4 AutoGearin aidassa komeilevat hahmot ovat Katutaideryhm\u00e4n Leo Puurosen ja Jenny Niemisen k\u00e4sialaa. Lassi Puhtim\u00e4ki<\/p>\n<p>Kuvataidekoulussa otettiin ilolla vastaan havainto luvallisesta graffitisein\u00e4st\u00e4, johon katutaideryhm\u00e4 on k\u00e4ynyt jo j\u00e4tt\u00e4m\u00e4ss\u00e4 k\u00e4denj\u00e4lkens\u00e4.<\/p>\n<p>\u2013 Haluan kiitt\u00e4\u00e4 l\u00e4mpim\u00e4sti AutoGearia siit\u00e4, ett\u00e4 he ovat tarjonneet t\u00e4llaisen mahdollisuuden kaikille forssalaisille ja miksei my\u00f6s ulkopaikkakuntalaisille, Viik iloitsee.<\/p>\n<p>Katutaideryhm\u00e4 on yli 13-vuotiaille suunnattu syvent\u00e4v\u00e4 ty\u00f6paja, jossa nuoret p\u00e4\u00e4sev\u00e4t tutustumaan katutaiteeseen sek\u00e4 suunnittelun ett\u00e4 k\u00e4yt\u00e4nn\u00f6n toteutuksen kautta. Aiemmin k\u00e4yt\u00e4nn\u00f6n toteutuksia on tehty pyynn\u00f6st\u00e4 esimerkiksi Forssan liikennepuistoon, mutta sopivien ja luvallisten paikkojen l\u00f6yt\u00e4minen on ollut ajoittain hankalaa ja ty\u00f6l\u00e4st\u00e4.<\/p>\n<p>\u2013 Toivottavasti saisimme Forssaan my\u00f6s muita uusia mahdollisuuksia ja paikkoja graffitien luvalliseen maalaamiseen, Viik toivoo.<\/p>\n<p>\t\t<a class=\"diks-gallery__link\" href=\"https:\/\/i.media.fi\/incoming\/28yjnl\/11054304.jpg\/alternates\/FREE_1440\/11054304.jpg\" data-thumbnail=\"\" data-sub-html=\"Viiksekk\u00e4\u00e4n keksin on taiteillut katutaideryhm\u00e4n Ninni Nurmi. Vihre\u00e4tukkainen hahmo taas on Elena Vaahteran kyn\u00e4st\u00e4 tai oikeammin spraypullosta. Lassi Puhtim\u00e4ki\" aria-label=\"Katso isompi kuva\" rel=\"nofollow noopener\" target=\"_blank\"><br \/>\n\t\t\t\t<img class=\"diks-figure__image\" src=\"https:\/\/www.europesays.com\/fi\/wp-content\/uploads\/2025\/09\/11054304.jpg\" loading=\"lazy\" decoding=\"sync\" alt=\"\"\/><\/p>\n<p>\t\t\t<\/a><br \/>\n\t\t\t\t\tViiksekk\u00e4\u00e4n keksin on taiteillut katutaideryhm\u00e4n Ninni Nurmi. Vihre\u00e4tukkainen hahmo taas on Elena Vaahteran kyn\u00e4st\u00e4 tai oikeammin spraypullosta. Lassi Puhtim\u00e4ki<\/p>\n<p><strong class=\"diks-storyline__impact\">Forssassa<\/strong> graffiteja saa t\u00e4ll\u00e4 hetkell\u00e4 luvallisesti maalata ainoastaan AutoGearin aitaan. Forssan kaupungin tilapalveluiden projektip\u00e4\u00e4llikk\u00f6 <strong>Jukka Per\u00e4l\u00e4n<\/strong> mukaan heille ei kovin usein tule kyselyit\u00e4 luvallisista maalauspaikoista.<\/p>\n<p>\u2013 Paljon maalataan luvattomasti, erityisesti siltojen alle ja rakennuksiin, joskin niihin hieman harvemmin. Graffiteista tulee meille tietenkin kuluja, sill\u00e4 niiden poistaminen ei ole halpaa puuhaa, Per\u00e4l\u00e4 sanoo.<\/p>\n<p>Purettava Kurjenpes\u00e4n p\u00e4iv\u00e4koti on poikkeus, sill\u00e4 siell\u00e4 graffiteja on k\u00e4yty luvan kanssa maalaamassa. Lupa on kysytty kaupungin tilapalveluista erikseen.<\/p>\n<p>\t\t<a class=\"diks-gallery__link\" href=\"https:\/\/i.media.fi\/incoming\/f2e3sk\/11045113.jpg\/alternates\/FREE_1440\/11045113.jpg\" data-thumbnail=\"\" data-sub-html=\"Kurjenpes\u00e4n p\u00e4iv\u00e4kodin seiniin graffiteja maalannut porukka oli erikseen kysynyt luvan kaupungin tilapalveluista. Lassi Puhtim\u00e4ki\" aria-label=\"Katso isompi kuva\" rel=\"nofollow noopener\" target=\"_blank\"><br \/>\n\t\t\t\t<img class=\"diks-figure__image\" src=\"https:\/\/www.europesays.com\/fi\/wp-content\/uploads\/2025\/09\/11045113.jpg\" loading=\"lazy\" decoding=\"sync\" alt=\"\"\/><\/p>\n<p>\t\t\t<\/a><br \/>\n\t\t\t\t\tKurjenpes\u00e4n p\u00e4iv\u00e4kodin seiniin graffiteja maalannut porukka oli erikseen kysynyt luvan kaupungin tilapalveluista. Lassi Puhtim\u00e4ki<\/p>\n<p>\u2013 Ei se kuitenkaan ole mit\u00e4\u00e4n yleist\u00e4 riistaa, ett\u00e4 siell\u00e4 saisi kuka tahansa k\u00e4yd\u00e4. Ennen maalaamista pit\u00e4\u00e4 sopia k\u00e4yt\u00f6ss\u00e4 olevista aineista, ett\u00e4 ne ovat vesiliukoisia eiv\u00e4tk\u00e4 esimerkiksi sis\u00e4ll\u00e4 haitta-aineita, Per\u00e4l\u00e4 taustoittaa.<\/p>\n<p>H\u00e4nen mukaansa ei ole poissuljettua, ett\u00e4 lupia voisi saada jatkossakin purettavien rakennusten maalaamiseen k\u00e4ytett\u00e4vist\u00e4 maaleista ja julkisivun materiaaleista riippuen.<\/p>\n<p>\u2013 Voihan sit\u00e4 aina kysy\u00e4. Kurjenpes\u00e4 on tietysti v\u00e4h\u00e4n huono esimerkki, sill\u00e4 se ei en\u00e4\u00e4 pitk\u00e4\u00e4n s\u00e4ily vaan puretaan aivan pian.<\/p>\n","protected":false},"excerpt":{"rendered":"Forssassa ei aiemmin ole juuri ollut mahdollisuuksia graffitien luvalliseen maalaamiseen. Nyt pysyv\u00e4 ja pitk\u00e4aikainen mahdollisuus on tarjolla Sortohaassa,&hellip;\n","protected":false},"author":2,"featured_media":45787,"comment_status":"","ping_status":"","sticky":false,"template":"","format":"standard","meta":{"footnotes":"","_share_on_mastodon":"0"},"categories":[135],"tags":[389,387,388,390,137,33,31,30,2909,8653,8810,32,394,485,393,391,392,109],"class_list":["post-45786","post","type-post","status-publish","format-standard","has-post-thumbnail","category-taiteet-ja-suunnittelu","tag-arts","tag-arts-and-design","tag-artsanddesign","tag-design","tag-entertainment","tag-fi","tag-finland","tag-finnish","tag-forssa","tag-graffitit","tag-katutaide","tag-suomi","tag-suunnittelu","tag-taide-yleista","tag-taiteet","tag-taiteet-ja-suunnittelu","tag-taiteetsuunnittelu","tag-viihde"],"share_on_mastodon":{"url":"","error":""},"_links":{"self":[{"href":"https:\/\/www.europesays.com\/fi\/wp-json\/wp\/v2\/posts\/45786","targetHints":{"allow":["GET"]}}],"collection":[{"href":"https:\/\/www.europesays.com\/fi\/wp-json\/wp\/v2\/posts"}],"about":[{"href":"https:\/\/www.europesays.com\/fi\/wp-json\/wp\/v2\/types\/post"}],"author":[{"embeddable":true,"href":"https:\/\/www.europesays.com\/fi\/wp-json\/wp\/v2\/users\/2"}],"replies":[{"embeddable":true,"href":"https:\/\/www.europesays.com\/fi\/wp-json\/wp\/v2\/comments?post=45786"}],"version-history":[{"count":0,"href":"https:\/\/www.europesays.com\/fi\/wp-json\/wp\/v2\/posts\/45786\/revisions"}],"wp:featuredmedia":[{"embeddable":true,"href":"https:\/\/www.europesays.com\/fi\/wp-json\/wp\/v2\/media\/45787"}],"wp:attachment":[{"href":"https:\/\/www.europesays.com\/fi\/wp-json\/wp\/v2\/media?parent=45786"}],"wp:term":[{"taxonomy":"category","embeddable":true,"href":"https:\/\/www.europesays.com\/fi\/wp-json\/wp\/v2\/categories?post=45786"},{"taxonomy":"post_tag","embeddable":true,"href":"https:\/\/www.europesays.com\/fi\/wp-json\/wp\/v2\/tags?post=45786"}],"curies":[{"name":"wp","href":"https:\/\/api.w.org\/{rel}","templated":true}]}}