{"id":46510,"date":"2025-09-27T06:38:07","date_gmt":"2025-09-27T06:38:07","guid":{"rendered":"https:\/\/www.europesays.com\/fi\/46510\/"},"modified":"2025-09-27T06:38:07","modified_gmt":"2025-09-27T06:38:07","slug":"fbi-erotti-agentteja-jotka-polvistuivat-rasismiprotestin-aikana-uutisia-lyhyesti","status":"publish","type":"post","link":"https:\/\/www.europesays.com\/fi\/46510\/","title":{"rendered":"FBI erotti agentteja, jotka polvistuivat rasismi\u00adprotestin aikana | Uutisia lyhyesti"},"content":{"rendered":"<p class=\"aw-1gybjub aw-5vja16 cmIuaG zKETg yle__article__paragraph\">Useita FBI:n agentteja kuvattiin polvistumassa Black lives matter -protestin aikana vuonna 2020. Kyseess\u00e4 oli yritys lievitt\u00e4\u00e4 j\u00e4nnitteit\u00e4 mielen\u00adosoittajien ja poliisin v\u00e4lill\u00e4.<\/p>\n<p class=\"aw-1gybjub aw-1p7kakr cmIuaG fmSRng yle__article__paragraph\">Yhdysvaltain liittovaltion poliisi FBI on erottanut joukon agentteja, jotka kuvattiin polvistumassa kadulla rasismia vastustavan mielenosoituksen aikana Washingtonissa vuonna 2020.<\/p>\n<p class=\"aw-1gybjub aw-1p7kakr cmIuaG fmSRng yle__article__paragraph\">Potkuista kertovat nimett\u00f6m\u00e4t l\u00e4hteet useille yhdysvaltalaismedioille ja uutistoimistoille.<\/p>\n<p class=\"aw-1gybjub aw-1p7kakr cmIuaG fmSRng yle__article__paragraph\">Polvistuminen oli yritys lievent\u00e4\u00e4 j\u00e4nnitteit\u00e4 syrjint\u00e4\u00e4 vastustavan Black lives matter -liikkeen mielenosoituksessa. Laajat protestit saivat alkunsa, kun poliisi tappoi mustan <strong class=\"aw-ak79eh KyCXm yle__article__strong\">George Floydin<\/strong> Minneapolisissa. L\u00e4hteiden mukaan polvistumisessa ei ollut kyse kannanotosta liikkeen puolesta.<\/p>\n<p class=\"aw-1gybjub aw-1p7kakr cmIuaG fmSRng yle__article__paragraph\">Erotettujen agenttien lukum\u00e4\u00e4r\u00e4\u00e4 ei ole kerrottu, mutta Reutersin ja AP:n tietojen mukaan heit\u00e4 on toistakymment\u00e4.<\/p>\n<p class=\"aw-1gybjub aw-1p7kakr cmIuaG fmSRng yle__article__paragraph\">FBI:n henkil\u00f6st\u00f6\u00e4 edustava FBI Agents Association tuomitsi lausunnossaan irtisanomiset jyrk\u00e4sti, mutta ei kommentoinut niiden syyt\u00e4.<\/p>\n<p class=\"aw-1gybjub aw-1p7kakr cmIuaG fmSRng yle__article__paragraph\">My\u00f6s elokuussa FBI:st\u00e4 erotettiin useita korkea-arvoisia virkamiehi\u00e4 ja johtohenkil\u00f6it\u00e4. Heist\u00e4 entinen vt. johtaja <strong class=\"aw-ak79eh KyCXm yle__article__strong\">Brian Driscoll<\/strong> ja kaksi muuta entist\u00e4 virkamiest\u00e4 ovat haastaneet presidentti <strong class=\"aw-ak79eh KyCXm yle__article__strong\">Donald Trumpin<\/strong> hallinnon oikeuteen. He v\u00e4itt\u00e4v\u00e4t, ett\u00e4 erottaminen oli kosto virkamiehille, joita ei pidet\u00e4 riitt\u00e4v\u00e4n lojaaleina Trumpin hallinnolle.<\/p>\n<p class=\"aw-1gybjub aw-1p7kakr cmIuaG fmSRng yle__article__paragraph\">L\u00e4hteet: Reuters, AP<\/p>\n","protected":false},"excerpt":{"rendered":"Useita FBI:n agentteja kuvattiin polvistumassa Black lives matter -protestin aikana vuonna 2020. Kyseess\u00e4 oli yritys lievitt\u00e4\u00e4 j\u00e4nnitteit\u00e4 mielen\u00adosoittajien&hellip;\n","protected":false},"author":2,"featured_media":74,"comment_status":"","ping_status":"","sticky":false,"template":"","format":"standard","meta":{"footnotes":""},"categories":[14],"tags":[22,23,26,27,33,31,30,17,24,25,28,29,15,18,21,32,19,20,56,16,59,60,61,619],"class_list":{"0":"post-46510","1":"post","2":"type-post","3":"status-publish","4":"format-standard","5":"has-post-thumbnail","7":"category-ulkomaat","8":"tag-breaking-news","9":"tag-breakingnews","10":"tag-featured-news","11":"tag-featurednews","12":"tag-fi","13":"tag-finland","14":"tag-finnish","15":"tag-headlines","16":"tag-latest-news","17":"tag-latestnews","18":"tag-main-news","19":"tag-mainnews","20":"tag-news","21":"tag-otsikot","22":"tag-paauutiset","23":"tag-suomi","24":"tag-top-stories","25":"tag-topstories","26":"tag-ulkomaat","27":"tag-uutiset","28":"tag-world","29":"tag-world-news","30":"tag-worldnews","31":"tag-yhdysvallat"},"share_on_mastodon":{"url":"","error":""},"_links":{"self":[{"href":"https:\/\/www.europesays.com\/fi\/wp-json\/wp\/v2\/posts\/46510","targetHints":{"allow":["GET"]}}],"collection":[{"href":"https:\/\/www.europesays.com\/fi\/wp-json\/wp\/v2\/posts"}],"about":[{"href":"https:\/\/www.europesays.com\/fi\/wp-json\/wp\/v2\/types\/post"}],"author":[{"embeddable":true,"href":"https:\/\/www.europesays.com\/fi\/wp-json\/wp\/v2\/users\/2"}],"replies":[{"embeddable":true,"href":"https:\/\/www.europesays.com\/fi\/wp-json\/wp\/v2\/comments?post=46510"}],"version-history":[{"count":0,"href":"https:\/\/www.europesays.com\/fi\/wp-json\/wp\/v2\/posts\/46510\/revisions"}],"wp:featuredmedia":[{"embeddable":true,"href":"https:\/\/www.europesays.com\/fi\/wp-json\/wp\/v2\/media\/74"}],"wp:attachment":[{"href":"https:\/\/www.europesays.com\/fi\/wp-json\/wp\/v2\/media?parent=46510"}],"wp:term":[{"taxonomy":"category","embeddable":true,"href":"https:\/\/www.europesays.com\/fi\/wp-json\/wp\/v2\/categories?post=46510"},{"taxonomy":"post_tag","embeddable":true,"href":"https:\/\/www.europesays.com\/fi\/wp-json\/wp\/v2\/tags?post=46510"}],"curies":[{"name":"wp","href":"https:\/\/api.w.org\/{rel}","templated":true}]}}