{"id":46519,"date":"2025-09-27T06:55:07","date_gmt":"2025-09-27T06:55:07","guid":{"rendered":"https:\/\/www.europesays.com\/fi\/46519\/"},"modified":"2025-09-27T06:55:07","modified_gmt":"2025-09-27T06:55:07","slug":"tama-lehma-sai-laulaja-eija-kantolankin-kyyneliin-hankasalmelainen-mollamaija-nahdaan-taas-farmi-suomessa-keski-suomi","status":"publish","type":"post","link":"https:\/\/www.europesays.com\/fi\/46519\/","title":{"rendered":"T\u00e4m\u00e4 lehm\u00e4 sai laulaja Eija Kantolankin kyyneliin \u2013 hankasalmelainen Mollamaija n\u00e4hd\u00e4\u00e4n taas Farmi-Suomessa | Keski-Suomi"},"content":{"rendered":"<p>Hankasalmen Niemisj\u00e4rvell\u00e4 sijaitsevalla Rantakorven luomutilalla asuu televisiosta tuttu julkkislehm\u00e4 Mollamaija.<\/p>\n<p>Mollamaija n\u00e4htiin ensimm\u00e4ist\u00e4 kertaa televisiossa kev\u00e4\u00e4ll\u00e4 Nelosen Farmi-Suomi-ohjelmassa. Elokuussa Mollamaija osallistui kuvauksiin toista kertaa, jonka j\u00e4lkeen se palasi kotiinsa kuukauden kest\u00e4neelt\u00e4 kuvausmatkalta tiistaina 2. syyskuuta.<\/p>\n<p>Kotiinpaluu ei sujunut ilman kommelluksia. Rantakorven tilan omistaja <strong>Johanna Koivuluoma<\/strong> kertoo, ett\u00e4 Mollamaijan seurana kuvauksissa ollut Yk\u00e4-nauta p\u00e4\u00e4si vapaaksi, kun el\u00e4imet piti siirt\u00e4\u00e4 kuljetusautoihin. Kuvaukset olivat k\u00e4ynniss\u00e4, ja ihmiset juoksivat Koivuluoman mukaan pitkin tantereita yritt\u00e4ess\u00e4\u00e4n napata karanneen Yk\u00e4n.<\/p>\n<p>\u2013\u2009Joku huuteli aina, ett\u00e4 \u201dt\u00e4\u00e4ll\u00e4 tarvitaan lis\u00e4\u00e4 joukkoja, lehm\u00e4 vapaana\u201d, Koivuluoma kertaa tapahtumia nauraen.<\/p>\n","protected":false},"excerpt":{"rendered":"Hankasalmen Niemisj\u00e4rvell\u00e4 sijaitsevalla Rantakorven luomutilalla asuu televisiosta tuttu julkkislehm\u00e4 Mollamaija. Mollamaija n\u00e4htiin ensimm\u00e4ist\u00e4 kertaa televisiossa kev\u00e4\u00e4ll\u00e4 Nelosen Farmi-Suomi-ohjelmassa.&hellip;\n","protected":false},"author":2,"featured_media":46520,"comment_status":"","ping_status":"","sticky":false,"template":"","format":"standard","meta":{"footnotes":""},"categories":[133],"tags":[404,137,33,31,30,10941,4130,785,7463,1756,32,1247,206,156,109],"class_list":{"0":"post-46519","1":"post","2":"type-post","3":"status-publish","4":"format-standard","5":"has-post-thumbnail","7":"category-televisiot","8":"tag-elaimet","9":"tag-entertainment","10":"tag-fi","11":"tag-finland","12":"tag-finnish","13":"tag-hankasalmen-seutu","14":"tag-hankasalmi","15":"tag-nisakkaat","16":"tag-pieksamaen-seutukunta","17":"tag-pieksamaki","18":"tag-suomi","19":"tag-televisio","20":"tag-televisiot","21":"tag-tv","22":"tag-viihde"},"share_on_mastodon":{"url":"","error":""},"_links":{"self":[{"href":"https:\/\/www.europesays.com\/fi\/wp-json\/wp\/v2\/posts\/46519","targetHints":{"allow":["GET"]}}],"collection":[{"href":"https:\/\/www.europesays.com\/fi\/wp-json\/wp\/v2\/posts"}],"about":[{"href":"https:\/\/www.europesays.com\/fi\/wp-json\/wp\/v2\/types\/post"}],"author":[{"embeddable":true,"href":"https:\/\/www.europesays.com\/fi\/wp-json\/wp\/v2\/users\/2"}],"replies":[{"embeddable":true,"href":"https:\/\/www.europesays.com\/fi\/wp-json\/wp\/v2\/comments?post=46519"}],"version-history":[{"count":0,"href":"https:\/\/www.europesays.com\/fi\/wp-json\/wp\/v2\/posts\/46519\/revisions"}],"wp:featuredmedia":[{"embeddable":true,"href":"https:\/\/www.europesays.com\/fi\/wp-json\/wp\/v2\/media\/46520"}],"wp:attachment":[{"href":"https:\/\/www.europesays.com\/fi\/wp-json\/wp\/v2\/media?parent=46519"}],"wp:term":[{"taxonomy":"category","embeddable":true,"href":"https:\/\/www.europesays.com\/fi\/wp-json\/wp\/v2\/categories?post=46519"},{"taxonomy":"post_tag","embeddable":true,"href":"https:\/\/www.europesays.com\/fi\/wp-json\/wp\/v2\/tags?post=46519"}],"curies":[{"name":"wp","href":"https:\/\/api.w.org\/{rel}","templated":true}]}}