{"id":46543,"date":"2025-09-27T07:31:08","date_gmt":"2025-09-27T07:31:08","guid":{"rendered":"https:\/\/www.europesays.com\/fi\/46543\/"},"modified":"2025-09-27T07:31:08","modified_gmt":"2025-09-27T07:31:08","slug":"ukrainalaisia-on-tyoskennellyt-turun-telakalla-yhtioissa-joihin-he-eivat-koskaan-hakeneet-toihin-uutisia-lyhyesti","status":"publish","type":"post","link":"https:\/\/www.europesays.com\/fi\/46543\/","title":{"rendered":"Ukrainalaisia on ty\u00f6skennellyt Turun telakalla yhti\u00f6iss\u00e4, joihin he eiv\u00e4t koskaan hakeneet t\u00f6ihin | Uutisia lyhyesti"},"content":{"rendered":"<p class=\"aw-1gybjub aw-5vja16 cmIuaG zKETg yle__article__paragraph\">STT ei tavoittanut alihankintayritysten p\u00e4\u00e4osin virolaisia vastuuhenkil\u00f6it\u00e4.<\/p>\n<p><img decoding=\"async\" alt=\"Carnival Mardi Gras -alus rakenteilla Turun telakalla\" src=\"https:\/\/www.europesays.com\/fi\/wp-content\/uploads\/2025\/09\/39-6108305dca7a4cb01ce.jpeg\" class=\"aw-1l9m598 hKVVvP\"\/><\/p>\n<p>Avaa kuvien katselu<\/p>\n<p>Turun telakan aluetta kuvattuna vuonna 2019. Kuva: Petra Ristola \/ Yle<\/p>\n<p class=\"aw-1gybjub aw-1p7kakr cmIuaG fmSRng yle__article__paragraph\">Ukrainalaisilta ty\u00f6ntekij\u00f6ilt\u00e4 on j\u00e4\u00e4nyt saamatta merkitt\u00e4v\u00e4 m\u00e4\u00e4r\u00e4 palkkoja Turun telakan alihankkijayrityksiss\u00e4.<\/p>\n<p class=\"aw-1gybjub aw-1p7kakr cmIuaG fmSRng yle__article__paragraph\">STT:n selvityksen mukaan ukrainalaiset ovat tehneet t\u00f6it\u00e4 viikonloppuisin, \u00f6isin ja yli kahdeksan tunnin vuoroissa. Mit\u00e4\u00e4n lisi\u00e4 ei palkkalaskelmien mukaan kuitenkaan ole maksettu. Lis\u00e4ksi ukrainalaisia on siirretty heilt\u00e4 kysym\u00e4tt\u00e4 yhti\u00f6iden v\u00e4lill\u00e4.<\/p>\n<p class=\"aw-1gybjub aw-1p7kakr cmIuaG fmSRng yle__article__paragraph\">STT ei tavoittanut alihankintayritysten p\u00e4\u00e4osin virolaisia vastuuhenkil\u00f6it\u00e4. Telakkayhti\u00f6 Meyer Turku sanoo olevansa asiasta tietoinen, mutta ei vastaa kysymykseen, ty\u00f6skenteleek\u00f6 t\u00e4ll\u00e4 hetkell\u00e4 telakan alueella STT:n selvitt\u00e4miss\u00e4 yrityksiss\u00e4 alipalkattuja ukrainalaisia.<\/p>\n","protected":false},"excerpt":{"rendered":"STT ei tavoittanut alihankintayritysten p\u00e4\u00e4osin virolaisia vastuuhenkil\u00f6it\u00e4. Avaa kuvien katselu Turun telakan aluetta kuvattuna vuonna 2019. Kuva: Petra&hellip;\n","protected":false},"author":2,"featured_media":46544,"comment_status":"","ping_status":"","sticky":false,"template":"","format":"standard","meta":{"footnotes":""},"categories":[12],"tags":[22,23,26,27,33,31,30,17,71,24,25,28,29,8833,15,18,21,32,78,19,20,662,860,3512,11313,16],"class_list":{"0":"post-46543","1":"post","2":"type-post","3":"status-publish","4":"format-standard","5":"has-post-thumbnail","7":"category-suomi","8":"tag-breaking-news","9":"tag-breakingnews","10":"tag-featured-news","11":"tag-featurednews","12":"tag-fi","13":"tag-finland","14":"tag-finnish","15":"tag-headlines","16":"tag-kotimaa","17":"tag-latest-news","18":"tag-latestnews","19":"tag-main-news","20":"tag-mainnews","21":"tag-meyer-turku-oy","22":"tag-news","23":"tag-otsikot","24":"tag-paauutiset","25":"tag-suomi","26":"tag-talous","27":"tag-top-stories","28":"tag-topstories","29":"tag-turku","30":"tag-tyoelama","31":"tag-tyontekijat","32":"tag-tyosopimukset","33":"tag-uutiset"},"share_on_mastodon":{"url":"","error":""},"_links":{"self":[{"href":"https:\/\/www.europesays.com\/fi\/wp-json\/wp\/v2\/posts\/46543","targetHints":{"allow":["GET"]}}],"collection":[{"href":"https:\/\/www.europesays.com\/fi\/wp-json\/wp\/v2\/posts"}],"about":[{"href":"https:\/\/www.europesays.com\/fi\/wp-json\/wp\/v2\/types\/post"}],"author":[{"embeddable":true,"href":"https:\/\/www.europesays.com\/fi\/wp-json\/wp\/v2\/users\/2"}],"replies":[{"embeddable":true,"href":"https:\/\/www.europesays.com\/fi\/wp-json\/wp\/v2\/comments?post=46543"}],"version-history":[{"count":0,"href":"https:\/\/www.europesays.com\/fi\/wp-json\/wp\/v2\/posts\/46543\/revisions"}],"wp:featuredmedia":[{"embeddable":true,"href":"https:\/\/www.europesays.com\/fi\/wp-json\/wp\/v2\/media\/46544"}],"wp:attachment":[{"href":"https:\/\/www.europesays.com\/fi\/wp-json\/wp\/v2\/media?parent=46543"}],"wp:term":[{"taxonomy":"category","embeddable":true,"href":"https:\/\/www.europesays.com\/fi\/wp-json\/wp\/v2\/categories?post=46543"},{"taxonomy":"post_tag","embeddable":true,"href":"https:\/\/www.europesays.com\/fi\/wp-json\/wp\/v2\/tags?post=46543"}],"curies":[{"name":"wp","href":"https:\/\/api.w.org\/{rel}","templated":true}]}}