{"id":46624,"date":"2025-09-27T09:28:08","date_gmt":"2025-09-27T09:28:08","guid":{"rendered":"https:\/\/www.europesays.com\/fi\/46624\/"},"modified":"2025-09-27T09:28:08","modified_gmt":"2025-09-27T09:28:08","slug":"daniel-radcliffe-aiheutti-hengenvaarapaniikin-illan-potter-elokuvan-kuvauksissa-ja-ohjaaja-hammasteli-alan-rickmanin-katsetta","status":"publish","type":"post","link":"https:\/\/www.europesays.com\/fi\/46624\/","title":{"rendered":"Daniel Radcliffe aiheutti hengenvaarapaniikin illan Potter-elokuvan kuvauksissa \u2013 ja ohjaaja h\u00e4mm\u00e4steli Alan Rickmanin katsetta"},"content":{"rendered":"<p>Illan tv-tarjonnan elokuva Harry Potter ja liekehtiv\u00e4 pikari (2005) perustuu <strong>J.K. Rowlingin <\/strong>kirjasarjan nelj\u00e4nteen osaan.<\/p>\n<p>T\u00e4ll\u00e4 kertaa Harry p\u00e4\u00e4tyy mukaan arvostettuihin Kolmivelhoturnajaisiin, vaikka kilpailu on tarkoitettu vanhemmille ja kokeneemmille oppilaille. Turnajaisissa on vastassa taitavia nuoria noitia ja velhoja Tylypahkasta sek\u00e4 kahdesta muusta Euroopan noitakoulusta. Edess\u00e4 on hengenvaarallisia teht\u00e4vi\u00e4 ja koitoksia, jotka koettelevat Harryn rohkeutta ja kykyj\u00e4 \u00e4\u00e4rirajoihin saakka.<\/p>\n<p>Samaan aikaan lordi Voldemort suunnittelee paluutaan ja Harryn on varauduttava entist\u00e4 suurempiin uhkiin. Mutta kaiken keskell\u00e4 h\u00e4nt\u00e4 mietitytt\u00e4\u00e4 my\u00f6s arkisempi ongelma \u2013 kuka l\u00e4htisi h\u00e4nen kanssaan joulutanssiaisiin?<\/p>\n<p><img loading=\"lazy\" height=\"497\" width=\"800\" class=\"wp-image-134441 sp-no-webp perfmatters-lazy\" alt=\"\" decoding=\"async\" src=\"https:\/\/www.europesays.com\/fi\/wp-content\/uploads\/2025\/09\/robert-pattinson-liekehtiva-pikari.jpg\"  data-\/> Robert Pattinson on mukana elokuvassa.<\/p>\n<p>Ohjaajana toimii <strong>Mike Newell<\/strong>. N\u00e4yttelij\u00f6in\u00e4 h\u00e4\u00e4riv\u00e4t <strong>Daniel Radcliffe<\/strong>, <strong>Rupert Grint<\/strong>, <strong>Emma Watson<\/strong>, <strong>Robert Pattinson<\/strong>, <strong>Robbie Coltrane<\/strong>, <strong>Ralph Fiennes<\/strong>, <strong>Michael Gambon<\/strong>, <strong>Brendan Gleeson<\/strong>, <strong>Jason Isaacs<\/strong>, <strong>Gary Oldman<\/strong>, <strong>Miranda Richardson<\/strong>, <strong>Alan Rickman<\/strong>, <strong>Maggie Smith<\/strong>, <strong>Timothy Spall<\/strong> ja <strong>Frances de la Tour<\/strong>.<\/p>\n<p>Vedenalaiset kohtaukset kuvattiin valtavassa, varta vasten rakennetussa s\u00e4ili\u00f6ss\u00e4, jonka taustalla k\u00e4ytettiin siniruutua. Turvasukeltajat varmistivat n\u00e4yttelij\u00f6iden turvallisuuden ja antoivat heille happea sukelluslaitteiden avulla, jotta heid\u00e4n ei tarvinnut nousta pintaan kesken otosten. Radcliffe vietti s\u00e4ili\u00f6ss\u00e4 yhteens\u00e4 noin 41 tuntia ja 38 minuuttia. <\/p>\n<p>Er\u00e4\u00e4n harjoituksen aikana Radcliffe antoi vahingossa hukkumista tarkoittavan k\u00e4simerkin. Tilanne aiheutti kuvausryhm\u00e4ss\u00e4 paniikkia, ja h\u00e4net nostettiin kiireesti pintaan ennen kuin v\u00e4\u00e4rink\u00e4sitys selvisi.<\/p>\n<p>Newell puolestaan ihmetteli er\u00e4\u00e4n\u00e4 kuvausp\u00e4iv\u00e4n\u00e4 Rickmanin silmi\u00e4, joissa h\u00e4n kehui olevan \u201dh\u00e4mm\u00e4stytt\u00e4v\u00e4 s\u00e4vy\u201d. Sitten Rickman nojasi eteenp\u00e4in ja nappasi toisesta silm\u00e4st\u00e4\u00e4n piilolinssin irti \u2013 Nevell ei tiennyt Rickmanin k\u00e4ytt\u00e4v\u00e4n sellaisia osana rooliaan.<\/p>\n<p>Elokuva on my\u00f6s HBO Maxissa. Alla traileri.<\/p>\n<p>Tulevat l\u00e4hetykset:<\/p>\n<ul class=\"wp-block-list\">\n<li>La 27.9.2025 klo 17.45, TV5<\/li>\n<li>Su 28.9.2025 klo 13.30 \u00b7 TV5<\/li>\n<\/ul>\n<p>Lue my\u00f6s: <a href=\"https:\/\/www.episodi.fi\/uutiset\/harry-potter-nayttelijan-onlyfans-tilista-tuli-seuraamuksia-kiellettiin-osallistumasta-potter-fanitapahtumaan\/\" title=\"Harry Potter -n\u00e4yttelij\u00e4n OnlyFans-tilist\u00e4 tuli seuraamuksia \u2013 kiellettiin osallistumasta Potter-fanitapahtumaan\" class=\"underline-custom !font-montserrat !font-bold !underline-offset-4 !decoration-4 !decoration-episodi-blue !text-md\" rel=\"nofollow noopener\" target=\"_blank\">Harry Potter -n\u00e4yttelij\u00e4n OnlyFans-tilist\u00e4 tuli seuraamuksia \u2013 kiellettiin osallistumasta Potter-fanitapahtumaan<\/a><\/p>\n<p>Lue my\u00f6s: <a href=\"https:\/\/www.episodi.fi\/uutiset\/emma-watson-vaalin-j-k-rowlingia-ja-kokemuksiani-hanen-kanssaan\/\" title=\"Emma Watson: \u201dVaalin J.K. Rowlingia ja kokemuksiani h\u00e4nen kanssaan\u201d\" class=\"underline-custom !font-montserrat !font-bold !underline-offset-4 !decoration-4 !decoration-episodi-blue !text-md\" rel=\"nofollow noopener\" target=\"_blank\">Emma Watson: \u201dVaalin J.K. Rowlingia ja kokemuksiani h\u00e4nen kanssaan\u201d<\/a><\/p>\n<p>Lue my\u00f6s: <a href=\"https:\/\/www.episodi.fi\/uutiset\/nyt-netflixissa-peaky-blinders-luojan-historiallinen-draamauutuus-kertoo-maailmankuulun-olutpanimon-alkutaipaleesta\/\" title=\"Nyt Netflixiss\u00e4: Peaky Blinders -luojan historiallinen draamauutuus kertoo maailmankuulun olutpanimon alkutaipaleesta\" class=\"underline-custom !font-montserrat !font-bold !underline-offset-4 !decoration-4 !decoration-episodi-blue !text-md\" rel=\"nofollow noopener\" target=\"_blank\">Nyt Netflixiss\u00e4: Peaky Blinders -luojan historiallinen draamauutuus kertoo maailmankuulun olutpanimon alkutaipaleesta<\/a><\/p>\n<p>Lue my\u00f6s: <a href=\"https:\/\/www.episodi.fi\/uutiset\/tonttu-onko-tama-elokuva-suomen-harry-potter-katso-traileri\/\" title=\"Tonttu! Onko t\u00e4m\u00e4 elokuva Suomen Harry Potter? \u2013 Katso traileri\" class=\"underline-custom !font-montserrat !font-bold !underline-offset-4 !decoration-4 !decoration-episodi-blue !text-md\" rel=\"nofollow noopener\" target=\"_blank\">Tonttu! Onko t\u00e4m\u00e4 elokuva Suomen Harry Potter? \u2013 Katso traileri<\/a><\/p>\n<p><img loading=\"lazy\" decoding=\"async\" alt=\"YouTube video\" width=\"480\" height=\"360\" data-pin-nopin=\"true\" nopin=\"nopin\" class=\"perfmatters-lazy\" src=\"https:\/\/www.europesays.com\/fi\/wp-content\/uploads\/2025\/09\/1758965288_335_hqdefault.jpg\"\/><\/p>\n<p>L\u00e4hde: <a href=\"https:\/\/www.imdb.com\/title\/tt0330373\/trivia\/?ref_=tt_ql_3\" target=\"_blank\" rel=\"noreferrer noopener nofollow\">IMDb<\/a><\/p>\n<p>Lue my\u00f6s: <a href=\"https:\/\/www.episodi.fi\/uutiskirje\/?uutiskirjemainos=tekstilinkkimainos\" title=\"Tilaa Episodin uutiskirje ja voit voittaa leffalippuja! Nappaa tv-vinkit suoraan s\u00e4hk\u00f6postiin t\u00e4st\u00e4.\" class=\"underline-custom !font-montserrat !font-bold !underline-offset-4 !decoration-4 !decoration-episodi-blue !text-md\" rel=\"nofollow noopener\" target=\"_blank\">Tilaa Episodin uutiskirje ja voit voittaa leffalippuja! Nappaa katseluvinkit suoraan s\u00e4hk\u00f6postiin t\u00e4st\u00e4.<\/a><\/p>\n","protected":false},"excerpt":{"rendered":"Illan tv-tarjonnan elokuva Harry Potter ja liekehtiv\u00e4 pikari (2005) perustuu J.K. Rowlingin kirjasarjan nelj\u00e4nteen osaan. T\u00e4ll\u00e4 kertaa Harry&hellip;\n","protected":false},"author":2,"featured_media":46625,"comment_status":"","ping_status":"","sticky":false,"template":"","format":"standard","meta":{"footnotes":""},"categories":[136],"tags":[407,137,33,31,30,408,32,139,109],"class_list":{"0":"post-46624","1":"post","2":"type-post","3":"status-publish","4":"format-standard","5":"has-post-thumbnail","7":"category-julkkikset","8":"tag-celebrities","9":"tag-entertainment","10":"tag-fi","11":"tag-finland","12":"tag-finnish","13":"tag-julkkikset","14":"tag-suomi","15":"tag-tv-ohjelmat","16":"tag-viihde"},"share_on_mastodon":{"url":"","error":""},"_links":{"self":[{"href":"https:\/\/www.europesays.com\/fi\/wp-json\/wp\/v2\/posts\/46624","targetHints":{"allow":["GET"]}}],"collection":[{"href":"https:\/\/www.europesays.com\/fi\/wp-json\/wp\/v2\/posts"}],"about":[{"href":"https:\/\/www.europesays.com\/fi\/wp-json\/wp\/v2\/types\/post"}],"author":[{"embeddable":true,"href":"https:\/\/www.europesays.com\/fi\/wp-json\/wp\/v2\/users\/2"}],"replies":[{"embeddable":true,"href":"https:\/\/www.europesays.com\/fi\/wp-json\/wp\/v2\/comments?post=46624"}],"version-history":[{"count":0,"href":"https:\/\/www.europesays.com\/fi\/wp-json\/wp\/v2\/posts\/46624\/revisions"}],"wp:featuredmedia":[{"embeddable":true,"href":"https:\/\/www.europesays.com\/fi\/wp-json\/wp\/v2\/media\/46625"}],"wp:attachment":[{"href":"https:\/\/www.europesays.com\/fi\/wp-json\/wp\/v2\/media?parent=46624"}],"wp:term":[{"taxonomy":"category","embeddable":true,"href":"https:\/\/www.europesays.com\/fi\/wp-json\/wp\/v2\/categories?post=46624"},{"taxonomy":"post_tag","embeddable":true,"href":"https:\/\/www.europesays.com\/fi\/wp-json\/wp\/v2\/tags?post=46624"}],"curies":[{"name":"wp","href":"https:\/\/api.w.org\/{rel}","templated":true}]}}