{"id":46634,"date":"2025-09-27T09:37:10","date_gmt":"2025-09-27T09:37:10","guid":{"rendered":"https:\/\/www.europesays.com\/fi\/46634\/"},"modified":"2025-09-27T09:37:10","modified_gmt":"2025-09-27T09:37:10","slug":"pekka-pouta-kertoo-syyn-upeisiin-iltaruskoihin","status":"publish","type":"post","link":"https:\/\/www.europesays.com\/fi\/46634\/","title":{"rendered":"Pekka Pouta kertoo syyn upeisiin iltaruskoihin"},"content":{"rendered":"<p><strong class=\"typography-bold\">Suomen taivaalla on nyt n\u00e4ht\u00e4viss\u00e4 poikkeuksellisen n\u00e4ytt\u00e4vi\u00e4 iltaruskoja ja auringonnousuja.<\/strong><\/p>\n<p>Meteorologi Pekka Pouta kertoo, ett\u00e4 v\u00e4riloisto on ollut harvinaisen voimakas ja ilmi\u00f6 jatkuu viel\u00e4 t\u00e4n\u00e4 iltana l\u00e4hes koko maassa.<\/p>\n<p>\u2013 Unohtakaa ne revontulet, t\u00e4m\u00e4 on uusi juttu, sanoo Pouta.<\/p>\n<p>Ilmi\u00f6 ajoittuu parhaaseen katseluaikaan, noin kello seitsem\u00e4\u00e4n illalla, jolloin ulkona istuva p\u00e4\u00e4see nauttimaan v\u00e4rien vaihtelusta.<\/p>\n<p>Iltarusko kest\u00e4\u00e4 noin tunnin ja muuttuu koko ajan eri s\u00e4vyiseksi \u2013 ilmi\u00f6 ei ole hetkellinen, vaan siit\u00e4 kannattaa rauhoittua nauttimaan.<\/p>\n<p><img decoding=\"async\" fetchpriority=\"low\" loading=\"lazy\" alt=\"S\u00e4\u00e4kuva Susanna Hannula Naantali\" class=\"block h-auto w-full\" src=\"https:\/\/www.europesays.com\/fi\/wp-content\/uploads\/2025\/09\/saakuva-susanna-hannula-naantali.jpg\"\/>Naantalissa perjantai-ilta oli kuin elokuvista.Lukijan kuva: Susanna Hannula<\/p>\n<p>Moni on ihmetellyt, mist\u00e4 poikkeuksellinen v\u00e4riloisto johtuu. Poudan mukaan syyn\u00e4 ei ole l\u00e4mp\u00f6, vaan ohut yl\u00e4pilvi, jonka aurinko valaisee auringonlaskun aikaan.<\/p>\n<p>\u2013 Aurinko valaisee pilven, ja kun se laskeutuu, se muuttaa v\u00e4ri\u00e4.<\/p>\n<p>Kuvissakin iltarusko n\u00e4ytt\u00e4\u00e4 jo vaikuttavalta, mutta Poudan mukaan todellisuus on viel\u00e4kin upeampi.<\/p>\n<p><img decoding=\"async\" fetchpriority=\"low\" loading=\"lazy\" alt=\"S\u00e4\u00e4kuva Tiina Luoranen Lappeenranta\" class=\"block h-auto w-full\" src=\"https:\/\/www.europesays.com\/fi\/wp-content\/uploads\/2025\/09\/saakuva-tiina-luoranen-lappeenranta.jpg\"\/>Lappeenrannassa ker\u00e4ttiin perjantaina Roosa nauha -reippailussa varoja Saimaan sy\u00f6p\u00e4yhdistykselle. Luonto\u00e4iti heijasti Roosa nauhan v\u00e4rit my\u00f6s taivaalle.Lukijan kuva: Tiina Luoranen<\/p>\n<p>Ilmi\u00f6 n\u00e4kyy t\u00e4n\u00e4 iltana l\u00e4hes koko maassa. Jos taivas on kirkas ennen auringonlaskua, kannattaa ehdottomasti menn\u00e4 ulos, Pouta neuvoo.<\/p>\n<p>\u2013 Jos kuvienkin kautta n\u00e4ytt\u00e4\u00e4 t\u00e4mm\u00f6iselt\u00e4, niin voi vaan mietti\u00e4, milt\u00e4 se n\u00e4ytt\u00e4\u00e4 oikeasti kun istuu tuolla ja katsoo sit\u00e4 iltaruskoa, joka pikkuhiljaa muuttuu eri s\u00e4vyiseksi.<\/p>\n<p><img decoding=\"async\" fetchpriority=\"low\" loading=\"lazy\" alt=\"S\u00e4\u00e4kuva Seija Huhtarinne Orivesi\" class=\"block h-auto w-full\" src=\"https:\/\/www.europesays.com\/fi\/wp-content\/uploads\/2025\/09\/saakuva-seija-huhtarinne-orivesi.jpg\"\/>V\u00e4riloistoa voi n\u00e4hd\u00e4 my\u00f6s aamulla. Lauantaina Orivedell\u00e4 maisema oli kuin satukirjasta.Lukijan kuva: Seija Huhtarinne<\/p>\n<p>Pouta muistuttaa, ett\u00e4 iltarusko on helppo havaita ja siit\u00e4 voi nauttia ilman valvomista y\u00f6my\u00f6h\u00e4\u00e4n \u2013 toisin kuin revontulista.<\/p>\n<p><strong class=\"typography-bold\">Katso videolta artikkelin alusta lis\u00e4\u00e4 n\u00e4ytt\u00e4vi\u00e4 kuvia iltaruskosta.<\/strong><\/p>\n<blockquote class=\"space-y-600 rounded-md bg-primary-100 px-600 py-1000 sub-theme-makuja:bg-makuja-100 sub-theme-makuja:text-primary-800 dark:bg-primary-500 sub-theme-makuja:dark:bg-makuja-900 sub-theme-makuja:dark:text-primary-100\">\n<p><strong class=\"typography-bold\">Kuvasitko n\u00e4ytt\u00e4v\u00e4n s\u00e4\u00e4kuvan tai -videon? L\u00e4het\u00e4 se MTV Uutisiin osoitteessa <\/strong><a class=\"underline\" data-testid=\"external-link\" href=\"https:\/\/lite.bcaster.com\/app\/NZq6a6Cb-all-fi-saakuvat\" rel=\"noopener noreferrer nofollow\" target=\"_blank\" data-sentry-component=\"ExternalLink\" data-sentry-source-file=\"ExternalLink.tsx\"><strong class=\"typography-bold\">mtvuutiset.fi\/saakuvat<\/strong><\/a><strong class=\"typography-bold\">.<\/strong><\/p>\n<\/blockquote>\n","protected":false},"excerpt":{"rendered":"Suomen taivaalla on nyt n\u00e4ht\u00e4viss\u00e4 poikkeuksellisen n\u00e4ytt\u00e4vi\u00e4 iltaruskoja ja auringonnousuja. Meteorologi Pekka Pouta kertoo, ett\u00e4 v\u00e4riloisto on ollut&hellip;\n","protected":false},"author":2,"featured_media":46635,"comment_status":"","ping_status":"","sticky":false,"template":"","format":"standard","meta":{"footnotes":""},"categories":[112],"tags":[33,31,30,118,32,119],"class_list":{"0":"post-46634","1":"post","2":"type-post","3":"status-publish","4":"format-standard","5":"has-post-thumbnail","7":"category-tiede","8":"tag-fi","9":"tag-finland","10":"tag-finnish","11":"tag-science","12":"tag-suomi","13":"tag-tiede"},"share_on_mastodon":{"url":"","error":""},"_links":{"self":[{"href":"https:\/\/www.europesays.com\/fi\/wp-json\/wp\/v2\/posts\/46634","targetHints":{"allow":["GET"]}}],"collection":[{"href":"https:\/\/www.europesays.com\/fi\/wp-json\/wp\/v2\/posts"}],"about":[{"href":"https:\/\/www.europesays.com\/fi\/wp-json\/wp\/v2\/types\/post"}],"author":[{"embeddable":true,"href":"https:\/\/www.europesays.com\/fi\/wp-json\/wp\/v2\/users\/2"}],"replies":[{"embeddable":true,"href":"https:\/\/www.europesays.com\/fi\/wp-json\/wp\/v2\/comments?post=46634"}],"version-history":[{"count":0,"href":"https:\/\/www.europesays.com\/fi\/wp-json\/wp\/v2\/posts\/46634\/revisions"}],"wp:featuredmedia":[{"embeddable":true,"href":"https:\/\/www.europesays.com\/fi\/wp-json\/wp\/v2\/media\/46635"}],"wp:attachment":[{"href":"https:\/\/www.europesays.com\/fi\/wp-json\/wp\/v2\/media?parent=46634"}],"wp:term":[{"taxonomy":"category","embeddable":true,"href":"https:\/\/www.europesays.com\/fi\/wp-json\/wp\/v2\/categories?post=46634"},{"taxonomy":"post_tag","embeddable":true,"href":"https:\/\/www.europesays.com\/fi\/wp-json\/wp\/v2\/tags?post=46634"}],"curies":[{"name":"wp","href":"https:\/\/api.w.org\/{rel}","templated":true}]}}