{"id":46666,"date":"2025-09-27T10:23:07","date_gmt":"2025-09-27T10:23:07","guid":{"rendered":"https:\/\/www.europesays.com\/fi\/46666\/"},"modified":"2025-09-27T10:23:07","modified_gmt":"2025-09-27T10:23:07","slug":"illalla-tvssa-4-tahden-modernia-lankkariviihdetta-nayttelija-oli-erittain-vahalla-menettaa-roolinsa","status":"publish","type":"post","link":"https:\/\/www.europesays.com\/fi\/46666\/","title":{"rendered":"Illalla tv:ss\u00e4: 4 t\u00e4hden modernia l\u00e4nkk\u00e4riviihdett\u00e4 &#8211; n\u00e4yttelij\u00e4 oli eritt\u00e4in v\u00e4h\u00e4ll\u00e4 menett\u00e4\u00e4 roolinsa"},"content":{"rendered":"<p>Illan tv-viihteess\u00e4 on tarjolla The Magnificent Seven (2016). Se on moderni versio vuoden 1960 klassikosta. Vuoden 1960-versio puolestaan otti mallia <strong>Akira Kurosawan <\/strong>elokuvasta Seitsem\u00e4n samuraita (1954).<\/p>\n<p>Rose Creekist\u00e4 l\u00f6ytyy arvokkaita kultakaivoksia, joihin kylm\u00e4verinen liikemies Bartholomew Bogue aikoo iske\u00e4. Kun Emma Cullen menett\u00e4\u00e4 miehens\u00e4 v\u00e4kivallan seurauksena, h\u00e4n p\u00e4\u00e4tt\u00e4\u00e4 puolustaa kyl\u00e4\u00e4ns\u00e4 hinnalla mill\u00e4 hyv\u00e4ns\u00e4. Avukseen h\u00e4n saa entisen lainvalvojan Sam Chisolmin, joka kokoaa ymp\u00e4rilleen pelottomien taistelijoiden joukon valmiina suojelemaan kyl\u00e4l\u00e4isi\u00e4 sortoa vastaan.<\/p>\n<p>N\u00e4yttelij\u00f6in\u00e4 <strong>Denzel Washington<\/strong>, <strong>Chris Pratt<\/strong>, <strong>Ethan Hawke<\/strong>, <strong>Peter Sarsgaard <\/strong>sek\u00e4\u00a0<strong>Haley Bennett<\/strong>. Ohjauksesta vastaa <strong>Antoine Fuqua<\/strong>.<\/p>\n<p>Episodin <a href=\"https:\/\/www.episodi.fi\/elokuvat\/the-magnificent-seven\/\" target=\"_blank\" rel=\"noreferrer noopener nofollow\">arvostelussa<\/a> elokuva sai nelj\u00e4 t\u00e4hte\u00e4:<\/p>\n<p>\u201dFuquan elokuva jakautuu selv\u00e4sti kolmeen osaan. Alun dramaattiset tapahtumat esittelev\u00e4t tapahtumapaikan ja Sarsgaardin Bartholomew Boguen yksiulotteisuudessaankin vaikuttavan pahuuden ja h\u00e4ik\u00e4ilem\u00e4tt\u00f6myyden. Toinen osa on komediallisempi\u00a0<strong>Denzel Washingtonin<\/strong> n\u00e4yttelem\u00e4n Chisolmin ker\u00e4tess\u00e4 itselleen apureita kyl\u00e4n puolustajiksi. Sekalainen seurakunta muodostuu hieman keinotekoisesti mutta tarinankuljetuksen kannalta kuitenkin sujuvasti. K\u00e4yt\u00e4nn\u00f6ss\u00e4 joukon j\u00e4senet ovat yhden luonteenpiirteen tai erikoiskyvyn sanelemia hahmoja, mutta pienin vedoin heille luodaan my\u00f6s omaa persoonallisuutta.\u201d<\/p>\n<p><strong>Martin Sensmeier<\/strong> pestattiin Red Harvestin rooliin, ja yksi h\u00e4nen valttikorteistaan olivat pitk\u00e4t, l\u00e4hes polviin ylt\u00e4v\u00e4t hiukset. Fuqua menikin pois tolaltaan, kun Sensmeier leikkasi hiuksensa pian koe-esiintymisen j\u00e4lkeen. Sitten Fuqua keksi, ett\u00e4 Sensmeier voisi leikkauttaa irokeesin.<\/p>\n<p>Rotten Tomatoesin kriitikkomittari n\u00e4ytt\u00e4\u00e4 lukua 64 ja yleis\u00f6mittari lukua 71. Yleis\u00f6n keskiarvopisteet ovat 3,7 viidest\u00e4. Sivuston konsensusteksti kuuluu seuraavasti:<\/p>\n<p>\u201dThe Magnificent Seven ei todellisuudessa yll\u00e4 nimens\u00e4 superlatiiviin \u2013 eik\u00e4 niihin klassikoihin, joista se ammentaa \u2013 mutta se toimii silti kohtalaisen viihdytt\u00e4v\u00e4n\u00e4 toimintatrillerin\u00e4 omilla ansioillaan.\u201d<\/p>\n<p>Elokuva on my\u00f6s Prime Videossa. Alla traileri.<\/p>\n<p>Tulevat l\u00e4hetykset:<\/p>\n<ul class=\"wp-block-list\">\n<li>La 27.9.2025 klo 21.00, Jim<\/li>\n<li>Ma 29.9.2025 klo 00.15 \u00b7 Nelonen<\/li>\n<li>Su 12.10.2025 klo 00.25 \u00b7 Nelonen<\/li>\n<\/ul>\n<p>Lue my\u00f6s: <a href=\"https:\/\/www.episodi.fi\/uutiset\/ralph-fiennes-62-muuntautui-taysin-treenasi-uuteen-rooliinsa-veistoksellisen-bodarikehon\/\" title=\"Ralph Fiennes, 62, muuntautui t\u00e4ysin! Treenasi uuteen elokuvaansa veistoksellisen bodarikehon\" class=\"underline-custom !font-montserrat !font-bold !underline-offset-4 !decoration-4 !decoration-episodi-blue !text-md\" rel=\"nofollow noopener\" target=\"_blank\">Ralph Fiennes, 62, muuntautui t\u00e4ysin! Treenasi uuteen elokuvaansa veistoksellisen bodarikehon<\/a><\/p>\n<p>Lue my\u00f6s: <a href=\"https:\/\/www.episodi.fi\/uutiset\/suoratoistohelmi-vuoden-2011-viihdyttava-leffa-kamppailuroboteista-saattoi-jo-unohtua-parhaillaan-puuhataan-sarjaa\/\" title=\"Suoratoistohelmi: Vuoden 2011 viihdytt\u00e4v\u00e4 leffa kamppailuroboteista saattoi jo unohtua \u2013 siit\u00e4 puuhataan nyt my\u00f6s sarjaa!\" class=\"underline-custom !font-montserrat !font-bold !underline-offset-4 !decoration-4 !decoration-episodi-blue !text-md\" rel=\"nofollow noopener\" target=\"_blank\">Suoratoistohelmi: Vuoden 2011 viihdytt\u00e4v\u00e4 leffa kamppailuroboteista saattoi jo unohtua \u2013 siit\u00e4 puuhataan nyt my\u00f6s sarjaa!<\/a><\/p>\n<p><img loading=\"lazy\" decoding=\"async\" alt=\"YouTube video\" width=\"480\" height=\"360\" data-pin-nopin=\"true\" nopin=\"nopin\" class=\"perfmatters-lazy\" src=\"https:\/\/www.europesays.com\/fi\/wp-content\/uploads\/2025\/09\/1758968587_142_hqdefault.jpg\"\/><\/p>\n<p>L\u00e4hde: <a href=\"https:\/\/www.imdb.com\/title\/tt2404435\/\" target=\"_blank\" rel=\"noreferrer noopener nofollow\">IMDb<\/a><\/p>\n<p>Lue my\u00f6s: <a href=\"https:\/\/www.episodi.fi\/uutiskirje\/?uutiskirjemainos=tekstilinkkimainos\" title=\"Tilaa Episodin uutiskirje ja voit voittaa leffalippuja! Nappaa tv-vinkit suoraan s\u00e4hk\u00f6postiin t\u00e4st\u00e4.\" class=\"underline-custom !font-montserrat !font-bold !underline-offset-4 !decoration-4 !decoration-episodi-blue !text-md\" rel=\"nofollow noopener\" target=\"_blank\">Tilaa Episodin uutiskirje ja voit voittaa leffalippuja! Nappaa katseluvinkit suoraan s\u00e4hk\u00f6postiin t\u00e4st\u00e4.<\/a><\/p>\n","protected":false},"excerpt":{"rendered":"Illan tv-viihteess\u00e4 on tarjolla The Magnificent Seven (2016). Se on moderni versio vuoden 1960 klassikosta. Vuoden 1960-versio puolestaan&hellip;\n","protected":false},"author":2,"featured_media":46667,"comment_status":"","ping_status":"","sticky":false,"template":"","format":"standard","meta":{"footnotes":""},"categories":[133],"tags":[137,33,31,30,32,206,139,156,109],"class_list":{"0":"post-46666","1":"post","2":"type-post","3":"status-publish","4":"format-standard","5":"has-post-thumbnail","7":"category-televisiot","8":"tag-entertainment","9":"tag-fi","10":"tag-finland","11":"tag-finnish","12":"tag-suomi","13":"tag-televisiot","14":"tag-tv-ohjelmat","15":"tag-tv","16":"tag-viihde"},"share_on_mastodon":{"url":"","error":""},"_links":{"self":[{"href":"https:\/\/www.europesays.com\/fi\/wp-json\/wp\/v2\/posts\/46666","targetHints":{"allow":["GET"]}}],"collection":[{"href":"https:\/\/www.europesays.com\/fi\/wp-json\/wp\/v2\/posts"}],"about":[{"href":"https:\/\/www.europesays.com\/fi\/wp-json\/wp\/v2\/types\/post"}],"author":[{"embeddable":true,"href":"https:\/\/www.europesays.com\/fi\/wp-json\/wp\/v2\/users\/2"}],"replies":[{"embeddable":true,"href":"https:\/\/www.europesays.com\/fi\/wp-json\/wp\/v2\/comments?post=46666"}],"version-history":[{"count":0,"href":"https:\/\/www.europesays.com\/fi\/wp-json\/wp\/v2\/posts\/46666\/revisions"}],"wp:featuredmedia":[{"embeddable":true,"href":"https:\/\/www.europesays.com\/fi\/wp-json\/wp\/v2\/media\/46667"}],"wp:attachment":[{"href":"https:\/\/www.europesays.com\/fi\/wp-json\/wp\/v2\/media?parent=46666"}],"wp:term":[{"taxonomy":"category","embeddable":true,"href":"https:\/\/www.europesays.com\/fi\/wp-json\/wp\/v2\/categories?post=46666"},{"taxonomy":"post_tag","embeddable":true,"href":"https:\/\/www.europesays.com\/fi\/wp-json\/wp\/v2\/tags?post=46666"}],"curies":[{"name":"wp","href":"https:\/\/api.w.org\/{rel}","templated":true}]}}