{"id":46743,"date":"2025-09-27T12:07:08","date_gmt":"2025-09-27T12:07:08","guid":{"rendered":"https:\/\/www.europesays.com\/fi\/46743\/"},"modified":"2025-09-27T12:07:08","modified_gmt":"2025-09-27T12:07:08","slug":"the-witcherissa-vaihtui-henry-cavillin-lisaksi-myos-tama-tarkea-nayttelija","status":"publish","type":"post","link":"https:\/\/www.europesays.com\/fi\/46743\/","title":{"rendered":"The Witcheriss\u00e4 vaihtui Henry Cavillin lis\u00e4ksi my\u00f6s t\u00e4m\u00e4 t\u00e4rke\u00e4 n\u00e4yttelij\u00e4"},"content":{"rendered":"<p>The Witcher -sarjan nelj\u00e4s kausi kohtasi ongelmia, kun <strong>Henry Cavill <\/strong>p\u00e4\u00e4tti j\u00e4tt\u00e4\u00e4 tuotannon taakseen.<\/p>\n<p>Cavillin tilalle nousi <strong>Liam Hemsworth<\/strong> uudeksi Geraltiksi.<\/p>\n<p>Lue my\u00f6s: <a href=\"https:\/\/www.episodi.fi\/uutiset\/the-witcher-sarjan-budjetti-on-allistyttava-uusi-kausi-maksoi-marvel-leffan-verran\/\" title=\"The Witcher -sarjan budjetti on \u00e4llistytt\u00e4v\u00e4 \u2013 uusi kausi maksoi Marvel-leffan verran\" class=\"underline-custom !font-montserrat !font-bold !underline-offset-4 !decoration-4 !decoration-episodi-blue !text-md\" rel=\"nofollow noopener\" target=\"_blank\">The Witcher -sarjan budjetti on \u00e4llistytt\u00e4v\u00e4 \u2013 uusi kausi maksoi Marvel-leffan verran<\/a><\/p>\n<p>Lue my\u00f6s: <a href=\"https:\/\/www.episodi.fi\/uutiset\/talta-nayttaa-liam-hemsworth-noiturina-katso-the-witcherin-neloskauden-traileri\/\" title=\"T\u00e4lt\u00e4 n\u00e4ytt\u00e4\u00e4 Liam Hemsworth Noiturina \u2013 katso The Witcherin neloskauden traileri\" class=\"underline-custom !font-montserrat !font-bold !underline-offset-4 !decoration-4 !decoration-episodi-blue !text-md\" rel=\"nofollow noopener\" target=\"_blank\">T\u00e4lt\u00e4 n\u00e4ytt\u00e4\u00e4 Liam Hemsworth Noiturina \u2013 katso The Witcherin neloskauden traileri<\/a><\/p>\n<p>Samalla my\u00f6s <strong>Kim Bodnia<\/strong> on j\u00e4tt\u00e4nyt pestins\u00e4 Vesemirin\u00e4, Geraltin is\u00e4hahmona ja mentorina. Tilalle tulee <strong>Peter Mullan.<\/strong><\/p>\n<p>Mullan muistetaan kuningas Dunir III:na Taru sormusten herrasta: Valtasormukset -sarjasta sek\u00e4 Outlander: Blood of My Bloodista.<\/p>\n<p>The Witcherin nelj\u00e4s kausi k\u00e4ynnistyy 30. lokakuuta Netflixiss\u00e4.<\/p>\n<p>L\u00e4hde: <a href=\"https:\/\/screenrant.com\/the-witcher-season-4-recast-vesemir-peter-mullan\/\" target=\"_blank\" rel=\"noreferrer noopener nofollow\">Screenrant<\/a><\/p>\n<p>Lue my\u00f6s: <a href=\"https:\/\/www.episodi.fi\/uutiskirje\/?uutiskirjemainos=tekstilinkkimainos\" title=\"Tilaa Episodin uutiskirje ja voit voittaa leffalippuja! Nappaa tv-vinkit suoraan s\u00e4hk\u00f6postiin t\u00e4st\u00e4.\" class=\"underline-custom !font-montserrat !font-bold !underline-offset-4 !decoration-4 !decoration-episodi-blue !text-md\" rel=\"nofollow noopener\" target=\"_blank\">Tilaa Episodin uutiskirje ja voit voittaa leffalippuja! Nappaa katseluvinkit suoraan s\u00e4hk\u00f6postiin t\u00e4st\u00e4.<\/a><\/p>\n","protected":false},"excerpt":{"rendered":"The Witcher -sarjan nelj\u00e4s kausi kohtasi ongelmia, kun Henry Cavill p\u00e4\u00e4tti j\u00e4tt\u00e4\u00e4 tuotannon taakseen. Cavillin tilalle nousi Liam&hellip;\n","protected":false},"author":2,"featured_media":46744,"comment_status":"","ping_status":"","sticky":false,"template":"","format":"standard","meta":{"footnotes":""},"categories":[133],"tags":[137,33,31,30,11940,217,11941,32,206,9852,156,109],"class_list":{"0":"post-46743","1":"post","2":"type-post","3":"status-publish","4":"format-standard","5":"has-post-thumbnail","7":"category-televisiot","8":"tag-entertainment","9":"tag-fi","10":"tag-finland","11":"tag-finnish","12":"tag-kim-bodnia","13":"tag-netflix","14":"tag-peter-mullan","15":"tag-suomi","16":"tag-televisiot","17":"tag-the-witcher","18":"tag-tv","19":"tag-viihde"},"share_on_mastodon":{"url":"","error":""},"_links":{"self":[{"href":"https:\/\/www.europesays.com\/fi\/wp-json\/wp\/v2\/posts\/46743","targetHints":{"allow":["GET"]}}],"collection":[{"href":"https:\/\/www.europesays.com\/fi\/wp-json\/wp\/v2\/posts"}],"about":[{"href":"https:\/\/www.europesays.com\/fi\/wp-json\/wp\/v2\/types\/post"}],"author":[{"embeddable":true,"href":"https:\/\/www.europesays.com\/fi\/wp-json\/wp\/v2\/users\/2"}],"replies":[{"embeddable":true,"href":"https:\/\/www.europesays.com\/fi\/wp-json\/wp\/v2\/comments?post=46743"}],"version-history":[{"count":0,"href":"https:\/\/www.europesays.com\/fi\/wp-json\/wp\/v2\/posts\/46743\/revisions"}],"wp:featuredmedia":[{"embeddable":true,"href":"https:\/\/www.europesays.com\/fi\/wp-json\/wp\/v2\/media\/46744"}],"wp:attachment":[{"href":"https:\/\/www.europesays.com\/fi\/wp-json\/wp\/v2\/media?parent=46743"}],"wp:term":[{"taxonomy":"category","embeddable":true,"href":"https:\/\/www.europesays.com\/fi\/wp-json\/wp\/v2\/categories?post=46743"},{"taxonomy":"post_tag","embeddable":true,"href":"https:\/\/www.europesays.com\/fi\/wp-json\/wp\/v2\/tags?post=46743"}],"curies":[{"name":"wp","href":"https:\/\/api.w.org\/{rel}","templated":true}]}}