{"id":46765,"date":"2025-09-27T12:38:07","date_gmt":"2025-09-27T12:38:07","guid":{"rendered":"https:\/\/www.europesays.com\/fi\/46765\/"},"modified":"2025-09-27T12:38:07","modified_gmt":"2025-09-27T12:38:07","slug":"suomesta-tuli-ohivetajien-maa-hs-fi","status":"publish","type":"post","link":"https:\/\/www.europesays.com\/fi\/46765\/","title":{"rendered":"Suomesta tuli ohivet\u00e4jien maa | HS.fi"},"content":{"rendered":"<p>Suomalaiset j\u00e4tt\u00e4v\u00e4t t\u00e4rkeit\u00e4kin perhejuhlia v\u00e4liin viime hetken viestill\u00e4. T\u00e4m\u00e4 olisi Saksassa vaikeaa, sill\u00e4 juhliminen otetaan hyvin vakavasti, kirjoittaa Berliiniss\u00e4 asuva HS Vision kolumnisti Suvi Turtiainen.<\/p>\n<p class=\"article-body mb-nof-24 px-nof-16\">Milloin Suomesta tuli ohivet\u00e4jien ja kotona istujien maa?<\/p>\n<p class=\"article-body mb-nof-24 px-nof-16\">Ihmiset peruvat viime tingassa osallistumisen rippijuhliin, <a class=\"article-genericlink\" href=\"https:\/\/www.hs.fi\/suomi\/art-2000011421308.html\" rel=\"nofollow noopener\" target=\"_blank\">kertoi<\/a> Helsingin Sanomat elokuussa.<\/p>\n<p class=\"article-body mb-nof-24 px-nof-16\">Suomalaiskaverit kertovat samasta ohari-ilmi\u00f6st\u00e4 kaveriporukoissa ja ty\u00f6menoissa. Nopea tekstari, sori, ei pystyk\u00e4\u00e4n, on alkanut yleisty\u00e4.<\/p>\n","protected":false},"excerpt":{"rendered":"Suomalaiset j\u00e4tt\u00e4v\u00e4t t\u00e4rkeit\u00e4kin perhejuhlia v\u00e4liin viime hetken viestill\u00e4. T\u00e4m\u00e4 olisi Saksassa vaikeaa, sill\u00e4 juhliminen otetaan hyvin vakavasti, kirjoittaa&hellip;\n","protected":false},"author":2,"featured_media":46766,"comment_status":"","ping_status":"","sticky":false,"template":"","format":"standard","meta":{"footnotes":""},"categories":[130],"tags":[137,33,31,30,46,32,109],"class_list":{"0":"post-46765","1":"post","2":"type-post","3":"status-publish","4":"format-standard","5":"has-post-thumbnail","7":"category-viihde","8":"tag-entertainment","9":"tag-fi","10":"tag-finland","11":"tag-finnish","12":"tag-helsingin-sanomat","13":"tag-suomi","14":"tag-viihde"},"share_on_mastodon":{"url":"","error":""},"_links":{"self":[{"href":"https:\/\/www.europesays.com\/fi\/wp-json\/wp\/v2\/posts\/46765","targetHints":{"allow":["GET"]}}],"collection":[{"href":"https:\/\/www.europesays.com\/fi\/wp-json\/wp\/v2\/posts"}],"about":[{"href":"https:\/\/www.europesays.com\/fi\/wp-json\/wp\/v2\/types\/post"}],"author":[{"embeddable":true,"href":"https:\/\/www.europesays.com\/fi\/wp-json\/wp\/v2\/users\/2"}],"replies":[{"embeddable":true,"href":"https:\/\/www.europesays.com\/fi\/wp-json\/wp\/v2\/comments?post=46765"}],"version-history":[{"count":0,"href":"https:\/\/www.europesays.com\/fi\/wp-json\/wp\/v2\/posts\/46765\/revisions"}],"wp:featuredmedia":[{"embeddable":true,"href":"https:\/\/www.europesays.com\/fi\/wp-json\/wp\/v2\/media\/46766"}],"wp:attachment":[{"href":"https:\/\/www.europesays.com\/fi\/wp-json\/wp\/v2\/media?parent=46765"}],"wp:term":[{"taxonomy":"category","embeddable":true,"href":"https:\/\/www.europesays.com\/fi\/wp-json\/wp\/v2\/categories?post=46765"},{"taxonomy":"post_tag","embeddable":true,"href":"https:\/\/www.europesays.com\/fi\/wp-json\/wp\/v2\/tags?post=46765"}],"curies":[{"name":"wp","href":"https:\/\/api.w.org\/{rel}","templated":true}]}}