{"id":46815,"date":"2025-09-27T13:57:10","date_gmt":"2025-09-27T13:57:10","guid":{"rendered":"https:\/\/www.europesays.com\/fi\/46815\/"},"modified":"2025-09-27T13:57:10","modified_gmt":"2025-09-27T13:57:10","slug":"tunnistaisitko-talta-pentti-hietanen-nayttaa-nyt","status":"publish","type":"post","link":"https:\/\/www.europesays.com\/fi\/46815\/","title":{"rendered":"Tunnistaisitko? T\u00e4lt\u00e4 Pentti Hietanen n\u00e4ytt\u00e4\u00e4 nyt"},"content":{"rendered":"<p>            Allerin arkisto\n        <\/p>\n<p class=\"subtitle \">Pentti Hietanen tuo nykyisin mieleen virkaveljens\u00e4 Italian maalta, niin ik\u00e4\u00e4n mustasta parrasta ja hiuksistaan aiemmin tunnetun Andrea Bocellin.<\/p>\n<p class=\"article-content article-content-width !bg-background\">Komea\u00e4\u00e4ninen tenori  el\u00e4\u00e4 ja voi hyvin, vaikka karpaasia ei ole viime vuosina n\u00e4hty mediassa entiseen malliin.<\/p>\n<p class=\"article-content article-content-width !bg-background\">Syykin on selv\u00e4 \u2013 ainakin hypoteettisesti.<\/p>\n<p class=\"article-content article-content-width !bg-background\">Nykyaikana my\u00f6s kokeneempien artistien on syyt\u00e4 olla somessa aktiivisesti, jotta kuulijat voivat seurata esikuviensa el\u00e4m\u00e4\u00e4 sek\u00e4 saada helposti tietoa tulevista keikoista.<\/p>\n<p>        <a itemprop=\"url\" href=\"https:\/\/www.seiska.fi\/kotimaa\/muistatko-iskelmakonkari-isto-hiltusen-talta-han-nayttaa-nyt\/1880673\" rel=\"nofollow noopener\" target=\"_blank\"><\/p>\n<p>\nIskelm\u00e4konkari Isto Hiltunen\n<\/p>\n<p class=\"section-date\">\n        <strong class=\"article-section\" data-section=\"kotimaa\"><br \/>\n            kotimaa<br \/>\n        <\/strong><br \/>\n        3.8. 11:00\n    <\/p>\n<p>Muistatko iskelm\u00e4konkari Isto Hiltusen? T\u00e4lt\u00e4 h\u00e4n n\u00e4ytt\u00e4\u00e4 nyt!\n    <\/p>\n<p itemprop=\"description\" class=\"subtitle \">\n    Isto Hiltunen oli iso nimi 1990-luvulla. Esikoisalbumi myi platinaa ja kaksi seuraavaakin kultaa.\n<\/p>\n<p>        <\/a><\/p>\n<p class=\"article-content article-content-width !bg-background\">Lokakuussa 67 vuotta t\u00e4ytt\u00e4v\u00e4 Pentti on laiminly\u00f6nyt \u2013 varmaankin tahtomattaan, mutta silti \u2013 oman somen\u00e4kyvyytens\u00e4.<\/p>\n<p>                <img decoding=\"async\" src=\"https:\/\/www.europesays.com\/fi\/wp-content\/uploads\/2025\/09\/1939106.webp\" width=\"576\" height=\"351\" alt=\"T\u00e4lt\u00e4 n\u00e4ytti Pentti Hietanen vieraillessaan Mikko Alatalon is\u00e4nn\u00f6im\u00e4ss\u00e4 Tammerkosken sillalla -ohjelmassa 2005.\" loading=\"lazy\" \/>            <\/p>\n<p>\n            T\u00e4lt\u00e4 n\u00e4ytti Pentti Hietanen vieraillessaan Mikko Alatalon is\u00e4nn\u00f6im\u00e4ss\u00e4 Tammerkosken sillalla -ohjelmassa 2005.<br \/>\n            Yle\n        <\/p>\n<p>&#8221;Julkaistaan pian&#8221;<\/p>\n<p class=\"article-content article-content-width !bg-background\">Miehell\u00e4 on omat kotisivut, mutta sivuilla lukee ainoastaan, ett\u00e4 \u201dsivut julkaistaan pian\u201d.<\/p>\n<p class=\"article-content article-content-width !bg-background\">Tarina ei kerro, kuinka pitk\u00e4\u00e4n kyseinen ilmoitus on sivuilla seissyt.<\/p>\n<p>        <a itemprop=\"url\" href=\"https:\/\/www.seiska.fi\/katso\/muistatko-irina-bjorklundin-talta-han-nayttaa-nyt\/1844738\" rel=\"nofollow noopener\" target=\"_blank\"><\/p>\n<p>\nMuistatko monitaiturin\n<\/p>\n<p class=\"section-date\">\n        <strong class=\"article-section\" data-section=\"katso\"><br \/>\n            katso<br \/>\n        <\/strong><br \/>\n        23.6. 09:15\n    <\/p>\n<p>Muistatko Irina Bj\u00f6rklundin? T\u00e4lt\u00e4 h\u00e4n n\u00e4ytt\u00e4\u00e4 nyt!\n    <\/p>\n<p itemprop=\"description\" class=\"subtitle \">\n    Irina on monilahjakkuus, joka hallitsee muun muassa sahan soittamisen salaisuudet.\n<\/p>\n<p>        <\/a><\/p>\n<p class=\"article-content article-content-width !bg-background\">My\u00f6s Instagramin k\u00e4ytt\u00f6 on melko vaihtelevaa, ja julkaisuissa toistuvat muun muassa samat mainokset, jotka luovat \u2013 j\u00e4lleen tahtomatta \u2013 mielikuvaa kotikutoisuudesta.<\/p>\n<p class=\"article-content article-content-width !bg-background\">Voinee ilman sarvia ja hampaita todeta, ett\u00e4 sometekeminen ei tee oikeutta Pentin laulutaidoille, lavakarismalle saatikka uralle ylip\u00e4\u00e4t\u00e4\u00e4n.<\/p>\n<p>                <img decoding=\"async\" src=\"https:\/\/www.europesays.com\/fi\/wp-content\/uploads\/2025\/09\/1939123.webp\" width=\"576\" height=\"274\" alt=\"Kuin kaksi marjaa: Andrea Bocelli ja Pentti Hietanen. Nyky\u00e4\u00e4n molemmat ovat harmaantuneet, mutta karisma \u2013 jos vain mahdollista \u2013 on lis\u00e4\u00e4ntynyt entisest\u00e4\u00e4n.\" loading=\"lazy\" \/>            <\/p>\n<p>\n            Kuin kaksi marjaa: Andrea Bocelli ja Pentti Hietanen. Nyky\u00e4\u00e4n molemmat ovat harmaantuneet, mutta karisma \u2013 jos vain mahdollista \u2013 on lis\u00e4\u00e4ntynyt entisest\u00e4\u00e4n.<br \/>\n            AOP, Jyrki Valkama\n        <\/p>\n<p> El\u00e4m\u00e4n laulut <\/p>\n<p class=\"article-content article-content-width !bg-background\">Mutta keikkoja on silti ollut \u2013 ja on vastakin.<\/p>\n<p class=\"article-content article-content-width !bg-background\">Pentill\u00e4 on nimitt\u00e4in k\u00e4ynniss\u00e4 El\u00e4m\u00e4n laulut -kiertue, jossa h\u00e4n esiintyy yhdess\u00e4  kanssa.<\/p>\n<p class=\"article-content article-content-width !bg-background\">Ohjelma- ja tapahtumatuotantotalo MagnumLive mainostaa kiertueen tarjoavan \u201dkuulijoilleen unohtumattoman musiikkiel\u00e4myksen, jossa el\u00e4m\u00e4n eri s\u00e4vyt ja tarinat her\u00e4\u00e4v\u00e4t eloon laulujen kautta\u201d.<\/p>\n<p>        <a itemprop=\"url\" href=\"https:\/\/www.seiska.fi\/kotimaa\/huh-mika-komistus-talta-nayttaa-joel-hallikaisen-poika-tahtaa-tangokuninkaaksi\/1591330\" rel=\"nofollow noopener\" target=\"_blank\"><\/p>\n<p>\nVau, Joel Hallikaisen poika\n<\/p>\n<p class=\"section-date\">\n        <strong class=\"article-section\" data-section=\"kotimaa\"><br \/>\n            kotimaa<br \/>\n        <\/strong><br \/>\n        21.3. 14:30\n    <\/p>\n<p>Huh, mik\u00e4 komistus! T\u00e4lt\u00e4 n\u00e4ytt\u00e4\u00e4 Joel Hallikaisen poika \u2013 t\u00e4ht\u00e4\u00e4 tangokuninkaaksi\n    <\/p>\n<p itemprop=\"description\" class=\"subtitle \">\n    Ohjelmapalvelu MagnumLiven mukaan Eeli Hallikainen on kitaristi, trubaduuri, muusikko, rokkib\u00e4ndin solisti, ja h\u00e4net tunnetaan my\u00f6s taiteilijanimelt\u00e4\u00e4n Eeli.\n<\/p>\n<p>        <\/a><\/p>\n<p class=\"article-content article-content-width !bg-background\">Vaikka Pentti ei ole ollut erityisen aktiivinen Instagramissa, on Joel tuonut oman osuutensa kiertueen mainostamiseen tahollaan.<\/p>\n<p class=\"article-content article-content-width !bg-background\">My\u00f6s MagnumLive on jakanut ahkerasti julkaisuja, mik\u00e4 k\u00e4y j\u00e4rkeen, jotta ihmiset tiet\u00e4isiv\u00e4t herrojen kiertueesta ylip\u00e4\u00e4t\u00e4\u00e4n.<\/p>\n<p>Kuin Bocelli!<\/p>\n<p class=\"article-content article-content-width !bg-background\">Monille v\u00e4hemm\u00e4n Pentin keikoilla k\u00e4yville voikin tulla yll\u00e4tyksen\u00e4 miehen nykyinen preesens.<\/p>\n<p class=\"article-content article-content-width !bg-background\">Pentti on tunnettu mustasta parrasta ja hiuksistaan, mutta nyt h\u00e4n on harmaantunut \u2013 eik\u00e4 se ole negatiivinen asia.<\/p>\n<p>        <a itemprop=\"url\" href=\"https:\/\/www.seiska.fi\/kotimaa\/joel-hallikainen-ja-timo-koivusalo-ystavyydelle-tyly-loppu\/1919011\" rel=\"nofollow noopener\" target=\"_blank\"><\/p>\n<p>\nHallikainen ja Koivusalo:\n<\/p>\n<p class=\"section-date\">\n        <strong class=\"article-section\" data-section=\"kotimaa\"><br \/>\n            kotimaa<br \/>\n        <\/strong><br \/>\n        21.9. 09:00\n    <\/p>\n<p>Joel Hallikainen ja Timo Koivusalo: Yst\u00e4vyydelle tyly loppu\n    <\/p>\n<p itemprop=\"description\" class=\"subtitle \">\n    Ys\u00e4rin superkaksikon v\u00e4lirikko vain syveni vuosien mittaan.\n<\/p>\n<p>        <\/a><\/p>\n<p class=\"article-content article-content-width !bg-background\">Pentti tuo nimitt\u00e4in mieleen virkaveljens\u00e4 Italian maalta, niin ik\u00e4\u00e4n mustasta parrasta ja hiuksistaan aiemmin tunnetun .<\/p>\n<p class=\"article-content article-content-width !bg-background\">Miehi\u00e4 yhdist\u00e4\u00e4 sekin, ett\u00e4 he ovat molemmat tenoreita, ja ik\u00e4eroa heill\u00e4 on vain 15 p\u00e4iv\u00e4\u00e4.<\/p>\n","protected":false},"excerpt":{"rendered":"Allerin arkisto Pentti Hietanen tuo nykyisin mieleen virkaveljens\u00e4 Italian maalta, niin ik\u00e4\u00e4n mustasta parrasta ja hiuksistaan aiemmin tunnetun&hellip;\n","protected":false},"author":2,"featured_media":46816,"comment_status":"","ping_status":"","sticky":false,"template":"","format":"standard","meta":{"footnotes":""},"categories":[130],"tags":[11948,11947,137,33,31,30,2093,11949,11950,32,1667,109],"class_list":{"0":"post-46815","1":"post","2":"type-post","3":"status-publish","4":"format-standard","5":"has-post-thumbnail","7":"category-viihde","8":"tag-andrea-bocelli","9":"tag-elaman-laulut","10":"tag-entertainment","11":"tag-fi","12":"tag-finland","13":"tag-finnish","14":"tag-joel-hallikainen","15":"tag-magnumlive","16":"tag-pentti-hietanen","17":"tag-suomi","18":"tag-tapahtumat","19":"tag-viihde"},"share_on_mastodon":{"url":"","error":""},"_links":{"self":[{"href":"https:\/\/www.europesays.com\/fi\/wp-json\/wp\/v2\/posts\/46815","targetHints":{"allow":["GET"]}}],"collection":[{"href":"https:\/\/www.europesays.com\/fi\/wp-json\/wp\/v2\/posts"}],"about":[{"href":"https:\/\/www.europesays.com\/fi\/wp-json\/wp\/v2\/types\/post"}],"author":[{"embeddable":true,"href":"https:\/\/www.europesays.com\/fi\/wp-json\/wp\/v2\/users\/2"}],"replies":[{"embeddable":true,"href":"https:\/\/www.europesays.com\/fi\/wp-json\/wp\/v2\/comments?post=46815"}],"version-history":[{"count":0,"href":"https:\/\/www.europesays.com\/fi\/wp-json\/wp\/v2\/posts\/46815\/revisions"}],"wp:featuredmedia":[{"embeddable":true,"href":"https:\/\/www.europesays.com\/fi\/wp-json\/wp\/v2\/media\/46816"}],"wp:attachment":[{"href":"https:\/\/www.europesays.com\/fi\/wp-json\/wp\/v2\/media?parent=46815"}],"wp:term":[{"taxonomy":"category","embeddable":true,"href":"https:\/\/www.europesays.com\/fi\/wp-json\/wp\/v2\/categories?post=46815"},{"taxonomy":"post_tag","embeddable":true,"href":"https:\/\/www.europesays.com\/fi\/wp-json\/wp\/v2\/tags?post=46815"}],"curies":[{"name":"wp","href":"https:\/\/api.w.org\/{rel}","templated":true}]}}