{"id":46817,"date":"2025-09-27T14:00:11","date_gmt":"2025-09-27T14:00:11","guid":{"rendered":"https:\/\/www.europesays.com\/fi\/46817\/"},"modified":"2025-09-27T14:00:11","modified_gmt":"2025-09-27T14:00:11","slug":"tuuli-yltyy-ja-porssisahkon-hinta-tasaantuu-sunnuntaina-tuntuvasti-uutissuomalainen","status":"publish","type":"post","link":"https:\/\/www.europesays.com\/fi\/46817\/","title":{"rendered":"Tuuli yltyy ja p\u00f6rssis\u00e4hk\u00f6n hinta tasaantuu sunnuntaina tuntuvasti | Uutissuomalainen"},"content":{"rendered":"<p>Kalliin lauantai-illan j\u00e4lkeen p\u00f6rssis\u00e4hk\u00f6n hinta <a href=\"https:\/\/liukuri.fi\/porssisahkoryhma\" rel=\"nofollow noopener\" target=\"_blank\">tasaantuu<\/a> tuntuvasti sunnuntaina. Koko p\u00e4iv\u00e4n keskihinnaksi tulee 3,23 sentti\u00e4 kilowattitunnilta.<\/p>\n<p>Kallein tunti osuu iltakuuteen, jolloin hinta k\u00e4y 10,62 sentiss\u00e4. Hinta hipoo kymment\u00e4 sentti\u00e4 my\u00f6s kello viiden ja kello seitsem\u00e4n j\u00e4lkeen illalla.<\/p>\n<p>Tuulivoiman tuotanto kasvaa sunnuntaina selv\u00e4sti tyynen lauantain j\u00e4lkeen. Lauantaina tuulivoiman tuotanto on painunut hyvin v\u00e4h\u00e4iseksi, mutta sunnuntaiaamuna tuotannon m\u00e4\u00e4r\u00e4 on nousemassa yli 2\u2009200 megawattituntiin.<\/p>\n<p>Lauantai-illan kallein p\u00f6rssis\u00e4hk\u00f6n hinta osuu iltaseitsem\u00e4\u00e4n, jolloin arvonlis\u00e4verollinen hinta k\u00e4y l\u00e4hell\u00e4 38:aa sentti\u00e4 kilowattitunnilta. P\u00f6rssis\u00e4hk\u00f6n kuluttajahintaan tulee lis\u00e4ksi s\u00e4hk\u00f6\u00e4 myyv\u00e4n yhti\u00f6n marginaali ja paikallisen verkkoyhti\u00f6n siirtomaksut.<\/p>\n","protected":false},"excerpt":{"rendered":"Kalliin lauantai-illan j\u00e4lkeen p\u00f6rssis\u00e4hk\u00f6n hinta tasaantuu tuntuvasti sunnuntaina. Koko p\u00e4iv\u00e4n keskihinnaksi tulee 3,23 sentti\u00e4 kilowattitunnilta. Kallein tunti osuu&hellip;\n","protected":false},"author":2,"featured_media":46818,"comment_status":"","ping_status":"","sticky":false,"template":"","format":"standard","meta":{"footnotes":""},"categories":[76],"tags":[79,77,124,1628,33,31,30,4046,2408,3273,932,32,78],"class_list":{"0":"post-46817","1":"post","2":"type-post","3":"status-publish","4":"format-standard","5":"has-post-thumbnail","7":"category-talous","8":"tag-business","9":"tag-economy","10":"tag-energia-sektori","11":"tag-energia-ja-energiavarat","12":"tag-fi","13":"tag-finland","14":"tag-finnish","15":"tag-porssi-ja-arvopaperit-porssitoiminta","16":"tag-rahoitusmarkkinat","17":"tag-sahkon-hinta","18":"tag-sahkontuotanto-ja-jakelu","19":"tag-suomi","20":"tag-talous"},"share_on_mastodon":{"url":"","error":""},"_links":{"self":[{"href":"https:\/\/www.europesays.com\/fi\/wp-json\/wp\/v2\/posts\/46817","targetHints":{"allow":["GET"]}}],"collection":[{"href":"https:\/\/www.europesays.com\/fi\/wp-json\/wp\/v2\/posts"}],"about":[{"href":"https:\/\/www.europesays.com\/fi\/wp-json\/wp\/v2\/types\/post"}],"author":[{"embeddable":true,"href":"https:\/\/www.europesays.com\/fi\/wp-json\/wp\/v2\/users\/2"}],"replies":[{"embeddable":true,"href":"https:\/\/www.europesays.com\/fi\/wp-json\/wp\/v2\/comments?post=46817"}],"version-history":[{"count":0,"href":"https:\/\/www.europesays.com\/fi\/wp-json\/wp\/v2\/posts\/46817\/revisions"}],"wp:featuredmedia":[{"embeddable":true,"href":"https:\/\/www.europesays.com\/fi\/wp-json\/wp\/v2\/media\/46818"}],"wp:attachment":[{"href":"https:\/\/www.europesays.com\/fi\/wp-json\/wp\/v2\/media?parent=46817"}],"wp:term":[{"taxonomy":"category","embeddable":true,"href":"https:\/\/www.europesays.com\/fi\/wp-json\/wp\/v2\/categories?post=46817"},{"taxonomy":"post_tag","embeddable":true,"href":"https:\/\/www.europesays.com\/fi\/wp-json\/wp\/v2\/tags?post=46817"}],"curies":[{"name":"wp","href":"https:\/\/api.w.org\/{rel}","templated":true}]}}