{"id":46825,"date":"2025-09-27T14:14:06","date_gmt":"2025-09-27T14:14:06","guid":{"rendered":"https:\/\/www.europesays.com\/fi\/46825\/"},"modified":"2025-09-27T14:14:06","modified_gmt":"2025-09-27T14:14:06","slug":"apple-iphone-17-karsii-ikavasta-vaivasta-saa-kovaa-kritiikkia","status":"publish","type":"post","link":"https:\/\/www.europesays.com\/fi\/46825\/","title":{"rendered":"Apple iPhone 17 k\u00e4rsii ik\u00e4v\u00e4st\u00e4 vaivasta &#8211; saa kovaa kritiikki\u00e4"},"content":{"rendered":"\n<p><strong>Applen uuden puhelimen julkaisu ei ole sujunut ilman ongelmia.<\/strong><\/p>\n<p>Apple iPhone 17 -puhelimesta annetut k\u00e4ytt\u00e4j\u00e4raportit kertovat karusta ilmi\u00f6st\u00e4. Uudet mallit, erityisesti iPhone 17 Pro <a href=\"https:\/\/www.techspot.com\/news\/109558-apple-iphone-17-launch-hit-scratch-complaints-new.html\" target=\"_blank\" rel=\"noopener nofollow\">ja<\/a> Pro Max Deep Blue, vaikuttavat k\u00e4rsiv\u00e4n helposta naarmuuntumisesta.<\/p>\n<p>Puhelimiin on j\u00e4\u00e4nyt j\u00e4lki\u00e4 jopa MagSafe-laturin k\u00e4ytt\u00e4misest\u00e4. Bloombergin toimittajat puolestaan havaitsivat n\u00e4kyvi\u00e4 kulumisen j\u00e4lki\u00e4 myym\u00e4l\u00f6iss\u00e4 olevissa malleissa New Yorkissa, Lontoossa, Hongkongissa ja Shanghaissa.<\/p>\n<p>Weibo- ja X-alustoilla on jaettu kuvia naarmuuntuneista uusista puhelimista, ja Weibossa asiaan liittyv\u00e4 hashtag nousi Kiinan suosituimpien joukkoon. Osa k\u00e4ytt\u00e4jist\u00e4 kutsui tapausta \u201cScratchgateksi\u201d.<\/p>\n<blockquote class=\"twitter-tweet\" data-width=\"550\" data-dnt=\"true\">\n<p lang=\"en\" dir=\"ltr\">Barely a day in the <a href=\"https:\/\/twitter.com\/hashtag\/Apple?src=hash&amp;ref_src=twsrc%5Etfw\" rel=\"nofollow noopener\" target=\"_blank\">#Apple<\/a> showroom, and the <a href=\"https:\/\/twitter.com\/hashtag\/iPhone?src=hash&amp;ref_src=twsrc%5Etfw\" rel=\"nofollow noopener\" target=\"_blank\">#iPhone<\/a> 17 Pro and Max backplates have a bunch of very visible scratches. Is this the beginning of a <a href=\"https:\/\/twitter.com\/hashtag\/Scratchgate?src=hash&amp;ref_src=twsrc%5Etfw\" rel=\"nofollow noopener\" target=\"_blank\">#Scratchgate<\/a>?\ud83e\udd14 <a href=\"https:\/\/t.co\/0ySopuE7o5\" rel=\"nofollow\">pic.twitter.com\/0ySopuE7o5<\/a><\/p>\n<p>\u2014 Vikram Kriplaney (@krips) <a href=\"https:\/\/twitter.com\/krips\/status\/1969112133372686689?ref_src=twsrc%5Etfw\" rel=\"nofollow noopener\" target=\"_blank\">September 19, 2025<\/a><\/p>\n<\/blockquote>\n<p>Tummat alumiinipinnat ovat alttiita n\u00e4kyville naarmuille, ja vastaavaan ilmi\u00f6\u00f6n on t\u00f6rm\u00e4tty aiemmin esimerkiksi iPhone 5:n mustassa ja liuskekivenharmaassa versiossa sek\u00e4 iPhone 7:n kiilt\u00e4v\u00e4ss\u00e4 mustassa mallissa.<\/p>\n<p>Jotkut k\u00e4ytt\u00e4j\u00e4t ovat olleet tyytym\u00e4tt\u00f6mi\u00e4 my\u00f6s iOS 26 Liquid Glass -p\u00e4ivitykseen. Se muutti iPhonen ulkoasua <a href=\"https:\/\/www.techspot.com\/news\/109517-performance-design-complaints-mount-after-ios-26-liquid.html\" target=\"_blank\" rel=\"noopener nofollow\">ja<\/a> k\u00e4ytt\u00f6tuntumaa perusteellisesti.<\/p>\n<p>Vanhemmilla iPhone-malleilla animaatiot saattavat olla hitaita, ja v\u00e4rien vaihtelu sek\u00e4 l\u00e4pikuultavat tehosteet on koettu h\u00e4iritsevin\u00e4. Jotkut k\u00e4ytt\u00e4j\u00e4t ovat moittineet kuvakkeita lelumaisiksi ja visuaalisuutta ep\u00e4yhten\u00e4iseksi. Applen aiempaa minimalistista tyyli\u00e4 onkin ik\u00e4v\u00f6ity.<\/p>\n<p><script async src=\"https:\/\/platform.twitter.com\/widgets.js\" charset=\"utf-8\"><\/script><\/p>\n","protected":false},"excerpt":{"rendered":"Applen uuden puhelimen julkaisu ei ole sujunut ilman ongelmia. Apple iPhone 17 -puhelimesta annetut k\u00e4ytt\u00e4j\u00e4raportit kertovat karusta ilmi\u00f6st\u00e4.&hellip;\n","protected":false},"author":2,"featured_media":46826,"comment_status":"","ping_status":"","sticky":false,"template":"","format":"standard","meta":{"footnotes":""},"categories":[85],"tags":[1029,8527,33,31,30,419,418,32,91,92],"class_list":{"0":"post-46825","1":"post","2":"type-post","3":"status-publish","4":"format-standard","5":"has-post-thumbnail","7":"category-mobiili","8":"tag-apple","9":"tag-apple-iphone-17","10":"tag-fi","11":"tag-finland","12":"tag-finnish","13":"tag-mobiili","14":"tag-mobile","15":"tag-suomi","16":"tag-technology","17":"tag-teknologia"},"share_on_mastodon":{"url":"","error":""},"_links":{"self":[{"href":"https:\/\/www.europesays.com\/fi\/wp-json\/wp\/v2\/posts\/46825","targetHints":{"allow":["GET"]}}],"collection":[{"href":"https:\/\/www.europesays.com\/fi\/wp-json\/wp\/v2\/posts"}],"about":[{"href":"https:\/\/www.europesays.com\/fi\/wp-json\/wp\/v2\/types\/post"}],"author":[{"embeddable":true,"href":"https:\/\/www.europesays.com\/fi\/wp-json\/wp\/v2\/users\/2"}],"replies":[{"embeddable":true,"href":"https:\/\/www.europesays.com\/fi\/wp-json\/wp\/v2\/comments?post=46825"}],"version-history":[{"count":0,"href":"https:\/\/www.europesays.com\/fi\/wp-json\/wp\/v2\/posts\/46825\/revisions"}],"wp:featuredmedia":[{"embeddable":true,"href":"https:\/\/www.europesays.com\/fi\/wp-json\/wp\/v2\/media\/46826"}],"wp:attachment":[{"href":"https:\/\/www.europesays.com\/fi\/wp-json\/wp\/v2\/media?parent=46825"}],"wp:term":[{"taxonomy":"category","embeddable":true,"href":"https:\/\/www.europesays.com\/fi\/wp-json\/wp\/v2\/categories?post=46825"},{"taxonomy":"post_tag","embeddable":true,"href":"https:\/\/www.europesays.com\/fi\/wp-json\/wp\/v2\/tags?post=46825"}],"curies":[{"name":"wp","href":"https:\/\/api.w.org\/{rel}","templated":true}]}}