{"id":46831,"date":"2025-09-27T14:22:06","date_gmt":"2025-09-27T14:22:06","guid":{"rendered":"https:\/\/www.europesays.com\/fi\/46831\/"},"modified":"2025-09-27T14:22:06","modified_gmt":"2025-09-27T14:22:06","slug":"sielta-tuli-savua-pukukoppiin-karppien-punainen-laatikko-tiensa-paassa","status":"publish","type":"post","link":"https:\/\/www.europesays.com\/fi\/46831\/","title":{"rendered":"\u201dSielt\u00e4 tuli savua pukukoppiin\u201d \u2013 K\u00e4rppien punainen laatikko tiens\u00e4 p\u00e4\u00e4ss\u00e4"},"content":{"rendered":"<p>Raksilan j\u00e4\u00e4halli t\u00e4ytti 50 vuotta. Muutaman vuoden kuluttua se ei en\u00e4\u00e4 ole K\u00e4rppien edustusjoukkueen koti.<\/p>\n<ul>\n<li>Oulun Raksilan j\u00e4\u00e4halli avattiin 24. elokuuta 1975. Se muutti merkitt\u00e4v\u00e4sti oululaista j\u00e4\u00e4kiekkoa.<\/li>\n<li>Raksila on palvellut K\u00e4rppi\u00e4 ja oululaisia hyvin, mutta nyt uusi halli n\u00e4ytt\u00e4\u00e4 korvaavan sen.<\/li>\n<li>Juha Junno korostaa uuden areenan t\u00e4rkeytt\u00e4 seuran tulevaisuudelle.<\/li>\n<\/ul>\n<p class=\"paragraph\">Oli hyv\u00e4nn\u00e4k\u00f6inen j\u00e4\u00e4.<\/p>\n<p class=\"paragraph\">Oli makkaroiden h\u00f6yry\u00e4 ja tulikuumia kaakaotetroja.<\/p>\n<p class=\"paragraph\">Oli hallitseva mestari Tampereen Tappara, joka oli tyly\u00e4kin tylympi vieras juhlavassa illassa.<\/p>\n<p class=\"paragraph\">Muun muassa n\u00e4m\u00e4 asiat <strong>Juha Junno<\/strong>, silloinen lukiolainen Haapavedelt\u00e4, muistaa, kun Raksilaan avattiin Oulun ja koko Pohjois-Suomen ensimm\u00e4inen j\u00e4\u00e4halli 50 vuotta sitten, syksyll\u00e4 1975.<\/p>\n<p class=\"paragraph\">\u2013\u2009Se tuntui hienolta ja ihmeelliselt\u00e4, kun Oulussa oli iso j\u00e4\u00e4halli. En\u00e4\u00e4 ei tarvinnut katsoa peli\u00e4 ulkona, h\u00e4n sanailee.<\/p>\n<p class=\"paragraph\">\u2013\u2009Aikaisemmin k\u00e4ytiin katsomassa K\u00e4rppien otteluita Keskuskent\u00e4ll\u00e4, tuossa torin l\u00e4hell\u00e4.<\/p>\n<p class=\"paragraph\">J\u00e4\u00e4hallin vaikutus oli merkitt\u00e4v\u00e4, Junno painottaa.<\/p>\n<p class=\"paragraph\">\u2013\u2009Kun halli tuli, se muutti tosi paljon oululaista ja pohjoissuomalaista j\u00e4\u00e4kiekkoa. Ei tullut lunta, ei vett\u00e4, joten joukkue p\u00e4\u00e4si aina harjoittelemaan.<\/p>\n<p>\u201dTappara oli kova\u201d<\/p>\n<p class=\"paragraph\">Raksilan upouudet ovet avautuivat yleis\u00f6lle 24. elokuuta 1975. Divarissa pelannut K\u00e4rp\u00e4t oli kutsunut avajaisotteluun vastaansa Tapparan, joka oli <strong>Kalevi Nummisen<\/strong> valmennuksessa nousemassa ensimm\u00e4iseen dynastiajaksoonsa.<\/p>\n<p class=\"paragraph\"><strong>Juha Silvennoinen<\/strong>, jykev\u00e4 Tappara-laituri, iski Raksilan ensimm\u00e4isen osuman ajassa 1.48. Kun katsojat poistuivat Oulun elokuiseen iltaan, taululla loistivat 3\u201310-lukemat.<\/p>\n<p class=\"paragraph\">\u2013\u2009Tappara oli kova, Junno muistaa.<\/p>\n<p class=\"paragraph\">\u2013\u2009Siell\u00e4 oli <strong>Martti Jarkko<\/strong>, <strong>Pertti Koivulahti<\/strong>, <strong>Oiva Oijennus<\/strong>, <strong>Jukka Alkula<\/strong>, <strong>Jukka Porvari<\/strong>, <strong>Mikko Leinonen<\/strong>, <strong>Pekka Marjam\u00e4ki<\/strong>, <strong>Hannu Haapalainen<\/strong>, <strong>Lasse Litma<\/strong>, <strong>Pertti Valkeap\u00e4\u00e4<\/strong> ja maalissa <strong>Antti Lepp\u00e4nen<\/strong>.<\/p>\n<p class=\"paragraph\">K\u00e4rp\u00e4t nousi SM-liigaan vasta vasta kev\u00e4\u00e4ll\u00e4 1977, mutta joukkue oli jo Raksilan avautuessa tulvillaan oululaiskiekon ikonisia nimi\u00e4: <strong>Reijo Ruotsalainen<\/strong>, <strong>Juha Tuohimaa<\/strong>, <strong>Veikko Torkkeli<\/strong>, <strong>Markku Perkki\u00f6<\/strong>, <strong>Hannu Aravirta<\/strong>, <strong>Jouko K\u00e4m\u00e4r\u00e4inen<\/strong>, <strong>Markku Kiimalainen<\/strong>, <strong>Risto Pirttiaho<\/strong>, <strong>Pekka Karjala<\/strong>, <strong>Matti Saikkonen<\/strong>&#8230;<\/p>\n<p class=\"paragraph\">\u2013\u2009Se oli hieno avajaisottelu, vaikka K\u00e4rp\u00e4t h\u00e4visikin.<\/p>\n<p>M\u00e4kisen panos<\/p>\n<p>Ari Hellgren marssii Raksilan uumenissa kohti askia. Kuva on vuodelta 1984. K\u00e4rppien arkisto<\/p>\n<p class=\"paragraph\">Oulu tuli hieman j\u00e4lkijunassa. Tampereen Hakamets\u00e4\u00e4n oli avattu j\u00e4\u00e4halli, Suomen ensimm\u00e4inen, jo kymmenen vuotta aiemmin. Tampereen lis\u00e4ksi seitsem\u00e4ss\u00e4 muussakin kaupungissa j\u00e4\u00e4kiekkoa palattiin halliolosuhteissa ennen Raksilan valmistumista.<\/p>\n<p class=\"paragraph\">\u2013\u2009Hallin saapuminen oli iso virstanpylv\u00e4s\u00a0oululaiselle ja pohjoissuomalaiselle kiekkoilulle. Tavallaan siit\u00e4 alkoi K\u00e4rppien ammattimainen ja urheilullinen ote, Junno n\u00e4kee.<\/p>\n<p class=\"paragraph\">\u2013\u2009Moni pelaaja nousi maajoukkuetasolle. Jos hallia ei olisi tullut, t\u00e4\u00e4ll\u00e4 olisi pelattu alasarjaa ulkoj\u00e4\u00e4ll\u00e4.<\/p>\n<p class=\"paragraph\">J\u00e4\u00e4hallin ohella Junno korostaa Tapparasta 1970-luvun alussa Ouluun siirtyneen <strong>Kari M\u00e4kisen<\/strong> panosta K\u00e4rppien nostamisessa liigaorganisaatioksi.<\/p>\n<p class=\"paragraph\">\u2013\u2009M\u00e4kinen siirtyi pelaajavalmentajasta valmentajaksi. H\u00e4n toi kovan harjoittelun ja vei toimintaa ammattimaisempaan suuntaan.<\/p>\n<p class=\"paragraph\">M\u00e4kisest\u00e4 tuli K\u00e4rppien ensimm\u00e4inen mestarivalmentaja vuonna 1981.<\/p>\n<p>Tupakansavua<\/p>\n<p>Juha Junno tuntee Raksilan historian. VESA RANTA<\/p>\n<p class=\"paragraph\">Vaikka Raksilassa kiekkoiltiin katon alla ja seinien suojassa, kylmyys tunkeutui sis\u00e4lle suorastaan piinallisesti, varsinkin alkuvuosina.<\/p>\n<p class=\"paragraph\">\u2013\u2009Halli oli pitk\u00e4\u00e4n kylm\u00e4. Alkuun oli puhaltimet l\u00e4mmitt\u00e4m\u00e4ss\u00e4.<\/p>\n<p class=\"paragraph\">Junnon nykyp\u00e4iv\u00e4n\u00e4 jo erikoiselta tuntuva muistikuva liittyy tupakointiin. Toisella puolella hallia sai polttaa.<\/p>\n<p class=\"paragraph\">\u2013\u2009Torkkelin Veikko [K\u00e4rppien pitk\u00e4aikainen kapteeni] kertoi, ett\u00e4 sielt\u00e4 tuli savua pukukoppiin.<\/p>\n<p class=\"paragraph\">Raksilan katsojakapasiteetti oli alun perin paljon nykyist\u00e4 suurempi, Junnon muistikuvien mukaan 7\u00a0800.<\/p>\n<p class=\"paragraph\">\u2013\u2009Halli oli punainen, yksinkertainen laatikko, mutta sinne mahtui ihmisi\u00e4. Se oli viisautta p\u00e4\u00e4tt\u00e4jilt\u00e4, ett\u00e4 siit\u00e4 tehtiin tarpeeksi iso.<\/p>\n<p class=\"paragraph\">Nykyinen kapasiteetti on 6\u00a0050. K\u00e4rppien viime kauden yleis\u00f6keskiarvo oli 4\u00a0642.<\/p>\n<p>\u201dEi se t\u00e4t\u00e4 p\u00e4iv\u00e4\u00e4 ole\u201d<\/p>\n<p>Raksilan j\u00e4\u00e4halli on K\u00e4rppien koti viel\u00e4 muutaman vuoden ajan. MARKKU RUOTTINEN<\/p>\n<p class=\"paragraph\">Junno toimi KalPassa valmentajana ja toimitusjohtajana vuosina 1986\u201397 ennen tarttumistaan K\u00e4rppien ruoriin. H\u00e4n muistelee, ett\u00e4 Oulussa oli jo 1990-luvun lopulla puhetta uudesta j\u00e4\u00e4hallista.<\/p>\n<p class=\"paragraph\">\u2013\u2009On sit\u00e4 areenaa 25 vuotta piirrelty, Junno tokaisee.<\/p>\n<p class=\"paragraph\">\u2013\u2009Ei ollut 2000-luvun alussa kaukana, ett\u00e4 halli olisi tullut.<\/p>\n<p class=\"paragraph\">Raksila on palvellut K\u00e4rppi\u00e4 ja oululaisia upeasti.<\/p>\n<p class=\"paragraph\">\u2013\u2009Peli on l\u00e4hell\u00e4, ja esimerkiksi p\u00e4\u00e4dyst\u00e4 n\u00e4kee todella hyvin. Raksila on hieno areena, Junno arvioi.<\/p>\n<p class=\"paragraph\">\u2013\u2009Palvelutkin saa, mutta ei se t\u00e4t\u00e4 p\u00e4iv\u00e4\u00e4 ole. Varmasti on aika saada Ouluunkin nykyaikainen areena.<\/p>\n<p>Kohti uutta areenaa<\/p>\n<p class=\"paragraph\">Juuri nyt oululaiset hallipy\u00f6r\u00e4t liikkuvat jouhevasti. El\u00e4mysareena-ty\u00f6nimell\u00e4 kulkeva hanke on kilpailutusvaiheessa.<\/p>\n<p class=\"paragraph\">\u2013\u2009Meill\u00e4 on areenahanke kiihkeimmill\u00e4\u00e4n, kertoo <strong>Karri Oikarinen<\/strong>, Oulun kaupungin hankejohtaja.<\/p>\n<p class=\"paragraph\">\u2013\u2009Olemme saaneet kaksi tarjousta julkiseen kilpailuumme nelj\u00e4 viikkoa sitten. Pian valitaan kumppani, jonka kanssa l\u00e4hdet\u00e4\u00e4n viem\u00e4\u00e4n hommaa eteenp\u00e4in.<\/p>\n<p class=\"paragraph\">Oulun kaupunki sitoutuu el\u00e4mysareenan omistajaksi maksimissaan 50 miljoonalla eurolla ja 49,9 prosentin osuudella.<\/p>\n<p class=\"paragraph\">\u2013\u2009Rakennust\u00f6iden tulee alkaa viimeist\u00e4\u00e4n vuoden 2028 alussa. Kaava ei ole valmis, mutta tuohon t\u00e4hd\u00e4t\u00e4\u00e4n, Oikarinen kommentoi.<\/p>\n<p class=\"paragraph\">\u2013\u2009Valmista voisi olla vuonna 2030.<\/p>\n<p class=\"paragraph\">El\u00e4mysareena rakentuu asemaseudulle, toisin sanoen Raksilan j\u00e4\u00e4hallin ja ydinkeskustan v\u00e4liin.<\/p>\n<p class=\"paragraph\">\u2013\u2009Tarkka paikka m\u00e4\u00e4r\u00e4ytyy kisan voittaneen ehdotuksen ja kaavoituksen perusteella.<\/p>\n<p>Uusintaotteluita<\/p>\n<p class=\"paragraph\">Raksila on n\u00e4hnyt 50 elinvuotensa aikana K\u00e4rppien nousun SM-liigaan ja huipulle, luhistumisen, paluun, dynastia-ajan sek\u00e4 viime vuosien alakulon.<\/p>\n<p class=\"paragraph\">K\u00e4rppien kahdeksasta mestaruudesta viisi on ratkennut Raksilassa.<\/p>\n<p class=\"paragraph\">\u2013\u2009Raksilasta on hienoja muistoja, hienoja hetki\u00e4.<\/p>\n<p class=\"paragraph\">Junno unohtaa hetkeksi mestaruusmuistot ja palaa viel\u00e4 1970-luvulle, jolloin h\u00e4n oli nuorena miehen\u00e4 paikan p\u00e4\u00e4ll\u00e4 isopanoksisissa liigakarsintaotteluissa.<\/p>\n<p class=\"paragraph\">\u2013\u2009Vuonna 1976 K\u00e4rp\u00e4t pelasi karsintasarjan uusintaottelun, jonka ratkaisi jatkoajalla Kiekkoreippaalle <strong>Erkki Laine<\/strong>. Seuraavana vuonna oli sama tilanne, mutta nyt K\u00e4rp\u00e4t voitti reilusti <strong>Alpo Suhosen<\/strong> FoPS:n.<\/p>\n<p>Uusi strategia<\/p>\n<p>Raksilaan mahtuu kiekko-ottelussa 6\u00a0050 katsojaa. EMIL HANSSON \/ AOP<\/p>\n<p class=\"paragraph\">Junno on nyky\u00e4\u00e4n K\u00e4rppien puheenjohtaja. H\u00e4n luotsaa rakasta seuraansa kohti areena-aikaa.<\/p>\n<p class=\"paragraph\">\u2013\u2009Uusi areena muuttaa koko k\u00e4rpp\u00e4toimintaa. Se antaa mahdollisuuden mutta on my\u00f6s valtava haaste.<\/p>\n<p class=\"paragraph\">Juuri julkaistu seurastrategia on nimelt\u00e4\u00e4n \u201dK\u00e4rp\u00e4t 2030-luvulle\u201d.<\/p>\n<p class=\"paragraph\">\u2013\u2009Meid\u00e4n pit\u00e4\u00e4 olla valmiina toimimaan, Junno korostaa.<\/p>\n<p class=\"paragraph\">\u2013\u2009Ennen El\u00e4mysareenaa olisi t\u00e4rke\u00e4\u00e4 saada rakennettua my\u00f6s harjoitushalli junioreiden k\u00e4ytt\u00f6\u00f6n. Se on koko k\u00e4rpp\u00e4perheen yhteinen asia.<\/p>\n<p class=\"paragraph\">K\u00e4rp\u00e4t, 2000-luvun kahden ensimm\u00e4isen vuosikymmenen menestyskone, on tarponut viime vuodet varjoissa. Varsinkin sijan kolmetoista tuonut viime kausi oli katastrofi.<\/p>\n<p class=\"paragraph\">\u2013\u2009Opetus on, ett\u00e4 periksi ei anneta, Junno paaluttaa.<\/p>\n<p class=\"paragraph\">\u2013\u2009Pit\u00e4\u00e4 vaan tehd\u00e4 uudet suunnitelmat. Tulos tulee kyll\u00e4.<\/p>\n","protected":false},"excerpt":{"rendered":"Raksilan j\u00e4\u00e4halli t\u00e4ytti 50 vuotta. Muutaman vuoden kuluttua se ei en\u00e4\u00e4 ole K\u00e4rppien edustusjoukkueen koti. Oulun Raksilan j\u00e4\u00e4halli&hellip;\n","protected":false},"author":2,"featured_media":46832,"comment_status":"","ping_status":"","sticky":false,"template":"","format":"standard","meta":{"footnotes":""},"categories":[158],"tags":[35,1144,1274,33,31,30,1143,41,159,32,1145,160],"class_list":{"0":"post-46831","1":"post","2":"type-post","3":"status-publish","4":"format-standard","5":"has-post-thumbnail","7":"category-urheilu","8":"tag-24h","9":"tag-ammattilaisjaakiekko","10":"tag-ammattiurheilu","11":"tag-fi","12":"tag-finland","13":"tag-finnish","14":"tag-jaakiekko","15":"tag-liikunta-ja-urheilu","16":"tag-sports","17":"tag-suomi","18":"tag-talviurheilu","19":"tag-urheilu"},"share_on_mastodon":{"url":"","error":""},"_links":{"self":[{"href":"https:\/\/www.europesays.com\/fi\/wp-json\/wp\/v2\/posts\/46831","targetHints":{"allow":["GET"]}}],"collection":[{"href":"https:\/\/www.europesays.com\/fi\/wp-json\/wp\/v2\/posts"}],"about":[{"href":"https:\/\/www.europesays.com\/fi\/wp-json\/wp\/v2\/types\/post"}],"author":[{"embeddable":true,"href":"https:\/\/www.europesays.com\/fi\/wp-json\/wp\/v2\/users\/2"}],"replies":[{"embeddable":true,"href":"https:\/\/www.europesays.com\/fi\/wp-json\/wp\/v2\/comments?post=46831"}],"version-history":[{"count":0,"href":"https:\/\/www.europesays.com\/fi\/wp-json\/wp\/v2\/posts\/46831\/revisions"}],"wp:featuredmedia":[{"embeddable":true,"href":"https:\/\/www.europesays.com\/fi\/wp-json\/wp\/v2\/media\/46832"}],"wp:attachment":[{"href":"https:\/\/www.europesays.com\/fi\/wp-json\/wp\/v2\/media?parent=46831"}],"wp:term":[{"taxonomy":"category","embeddable":true,"href":"https:\/\/www.europesays.com\/fi\/wp-json\/wp\/v2\/categories?post=46831"},{"taxonomy":"post_tag","embeddable":true,"href":"https:\/\/www.europesays.com\/fi\/wp-json\/wp\/v2\/tags?post=46831"}],"curies":[{"name":"wp","href":"https:\/\/api.w.org\/{rel}","templated":true}]}}