{"id":46857,"date":"2025-09-27T15:10:07","date_gmt":"2025-09-27T15:10:07","guid":{"rendered":"https:\/\/www.europesays.com\/fi\/46857\/"},"modified":"2025-09-27T15:10:07","modified_gmt":"2025-09-27T15:10:07","slug":"il-seuraa-jere-karalahden-totuuden-hetki-on-koittanut-iltalehti","status":"publish","type":"post","link":"https:\/\/www.europesays.com\/fi\/46857\/","title":{"rendered":"IL seuraa: Jere Karalahden totuuden hetki on koittanut! &#8211; Iltalehti"},"content":{"rendered":"<ol>\n<li><a href=\"https:\/\/news.google.com\/rss\/articles\/CBMihAFBVV95cUxOaGRLRm1kenJkTkU1Mjd5N01qQmZ6SmtXbFBfWHhfVXRQTWhfd2FUeWhXakN5Rk1LUmZJaEd5RXVKVHB0NE9fa1RvWmpXS0JuV05XZjlnelh6ME5DY2NrdGswbVowc2ZEaTBNcWpEcGFaUGs0TWZoY0g3aGlNcUxMOVZhODk?oc=5\" target=\"_blank\" rel=\"nofollow noopener\">IL seuraa: Jere Karalahden totuuden hetki on koittanut!<\/a>&nbsp;&nbsp;Iltalehti<\/li>\n<li><a href=\"https:\/\/news.google.com\/rss\/articles\/CBMiX0FVX3lxTE56azR3WE9xc25OR0FKTFpiWkdUMmE1WmdOWEd2RndsRUtSaUh3M1BHSVRzU3pXMTlHbXMtS2lsb2N1V0g4ZzVDeW9sUmlvYVAyck9Rd05RQ1NHejVjYVBn?oc=5\" target=\"_blank\" rel=\"nofollow noopener\">Jere Karalahti: Raju painonveto viimeisen\u00e4 p\u00e4iv\u00e4n\u00e4<\/a>&nbsp;&nbsp;Ilta-Sanomat<\/li>\n<li><a href=\"https:\/\/news.google.com\/rss\/articles\/CBMibkFVX3lxTE9KOFNOb19Oc29HR0hQM3ZoNGZlM0xFOWpua09FV0poc1FlRmE5SGNWaFRtamtaS2tEOFZOeHpKOHpudlczRjU5RXFoQVZ3czhwMzE4N0I0ampBRk9Xc0x4ZERwUWJDRWNUdjFIdWV3?oc=5\" target=\"_blank\" rel=\"nofollow noopener\">Tapahtuma | Puuvillassa n\u00e4hd\u00e4\u00e4n jotain sellaista, mik\u00e4 eroaa t\u00e4ysin Jere Karalahden touhusta<\/a>&nbsp;&nbsp;Satakunnan Kansa<\/li>\n<li><a href=\"https:\/\/news.google.com\/rss\/articles\/CBMiWEFVX3lxTE9UZGdGaUZQU2tfaGhXRXJjWVVwT1pOeTlNdHJTemxQbFFNcW8yT0M1eF8yV2xuZlhIY0hXRVhOMm1XaWkwNkpJZjVkMkZUM2hUWWJHTVZoaVY?oc=5\" target=\"_blank\" rel=\"nofollow noopener\">F2F Event 27.9. \u2013 t\u00e4ss\u00e4 aikataulu ja ottelut<\/a>&nbsp;&nbsp;Pallomeri.net<\/li>\n<li><a href=\"https:\/\/news.google.com\/rss\/articles\/CBMiXEFVX3lxTFBCUDJHb3lIeHhrdjllclhXeERFeDltYzNFUUdySnVQVmh3TmlZSzY5STdhRGl6cmpPRklkbTRfYy14TVRjSU5DaVViT2ZrVEJWeExZc0ZRRV9aSVNE?oc=5\" target=\"_blank\" rel=\"nofollow noopener\">Nyrkkeily | Jere Karalahti, 50, nousee keh\u00e4\u00e4n \u2013 nyrkkeilyl\u00e4\u00e4k\u00e4ri muistuttaa riskeist\u00e4<\/a>&nbsp;&nbsp;HS.fi<\/li>\n<\/ol>\n","protected":false},"excerpt":{"rendered":"IL seuraa: Jere Karalahden totuuden hetki on koittanut!&nbsp;&nbsp;Iltalehti Jere Karalahti: Raju painonveto viimeisen\u00e4 p\u00e4iv\u00e4n\u00e4&nbsp;&nbsp;Ilta-Sanomat Tapahtuma | Puuvillassa n\u00e4hd\u00e4\u00e4n&hellip;\n","protected":false},"author":2,"featured_media":46858,"comment_status":"","ping_status":"","sticky":false,"template":"","format":"standard","meta":{"footnotes":""},"categories":[133],"tags":[35,1144,1274,137,33,31,30,1143,41,32,1145,206,156,109],"class_list":{"0":"post-46857","1":"post","2":"type-post","3":"status-publish","4":"format-standard","5":"has-post-thumbnail","7":"category-televisiot","8":"tag-24h","9":"tag-ammattilaisjaakiekko","10":"tag-ammattiurheilu","11":"tag-entertainment","12":"tag-fi","13":"tag-finland","14":"tag-finnish","15":"tag-jaakiekko","16":"tag-liikunta-ja-urheilu","17":"tag-suomi","18":"tag-talviurheilu","19":"tag-televisiot","20":"tag-tv","21":"tag-viihde"},"share_on_mastodon":{"url":"","error":""},"_links":{"self":[{"href":"https:\/\/www.europesays.com\/fi\/wp-json\/wp\/v2\/posts\/46857","targetHints":{"allow":["GET"]}}],"collection":[{"href":"https:\/\/www.europesays.com\/fi\/wp-json\/wp\/v2\/posts"}],"about":[{"href":"https:\/\/www.europesays.com\/fi\/wp-json\/wp\/v2\/types\/post"}],"author":[{"embeddable":true,"href":"https:\/\/www.europesays.com\/fi\/wp-json\/wp\/v2\/users\/2"}],"replies":[{"embeddable":true,"href":"https:\/\/www.europesays.com\/fi\/wp-json\/wp\/v2\/comments?post=46857"}],"version-history":[{"count":0,"href":"https:\/\/www.europesays.com\/fi\/wp-json\/wp\/v2\/posts\/46857\/revisions"}],"wp:featuredmedia":[{"embeddable":true,"href":"https:\/\/www.europesays.com\/fi\/wp-json\/wp\/v2\/media\/46858"}],"wp:attachment":[{"href":"https:\/\/www.europesays.com\/fi\/wp-json\/wp\/v2\/media?parent=46857"}],"wp:term":[{"taxonomy":"category","embeddable":true,"href":"https:\/\/www.europesays.com\/fi\/wp-json\/wp\/v2\/categories?post=46857"},{"taxonomy":"post_tag","embeddable":true,"href":"https:\/\/www.europesays.com\/fi\/wp-json\/wp\/v2\/tags?post=46857"}],"curies":[{"name":"wp","href":"https:\/\/api.w.org\/{rel}","templated":true}]}}