{"id":46921,"date":"2025-09-27T16:51:08","date_gmt":"2025-09-27T16:51:08","guid":{"rendered":"https:\/\/www.europesays.com\/fi\/46921\/"},"modified":"2025-09-27T16:51:08","modified_gmt":"2025-09-27T16:51:08","slug":"markus-raikkonen-suhdepaljastus","status":"publish","type":"post","link":"https:\/\/www.europesays.com\/fi\/46921\/","title":{"rendered":"Markus R\u00e4ikk\u00f6nen: Suhdepaljastus!"},"content":{"rendered":"<p>            Miikka Kaskinen\n        <\/p>\n<p class=\"subtitle \">Markuksen suosikista ei j\u00e4\u00e4nyt ep\u00e4selvyytt\u00e4, sill\u00e4 h\u00e4n huusi kaljamuki k\u00e4dess\u00e4 kova\u00e4\u00e4nisesti \u201dMiskaa\u201d.<\/p>\n<p class=\"article-content article-content-width !bg-background\">Ex-p\u00e4\u00e4ministeri  ex-mies  l\u00f6ysi tiens\u00e4 F2F-kamppailuiltaan Helsingin j\u00e4\u00e4hallille.<\/p>\n<p class=\"article-content article-content-width !bg-background\">Tapahtuma alkoi kello 18 aikaan ensimm\u00e4isell\u00e4 ottelulla, jossa kohtasivat keitti\u00f6mestari  ja .<\/p>\n<p class=\"article-content article-content-width !bg-background\">Markuksen suosikista ei j\u00e4\u00e4nyt ep\u00e4selvyytt\u00e4, sill\u00e4 h\u00e4n huusi kaljamuki k\u00e4dess\u00e4 kova\u00e4\u00e4nisesti \u201dMiskaa\u201d.<\/p>\n<p class=\"article-content article-content-width !bg-background\">Eik\u00e4 Markus ollut paikalla yksin, vaan h\u00e4nen seurassaan oli kaunis brunetti.<\/p>\n<p>        <a itemprop=\"url\" href=\"https:\/\/www.seiska.fi\/kotimaa\/markus-raikkoselta-vahva-viesti\/1939700\" rel=\"nofollow noopener\" target=\"_blank\"><\/p>\n<p>\nOho!\n<\/p>\n<p class=\"section-date\">\n        <strong class=\"article-section\" data-section=\"kotimaa\"><br \/>\n            kotimaa<br \/>\n        <\/strong><br \/>\n        23.9. 18:30\n    <\/p>\n<p>Markus R\u00e4ikk\u00f6selt\u00e4 vahva viesti\n    <\/p>\n<p itemprop=\"description\" class=\"subtitle \">\n    Aika on j\u00e4rjestelykysymys.\n<\/p>\n<p>        <\/a><\/p>\n<p class=\"article-content article-content-width !bg-background\">Markuksella ja seuralaisella oli VIP-liput, ja he istuivat kymmenen metrin p\u00e4\u00e4ss\u00e4 keh\u00e4st\u00e4 hyvill\u00e4 paikoilla.<\/p>\n<p>                <img decoding=\"async\" src=\"https:\/\/www.europesays.com\/fi\/wp-content\/uploads\/2025\/09\/1943944.webp\" width=\"576\" height=\"322\" alt=\"Keitti\u00f6mestari Mikael Mihailov taisteli F2F-tapahtuman avausottelussa.\" loading=\"lazy\" \/>            <\/p>\n<p>\n            Keitti\u00f6mestari Mikael Mihailov taisteli F2F-tapahtuman avausottelussa.<br \/>\n            Panu H\u00f6rkk\u00f6\n        <\/p>\n<p>&#8221;Todella rohkea ihminen&#8221;<\/p>\n<p class=\"article-content article-content-width !bg-background\">Markus joutui kuitenkin pettym\u00e4\u00e4n, sill\u00e4 ottelun vei kaikin tuomari\u00e4\u00e4nin Hussein.<\/p>\n<p class=\"article-content article-content-width !bg-background\">Ottelun j\u00e4lkeen Markus meni halaamaan Miskaa.<\/p>\n<p>        <a itemprop=\"url\" href=\"https:\/\/www.seiska.fi\/kotimaa\/markus-raikkoselta-uusi-aluevaltaus-nain-martina-aitolehti-liittyy-asiaan\/1898007\" rel=\"nofollow noopener\" target=\"_blank\"><\/p>\n<p>\nMartinan jalanj\u00e4ljiss\u00e4!\n<\/p>\n<p class=\"section-date\">\n        <strong class=\"article-section\" data-section=\"kotimaa\"><br \/>\n            kotimaa<br \/>\n        <\/strong><br \/>\n        13.8. 11:27\n    <\/p>\n<p>Markus R\u00e4ikk\u00f6selt\u00e4 uusi aluevaltaus \u2013 n\u00e4in Martina Aitolehti liittyy asiaan\n    <\/p>\n<p itemprop=\"description\" class=\"subtitle \">\n    Markuksen alati kasvavat treenim\u00e4\u00e4r\u00e4t huutavat seuraavaa haastetta.\n<\/p>\n<p>        <\/a><\/p>\n<p class=\"article-content article-content-width !bg-background\">Seiska l\u00e4hestyi Markusta, joka antoi hyv\u00e4ntuulisena kommentit liittyen Miskaan.<\/p>\n<p class=\"article-content article-content-width !bg-background\">\u2013 Miska on todella rohkea ihminen.<\/p>\n<p class=\"article-content article-content-width !bg-background\">\u2013 Vaatii rohkeutta menn\u00e4 keh\u00e4\u00e4n, t\u00e4m\u00e4 on Miskan ilta, Markus hehkutti yst\u00e4v\u00e4\u00e4ns\u00e4.<\/p>\n<p>                <img decoding=\"async\" src=\"https:\/\/www.europesays.com\/fi\/wp-content\/uploads\/2025\/09\/1943931.webp\" width=\"576\" height=\"639\" alt=\"Markus poseerasi hyv\u00e4ntuulisesti ja kohteliaasti Seiskalle.\" loading=\"lazy\" \/>            <\/p>\n<p>\n            Markus poseerasi hyv\u00e4ntuulisesti ja kohteliaasti Seiskalle.<br \/>\n            Miikka Kaskinen\n        <\/p>\n<p>Takana seurustelusuhde<\/p>\n<p class=\"article-content article-content-width !bg-background\">My\u00f6s kauniin brunetin nimi paljastui, mutta nainen halusi pysy\u00e4 nimett\u00f6m\u00e4n\u00e4.<\/p>\n<p class=\"article-content article-content-width !bg-background\">\u2013 H\u00e4n on ollut pitk\u00e4\u00e4n yst\u00e4v\u00e4ni ja olen h\u00e4nest\u00e4 julkaissut somessakin, Markus hym\u00e4hti.<\/p>\n<p>        <a itemprop=\"url\" href=\"https:\/\/www.seiska.fi\/kotimaa\/markus-rakkonen-uusi-tyonkuva\/1885153\" rel=\"nofollow noopener\" target=\"_blank\"><\/p>\n<p>\nMarkus R\u00e4ikk\u00f6nen\n<\/p>\n<p class=\"section-date\">\n        <strong class=\"article-section\" data-section=\"kotimaa\"><br \/>\n            kotimaa<br \/>\n        <\/strong><br \/>\n        31.7. 08:36\n    <\/p>\n<p>Markus R\u00e4kk\u00f6nen: Uusi ty\u00f6nkuva\n    <\/p>\n<p itemprop=\"description\" class=\"subtitle \">\n    Satelliittivalmistaja osoitti Markukselle uuden, varsin hienolta kuulostavan roolin.\n<\/p>\n<p>        <\/a><\/p>\n<p class=\"article-content article-content-width !bg-background\">Kohtelias karpaasi kommentoi samalla my\u00f6s omaa suhdestatustaan kysytt\u00e4ess\u00e4.<\/p>\n<p class=\"article-content article-content-width !bg-background\">\u2013 P\u00e4\u00e4tin juuri pidemm\u00e4n seurustelusuhteen.<\/p>\n<p class=\"article-content article-content-width !bg-background\">Markus ja h\u00e4nen yst\u00e4v\u00e4ns\u00e4 eiv\u00e4t tapahtumassa kauan viihtyneet, sill\u00e4 he l\u00e4htiv\u00e4t l\u00e4hes v\u00e4litt\u00f6m\u00e4sti Miskan ottelun j\u00e4lkeen paikalta.<\/p>\n","protected":false},"excerpt":{"rendered":"Miikka Kaskinen Markuksen suosikista ei j\u00e4\u00e4nyt ep\u00e4selvyytt\u00e4, sill\u00e4 h\u00e4n huusi kaljamuki k\u00e4dess\u00e4 kova\u00e4\u00e4nisesti \u201dMiskaa\u201d. Ex-p\u00e4\u00e4ministeri ex-mies l\u00f6ysi tiens\u00e4&hellip;\n","protected":false},"author":2,"featured_media":46922,"comment_status":"","ping_status":"","sticky":false,"template":"","format":"standard","meta":{"footnotes":""},"categories":[136],"tags":[407,137,33,31,30,11966,408,212,2879,11965,2799,11964,32,109],"class_list":{"0":"post-46921","1":"post","2":"type-post","3":"status-publish","4":"format-standard","5":"has-post-thumbnail","7":"category-julkkikset","8":"tag-celebrities","9":"tag-entertainment","10":"tag-fi","11":"tag-finland","12":"tag-finnish","13":"tag-hussein-osman-yusuf","14":"tag-julkkikset","15":"tag-lifestyle","16":"tag-markus-raikkonen","17":"tag-mikael-mihailov","18":"tag-sanna-marin","19":"tag-suhdepaljastus","20":"tag-suomi","21":"tag-viihde"},"share_on_mastodon":{"url":"","error":""},"_links":{"self":[{"href":"https:\/\/www.europesays.com\/fi\/wp-json\/wp\/v2\/posts\/46921","targetHints":{"allow":["GET"]}}],"collection":[{"href":"https:\/\/www.europesays.com\/fi\/wp-json\/wp\/v2\/posts"}],"about":[{"href":"https:\/\/www.europesays.com\/fi\/wp-json\/wp\/v2\/types\/post"}],"author":[{"embeddable":true,"href":"https:\/\/www.europesays.com\/fi\/wp-json\/wp\/v2\/users\/2"}],"replies":[{"embeddable":true,"href":"https:\/\/www.europesays.com\/fi\/wp-json\/wp\/v2\/comments?post=46921"}],"version-history":[{"count":0,"href":"https:\/\/www.europesays.com\/fi\/wp-json\/wp\/v2\/posts\/46921\/revisions"}],"wp:featuredmedia":[{"embeddable":true,"href":"https:\/\/www.europesays.com\/fi\/wp-json\/wp\/v2\/media\/46922"}],"wp:attachment":[{"href":"https:\/\/www.europesays.com\/fi\/wp-json\/wp\/v2\/media?parent=46921"}],"wp:term":[{"taxonomy":"category","embeddable":true,"href":"https:\/\/www.europesays.com\/fi\/wp-json\/wp\/v2\/categories?post=46921"},{"taxonomy":"post_tag","embeddable":true,"href":"https:\/\/www.europesays.com\/fi\/wp-json\/wp\/v2\/tags?post=46921"}],"curies":[{"name":"wp","href":"https:\/\/api.w.org\/{rel}","templated":true}]}}