{"id":46954,"date":"2025-09-27T17:46:09","date_gmt":"2025-09-27T17:46:09","guid":{"rendered":"https:\/\/www.europesays.com\/fi\/46954\/"},"modified":"2025-09-27T17:46:09","modified_gmt":"2025-09-27T17:46:09","slug":"roy-grace-sarjan-uudet-jaksot-starttaavat-brittilainen-suosikkisarja-palaa-televisioon","status":"publish","type":"post","link":"https:\/\/www.europesays.com\/fi\/46954\/","title":{"rendered":"Roy Grace -sarjan uudet jaksot starttaavat &#8211; Brittil\u00e4inen suosikkisarja palaa televisioon!"},"content":{"rendered":"<p>Televisio<\/p>\n<p>  Roy Grace -sarjan 4. kausi starttaa ja tiedossa on kahdeksan uutta jaksoa.27.9.2025 klo 7:00<a href=\"https:\/\/www.suomi24.fi\/viihde\/l\/68d28290b702f-5235.webp\" rel=\"nofollow noopener\" target=\"_blank\"><img decoding=\"async\" src=\"https:\/\/www.europesays.com\/fi\/wp-content\/uploads\/2025\/09\/68d28290b702f-5235.webp.webp\" alt=\"Roy Grace\" loading=\"lazy\"\/><\/a>Roy Grace (oik.) toimii Brightonin poliisin rikosylikomisariona. Ty\u00f6kaveri Glenn Branson vieress\u00e4. Kuva: ITV Global Entertainment Limited, Yle<\/p>\n<p>Brightonin poliisin rikosylikomisario<strong> Roy Gracen<\/strong> tiimill\u00e4 on tutkittavana nelj\u00e4 visaista rikosvyyhte\u00e4. Rikosten takaa paljastuu mm. j\u00e4rjest\u00e4ytynytt\u00e4 rikollisuutta ja pienen ihmisen kieroutunut mieli.<\/p>\n<p>Roy on taistellut omaan el\u00e4m\u00e4\u00e4ns\u00e4 liittyv\u00e4n arvoituksen kanssa pitk\u00e4\u00e4n. Onko viimein tullut aika haudata menneisyyden haamut ja hyv\u00e4ksy\u00e4 menetys, jotta voi jatkaa kohti uutta onnea?<\/p>\n<p>Sarja perustuu <strong>Peter Jamesin<\/strong> dekkareihin, jotka on k\u00e4sikirjoitukseksi sovittanut <strong>Russell Lewis<\/strong>.<\/p>\n<p>(Roy Grace, kausi 4, Iso-Britannia, 2024)<\/p>\n<p>Roy Grace la 27.9. alkaen Yle TV1 klo 22.45 ja Yle Areena<\/p>\n<p><a href=\"https:\/\/www.telsu.fi\/roy-grace\" rel=\"noopener noreferrer nofollow\" target=\"_blank\">Katso tv-ohjelma-ajat Telsu.fi<\/a><\/p>\n<p>Suomi24 Viihde<\/p>\n<p>Lue seuraavaksi<\/p>\n","protected":false},"excerpt":{"rendered":"Televisio Roy Grace -sarjan 4. kausi starttaa ja tiedossa on kahdeksan uutta jaksoa.27.9.2025 klo 7:00Roy Grace (oik.) toimii&hellip;\n","protected":false},"author":2,"featured_media":46955,"comment_status":"","ping_status":"","sticky":false,"template":"","format":"standard","meta":{"footnotes":""},"categories":[133],"tags":[137,33,31,30,32,206,156,109],"class_list":{"0":"post-46954","1":"post","2":"type-post","3":"status-publish","4":"format-standard","5":"has-post-thumbnail","7":"category-televisiot","8":"tag-entertainment","9":"tag-fi","10":"tag-finland","11":"tag-finnish","12":"tag-suomi","13":"tag-televisiot","14":"tag-tv","15":"tag-viihde"},"share_on_mastodon":{"url":"","error":""},"_links":{"self":[{"href":"https:\/\/www.europesays.com\/fi\/wp-json\/wp\/v2\/posts\/46954","targetHints":{"allow":["GET"]}}],"collection":[{"href":"https:\/\/www.europesays.com\/fi\/wp-json\/wp\/v2\/posts"}],"about":[{"href":"https:\/\/www.europesays.com\/fi\/wp-json\/wp\/v2\/types\/post"}],"author":[{"embeddable":true,"href":"https:\/\/www.europesays.com\/fi\/wp-json\/wp\/v2\/users\/2"}],"replies":[{"embeddable":true,"href":"https:\/\/www.europesays.com\/fi\/wp-json\/wp\/v2\/comments?post=46954"}],"version-history":[{"count":0,"href":"https:\/\/www.europesays.com\/fi\/wp-json\/wp\/v2\/posts\/46954\/revisions"}],"wp:featuredmedia":[{"embeddable":true,"href":"https:\/\/www.europesays.com\/fi\/wp-json\/wp\/v2\/media\/46955"}],"wp:attachment":[{"href":"https:\/\/www.europesays.com\/fi\/wp-json\/wp\/v2\/media?parent=46954"}],"wp:term":[{"taxonomy":"category","embeddable":true,"href":"https:\/\/www.europesays.com\/fi\/wp-json\/wp\/v2\/categories?post=46954"},{"taxonomy":"post_tag","embeddable":true,"href":"https:\/\/www.europesays.com\/fi\/wp-json\/wp\/v2\/tags?post=46954"}],"curies":[{"name":"wp","href":"https:\/\/api.w.org\/{rel}","templated":true}]}}