{"id":46999,"date":"2025-09-27T18:46:06","date_gmt":"2025-09-27T18:46:06","guid":{"rendered":"https:\/\/www.europesays.com\/fi\/46999\/"},"modified":"2025-09-27T18:46:06","modified_gmt":"2025-09-27T18:46:06","slug":"heli-nykanen-on-vuoden-yrittajanainen-2025-yrittajanaiset-fi","status":"publish","type":"post","link":"https:\/\/www.europesays.com\/fi\/46999\/","title":{"rendered":"Heli Nyk\u00e4nen on Vuoden Yritt\u00e4j\u00e4nainen 2025 \u2013 Yrittajanaiset.fi"},"content":{"rendered":"<p>Suomen Yritt\u00e4j\u00e4naiset on valinnut vuoden 2025 valtakunnalliseksi yritt\u00e4j\u00e4naiseksi turkulaisen ohjelmistoyritys Tehden Oy:n perustajan <strong>Heli Nyk\u00e4sen<\/strong>. H\u00e4n toimii yritt\u00e4j\u00e4n\u00e4 miesvaltaisella alalla ja pit\u00e4\u00e4 yhten\u00e4 t\u00e4rkeimmist\u00e4 arvoistaan sit\u00e4, ett\u00e4 Tehdenin ohjelmistot valmistetaan suomalaisella ty\u00f6ll\u00e4. <\/p>\n<p>\u201dIhan mahtavat fiilikset! On hienoa, ett\u00e4 t\u00e4llaisia tunnustuksia jaetaan. Ne voivat rohkaista aloittelevia yritt\u00e4ji\u00e4, erityisesti niit\u00e4, jotka toimivat naisyritt\u00e4jille ep\u00e4tyypillisill\u00e4 aloilla tai haluavat kasvattaa yrityst\u00e4\u00e4n ty\u00f6llist\u00e4misen kautta\u201d, sanoo Heli Nyk\u00e4nen, joka on alusta alkaen py\u00f6ritt\u00e4nyt yrityst\u00e4\u00e4n yhdess\u00e4 puolisonsa Teemu Juntusen kanssa.<\/p>\n<p>Tehdenin tarina alkoi Turussa vuonna 2007, kun pariskunta havahtui kumpikin omassa ty\u00f6ss\u00e4\u00e4n, ett\u00e4 markkinoilta puuttui joustava ja kohtuuhintainen ohjelmisto, joka palvelisi my\u00f6s pieni\u00e4 yrityksi\u00e4.<\/p>\n<p>Vajaassa kahdessakymmeness\u00e4 vuodessa yritys on kasvanut kahden hengen start-upista 50 osaajan ty\u00f6llist\u00e4j\u00e4ksi. Vuonna 2011 Tehden sai Tekesilt\u00e4 tuotekehityslainan, jonka turvin palkattiin kymmenen ohjelmistokehitt\u00e4j\u00e4\u00e4. Siit\u00e4 alkoi m\u00e4\u00e4r\u00e4tietoinen kasvu.<\/p>\n<p>Ty\u00f6llist\u00e4minen on ollut keskeinen osa Tehdenin kasvua. Yrityksess\u00e4 on alusta asti pidetty kiinni siit\u00e4, ett\u00e4 kehitysty\u00f6 tehd\u00e4\u00e4n Suomessa. Tehdenille on my\u00f6nnetty Avainlippu merkiksi kotimaisuudesta.<\/p>\n<p>\u201dOhjelmistoalan yrityksille tulee paljon tarjouksia ostaa kehityst\u00e4 ulkomailta, mutta meille on ollut t\u00e4rke\u00e4\u00e4, ett\u00e4 ty\u00f6llist\u00e4mme Suomessa\u201d, Nyk\u00e4nen sanoo.<\/p>\n<p>Vuoden Yritt\u00e4j\u00e4naisen palkinto my\u00f6nnet\u00e4\u00e4n yritt\u00e4j\u00e4lle, joka on tehnyt esimerkillist\u00e4 ja uraauurtavaa ty\u00f6t\u00e4 oman yrityksens\u00e4 ja alansa kehitt\u00e4j\u00e4n\u00e4. Keskeisi\u00e4 kriteerej\u00e4 ovat my\u00f6s kannattavasti ja menestyksellisesti hoidettu, terve ja hyv\u00e4maineinen yritys, n\u00e4ytt\u00f6 erityisest\u00e4 suunnitelmallisuudesta ja luovuudesta sek\u00e4 positiivinen vaikutus paikkakunnan ty\u00f6llisyyteen tai palvelusektoriin.<\/p>\n<p>Heli Nyk\u00e4sen yhdess\u00e4 puolisonsa kanssa perustama Tehden Oy on ollut edell\u00e4k\u00e4vij\u00e4 pilvipohjaisten ohjelmistojen kehitt\u00e4misess\u00e4 Suomessa. Yritys toi markkinoille maan ensimm\u00e4isen pilvipalveluna toimivan kassaohjelman jo vuonna 2013, jolloin pilvipalvelut olivat pk-yrityksille viel\u00e4 vieras k\u00e4site. Tehdenin ratkaisut ovat mahdollistaneet pienille ja keskisuurille yrityksille helpon p\u00e4\u00e4syn digitaalisiin ty\u00f6kaluihin ilman suuria alkuinvestointeja.<\/p>\n<p>Yrityksen kasvu kahden hengen start-upista 50 ty\u00f6ntekij\u00e4n ty\u00f6llist\u00e4j\u00e4ksi on ollut m\u00e4\u00e4r\u00e4tietoista ja vastuullista. Tehdenin asiakaskuntaan kuuluu noin 600 yrityst\u00e4 eri puolilta Suomea, muun muassa myym\u00e4l\u00e4ketjuja, kuntosaleja, liikuntakeskuksia, museoita ja erikoisliikkeit\u00e4. Yritys on tunnettu hyv\u00e4st\u00e4 ty\u00f6ilmapiirist\u00e4\u00e4n ja arvoistaan, jotka tukevat ty\u00f6n ja perhe-el\u00e4m\u00e4n yhteensovittamista.<\/p>\n<p>Vuoden Yritt\u00e4j\u00e4nainen -kilpailun tuomaristo kiitti Nyk\u00e4st\u00e4 rohkeudesta ty\u00f6llist\u00e4\u00e4 ja panostaa pitk\u00e4j\u00e4nteisesti yrityksen kehitt\u00e4miseen. H\u00e4nen valintaansa siivittiv\u00e4t my\u00f6s Tehdenin vahva arvopohja, henkil\u00f6st\u00f6n sitoutuminen ja yrityksen rooli kotimaisen ohjelmistoalan uudistajana. Tehdeniss\u00e4 on parhaillaan k\u00e4ynniss\u00e4 kansainv\u00e4listymishanke, jonka tavoitteena on hakea kasvua my\u00f6s Suomen ulkopuolelta.<\/p>\n<p>\u201dOsaavat tehdenil\u00e4iset ovat mahdollistaneet yrityksen kasvun. Tunnuslauseemme onkin Yhdess\u00e4 Tehden!\u201d kertoo Heli Nyk\u00e4nen, joka siirtyi lokakuussa 2024 toimitusjohtajan pallilta yrityksen hallituksen puheenjohtajaksi.<\/p>\n<p>Nyk\u00e4nen on ollut mukana Suomen Yritt\u00e4j\u00e4naisten toiminnassa jo pitk\u00e4\u00e4n. H\u00e4net valittiin Turun Yritt\u00e4j\u00e4naiseksi vuonna 2016.<\/p>\n<p>Vuoden valtakunnallinen Yritt\u00e4j\u00e4nainen palkittiin Lahdessa j\u00e4rjestetyill\u00e4 valtakunnallisilla liittokokousp\u00e4ivill\u00e4. Palkinnon my\u00f6nt\u00e4v\u00e4t Suomen Yritt\u00e4j\u00e4naiset sek\u00e4 L\u00e4hiTapiola-ryhm\u00e4 ja Ty\u00f6el\u00e4keyhti\u00f6 Elo.<\/p>\n<p>Tehden Oy<br \/>Toimiala: ohjelmistojen suunnittelu ja valmistus<br \/>Perustamisvuosi: 2007<br \/>Henkil\u00f6kunta: 50<br \/>Yhti\u00f6muoto: osakeyhti\u00f6<br \/>Omistus: perheyritys<br \/>Liikevaihto 2024: 3,8 milj. \u20ac<\/p>\n<p><strong>Lis\u00e4tietoja:<\/strong><\/p>\n<p><strong>Heli Nyk\u00e4nen<\/strong>, hallituksen puheenjohtaja<br \/>puh. 040 550 4255, <a href=\"https:\/\/www.yrittajanaiset.fi\/cdn-cgi\/l\/email-protection\" class=\"__cf_email__\" data-cfemail=\"7e161b1217501007151f101b103e0a1b161a1b10501d1113\" rel=\"nofollow noopener\" target=\"_blank\">[email\u00a0protected]<\/a><\/p>\n<p><strong>Carita Orlando<\/strong>, toimitusjohtaja, Suomen Yritt\u00e4j\u00e4naiset<br \/>puh. 040 544 5519, <a href=\"https:\/\/www.yrittajanaiset.fi\/cdn-cgi\/l\/email-protection\" class=\"__cf_email__\" data-cfemail=\"dab9bba8b3aebbf4b5a8b6bbb4beb59aa3a8b3aeaebbb0bbb4bbb3a9bfaef4bcb3\" rel=\"nofollow noopener\" target=\"_blank\">[email\u00a0protected]<\/a><\/p>\n<p><strong>Katja Rajala<\/strong>, puheenjohtaja, Suomen Yritt\u00e4j\u00e4naiset<br \/>puh. 050 505 4422, <a href=\"https:\/\/www.yrittajanaiset.fi\/cdn-cgi\/l\/email-protection\" class=\"__cf_email__\" data-cfemail=\"cba0aabfa1aae5b9aaa1aaa7aa8bb2b9a2bfbfaaa1aaa5aaa2b8aebfe5ada2\" rel=\"nofollow noopener\" target=\"_blank\">[email\u00a0protected]<\/a><\/p>\n<p><strong>Pia Kanerva<\/strong>, kehitysp\u00e4\u00e4llikk\u00f6, L\u00e4hiTapiola-ryhm\u00e4<br \/>puh. 040 507 3537, <a href=\"https:\/\/www.yrittajanaiset.fi\/cdn-cgi\/l\/email-protection\" class=\"__cf_email__\" data-cfemail=\"19697078377278777c6b6f7859757871706d786970767578377f70\" rel=\"nofollow noopener\" target=\"_blank\">[email\u00a0protected]<\/a><\/p>\n<p><img fetchpriority=\"high\" decoding=\"async\" width=\"768\" height=\"768\" src=\"https:\/\/www.europesays.com\/fi\/wp-content\/uploads\/2025\/09\/Heli-netti-itse-artikkeliin-768x768.jpg\" alt=\"\" class=\"wp-image-19196\" style=\"width:859px;height:auto\"  \/><\/p>\n","protected":false},"excerpt":{"rendered":"Suomen Yritt\u00e4j\u00e4naiset on valinnut vuoden 2025 valtakunnalliseksi yritt\u00e4j\u00e4naiseksi turkulaisen ohjelmistoyritys Tehden Oy:n perustajan Heli Nyk\u00e4sen. H\u00e4n toimii yritt\u00e4j\u00e4n\u00e4&hellip;\n","protected":false},"author":2,"featured_media":47000,"comment_status":"","ping_status":"","sticky":false,"template":"","format":"standard","meta":{"footnotes":""},"categories":[76],"tags":[79,77,33,31,30,32,78,11983,3380],"class_list":{"0":"post-46999","1":"post","2":"type-post","3":"status-publish","4":"format-standard","5":"has-post-thumbnail","7":"category-talous","8":"tag-business","9":"tag-economy","10":"tag-fi","11":"tag-finland","12":"tag-finnish","13":"tag-suomi","14":"tag-talous","15":"tag-yrittajanaiset","16":"tag-yrittajat"},"share_on_mastodon":{"url":"","error":""},"_links":{"self":[{"href":"https:\/\/www.europesays.com\/fi\/wp-json\/wp\/v2\/posts\/46999","targetHints":{"allow":["GET"]}}],"collection":[{"href":"https:\/\/www.europesays.com\/fi\/wp-json\/wp\/v2\/posts"}],"about":[{"href":"https:\/\/www.europesays.com\/fi\/wp-json\/wp\/v2\/types\/post"}],"author":[{"embeddable":true,"href":"https:\/\/www.europesays.com\/fi\/wp-json\/wp\/v2\/users\/2"}],"replies":[{"embeddable":true,"href":"https:\/\/www.europesays.com\/fi\/wp-json\/wp\/v2\/comments?post=46999"}],"version-history":[{"count":0,"href":"https:\/\/www.europesays.com\/fi\/wp-json\/wp\/v2\/posts\/46999\/revisions"}],"wp:featuredmedia":[{"embeddable":true,"href":"https:\/\/www.europesays.com\/fi\/wp-json\/wp\/v2\/media\/47000"}],"wp:attachment":[{"href":"https:\/\/www.europesays.com\/fi\/wp-json\/wp\/v2\/media?parent=46999"}],"wp:term":[{"taxonomy":"category","embeddable":true,"href":"https:\/\/www.europesays.com\/fi\/wp-json\/wp\/v2\/categories?post=46999"},{"taxonomy":"post_tag","embeddable":true,"href":"https:\/\/www.europesays.com\/fi\/wp-json\/wp\/v2\/tags?post=46999"}],"curies":[{"name":"wp","href":"https:\/\/api.w.org\/{rel}","templated":true}]}}