{"id":47054,"date":"2025-09-27T20:05:08","date_gmt":"2025-09-27T20:05:08","guid":{"rendered":"https:\/\/www.europesays.com\/fi\/47054\/"},"modified":"2025-09-27T20:05:08","modified_gmt":"2025-09-27T20:05:08","slug":"valkoisen-talon-uusi-kunnianosoitus-julkistettiin-trumpilta-ilkea-temppu-bidenille","status":"publish","type":"post","link":"https:\/\/www.europesays.com\/fi\/47054\/","title":{"rendered":"Valkoisen talon uusi kunnianosoitus julkistettiin \u2013 Trumpilta ilke\u00e4 temppu Bidenille"},"content":{"rendered":"<p>Donald Trump korvasi Joe Bidenin muotokuvan kyseenalaisella tavalla Valkoisessa talossa.<\/p>\n<p><img decoding=\"async\" class=\"image image-show image-preview\" src=\"https:\/\/www.europesays.com\/fi\/wp-content\/uploads\/2025\/09\/149fc68564035b7261b7f7b612f3cf696ebee3ffadd6112baf371f3a396363e1.jpg\" alt=\"\"\/><img decoding=\"async\" class=\"image image-show\" src=\"https:\/\/www.europesays.com\/fi\/wp-content\/uploads\/2025\/09\/1759003508_450_149fc68564035b7261b7f7b612f3cf696ebee3ffadd6112baf371f3a396363e1.jpg\" alt=\"\"\/><\/p>\n<p>Trumpin muotokuvien v\u00e4list\u00e4 paljastui kyseenalainen taulu. AOP<\/p>\n<p class=\"paragraph\">Yhdysvaltojen presidenttien muotokuvien rivist\u00f6st\u00e4 Valkoisessa talossa paljastui kyseenalainen n\u00e4ky.<\/p>\n<p class=\"paragraph\"><strong>Donald Trumpin<\/strong> edelt\u00e4j\u00e4n eli <strong>Joe Bidenin<\/strong> muotokuvan tilalle on asetettu taulu automaattikyn\u00e4st\u00e4, joka kirjoittaa Bidenin allekirjoitusta.<\/p>\n<p class=\"paragraph\">Kyn\u00e4taulun ymp\u00e4rill\u00e4 on kuvat Trumpista, koska t\u00e4m\u00e4 on toiminut sek\u00e4 ennen ett\u00e4 j\u00e4lkeen Bidenin. Valkoinen talo hehkutti uutta taulurivi\u00e4 keskiviikkona sosiaalisessa mediassa.<\/p>\n<p class=\"paragraph\">Jos upotus ei n\u00e4y, voit katsoa sen <a href=\"https:\/\/twitter.com\/WhiteHouse\/status\/1970902690474647786\" target=\"_blank\" rel=\"noopener nofollow\">t\u00e4st\u00e4<\/a>.<\/p>\n<p class=\"paragraph\">Muun muassa <a href=\"https:\/\/apnews.com\/article\/trump-presidential-portraits-biden-autopen-white-house-e8624154e72631e723930ea549bb8910\" target=\"_blank\" rel=\"noopener nofollow\">uutistoimisto AP<\/a> kertoo, ett\u00e4 taulurivist\u00f6 on Valkoisen talon uusi \u201dpresidentillinen Walk of Fame\u201d.<\/p>\n<p class=\"paragraph\">AP:n mukaan Bidenin kuvan korvaaminen automaattikyn\u00e4ll\u00e4 viittaa Trumpin usein esitt\u00e4miin v\u00e4itteisiin, joiden mukaan Biden ei presidenttikautensa loppupuolella pystynyt tekem\u00e4\u00e4n p\u00e4\u00e4t\u00f6ksi\u00e4. Trump oli jo aiemmin vihjannut korvaavansa Bidenin kasvokuvan automaattikyn\u00e4ll\u00e4.<\/p>\n<p class=\"paragraph\">Biden kommentoi kes\u00e4ll\u00e4 <a href=\"https:\/\/www.nytimes.com\/2025\/07\/13\/us\/politics\/biden-clemency-interview.html?partner=slack&amp;smid=sl-share\" target=\"_blank\" rel=\"noopener nofollow\">New York Timesille<\/a> virkakautensa lopulla tekemi\u00e4\u00e4n rangaistusten lyhent\u00e4misp\u00e4\u00e4t\u00f6ksi\u00e4 ja armahduksia. Biden ei allekirjoittanut m\u00e4\u00e4r\u00e4yksi\u00e4 itse, vaan Valkoisen talon henkil\u00f6kunta teki sen automaattikyn\u00e4n avulla.<\/p>\n<p class=\"paragraph\">Bidenin mukaan h\u00e4n oli pyyt\u00e4nyt avustajiaan k\u00e4ytt\u00e4m\u00e4\u00e4n automaattikyn\u00e4\u00e4 armahdusp\u00e4\u00e4t\u00f6sten allekirjoittamisessa, koska armahdettavia oli niin paljon.<\/p>\n<p class=\"paragraph\">Trump arveli automaattikyn\u00e4n k\u00e4yt\u00f6n johtuneen Bidenin alentuneesta henkisest\u00e4 kyvykkyydest\u00e4 ty\u00f6h\u00f6ns\u00e4. AP:n mukaan Trump oli my\u00f6s v\u00e4itt\u00e4nyt ilman todisteita, ett\u00e4 Bidenin hallinto olisi allekirjoittanut p\u00e4\u00e4t\u00f6ksi\u00e4 automaattikyn\u00e4ll\u00e4 Bidenin sel\u00e4n takana.<\/p>\n<p><script async src=\"https:\/\/platform.twitter.com\/widgets.js\" charset=\"utf-8\"><\/script><\/p>\n","protected":false},"excerpt":{"rendered":"Donald Trump korvasi Joe Bidenin muotokuvan kyseenalaisella tavalla Valkoisessa talossa. Trumpin muotokuvien v\u00e4list\u00e4 paljastui kyseenalainen taulu. AOP Yhdysvaltojen&hellip;\n","protected":false},"author":2,"featured_media":47055,"comment_status":"","ping_status":"","sticky":false,"template":"","format":"standard","meta":{"footnotes":""},"categories":[14],"tags":[35,22,23,26,27,33,31,30,17,24,25,28,29,15,18,21,142,144,32,19,20,56,16,59,60,61,143,751,145],"class_list":{"0":"post-47054","1":"post","2":"type-post","3":"status-publish","4":"format-standard","5":"has-post-thumbnail","7":"category-ulkomaat","8":"tag-24h","9":"tag-breaking-news","10":"tag-breakingnews","11":"tag-featured-news","12":"tag-featurednews","13":"tag-fi","14":"tag-finland","15":"tag-finnish","16":"tag-headlines","17":"tag-latest-news","18":"tag-latestnews","19":"tag-main-news","20":"tag-mainnews","21":"tag-news","22":"tag-otsikot","23":"tag-paauutiset","24":"tag-poliitikot","25":"tag-presidentti","26":"tag-suomi","27":"tag-top-stories","28":"tag-topstories","29":"tag-ulkomaat","30":"tag-uutiset","31":"tag-world","32":"tag-world-news","33":"tag-worldnews","34":"tag-yhdysvaltain-politiikka","35":"tag-yhdysvaltalaiset-poliitikot","36":"tag-yhdysvaltalaiset-poliittiset-puolueet"},"share_on_mastodon":{"url":"","error":""},"_links":{"self":[{"href":"https:\/\/www.europesays.com\/fi\/wp-json\/wp\/v2\/posts\/47054","targetHints":{"allow":["GET"]}}],"collection":[{"href":"https:\/\/www.europesays.com\/fi\/wp-json\/wp\/v2\/posts"}],"about":[{"href":"https:\/\/www.europesays.com\/fi\/wp-json\/wp\/v2\/types\/post"}],"author":[{"embeddable":true,"href":"https:\/\/www.europesays.com\/fi\/wp-json\/wp\/v2\/users\/2"}],"replies":[{"embeddable":true,"href":"https:\/\/www.europesays.com\/fi\/wp-json\/wp\/v2\/comments?post=47054"}],"version-history":[{"count":0,"href":"https:\/\/www.europesays.com\/fi\/wp-json\/wp\/v2\/posts\/47054\/revisions"}],"wp:featuredmedia":[{"embeddable":true,"href":"https:\/\/www.europesays.com\/fi\/wp-json\/wp\/v2\/media\/47055"}],"wp:attachment":[{"href":"https:\/\/www.europesays.com\/fi\/wp-json\/wp\/v2\/media?parent=47054"}],"wp:term":[{"taxonomy":"category","embeddable":true,"href":"https:\/\/www.europesays.com\/fi\/wp-json\/wp\/v2\/categories?post=47054"},{"taxonomy":"post_tag","embeddable":true,"href":"https:\/\/www.europesays.com\/fi\/wp-json\/wp\/v2\/tags?post=47054"}],"curies":[{"name":"wp","href":"https:\/\/api.w.org\/{rel}","templated":true}]}}