{"id":47093,"date":"2025-09-27T21:15:07","date_gmt":"2025-09-27T21:15:07","guid":{"rendered":"https:\/\/www.europesays.com\/fi\/47093\/"},"modified":"2025-09-27T21:15:07","modified_gmt":"2025-09-27T21:15:07","slug":"tuottaja-muistelee-viimeista-keskusteluaan-ozzy-osbournen-kanssa-kaikki-vaikutti-ihan-normaalilta","status":"publish","type":"post","link":"https:\/\/www.europesays.com\/fi\/47093\/","title":{"rendered":"Tuottaja muistelee viimeist\u00e4 keskusteluaan Ozzy Osbournen kanssa &#8211; &#8221;Kaikki vaikutti ihan normaalilta&#8221;"},"content":{"rendered":"<p>Tuottaja Andrew Watt ja Ozzy Osbourne olivat varsin l\u00e4heisi\u00e4 yst\u00e4vyksi\u00e4 ja yhteisty\u00f6kumppaneita. Kaksikko jutteli k\u00e4yt\u00e4nn\u00f6ss\u00e4 p\u00e4ivitt\u00e4in, my\u00f6s hein\u00e4kuun lopulla vain p\u00e4iv\u00e4\u00e4 ennen laulajalegendan kuolemaa.<\/p>\n<p>\u201dKaikki vaikutti ihan normaalilta\u201d, Watt muistelee<a href=\"https:\/\/www.rollingstone.com\/music\/music-features\/ozzy-osbourne-last-days-andrew-watt-1235436231\/\" target=\"_blank\" rel=\"noreferrer noopener nofollow\"> Rolling Stonelle<\/a>. \u201dSeuraavan p\u00e4iv\u00e4n uutiset olivat valtava shokki.\u201d<\/p>\n<p>Watt tuotti Ozzyn viimeisiksi j\u00e4\u00e4neet Ordinary Man ja Patient Number 9 -albumit. Yhteisty\u00f6 Pimeyden prinssin kanssa poiki my\u00f6s lis\u00e4t\u00f6it\u00e4 muun muassa The Rolling Stonesin ja\u00a0Lady Gagan kanssa. Watt antaakin Ozzylle kiitosta uransa urkenemisesta.<\/p>\n<p>Ozzyn kuolema tuntui tuottajasta kuitenkin ennen kaikkea silt\u00e4, kuin olisi menett\u00e4nyt perheenj\u00e4senen.<\/p>\n<p>\u201dPidimme toisiamme korkeassa arvossa niin yhteisty\u00f6kumppaneina kuin yst\u00e4vin\u00e4kin. Ja vittu sent\u00e4\u00e4n, kaikkein eniten kaipaan h\u00e4nen nauruaan. H\u00e4n oli kaikkien aikojen hauskin tyyppi.\u201d<\/p>\n<p>Lue my\u00f6s: <a href=\"https:\/\/www.soundi.fi\/uutiset\/kuva-lepakoita-syovasta-hullusta-ei-vastannut-todellisuutta-deep-purplen-ian-paice-kertoo-millaisena-han-muistaa-ozzy-osbournen\/\" title=\"\u201dKuva lepakoita sy\u00f6v\u00e4st\u00e4 hullusta ei vastannut todellisuutta\u201d \u2013 Deep Purplen Ian Paice kertoo, millaisena h\u00e4n muistaa Ozzy Osbournen\" class=\"underline-custom !font-montserrat !font-bold !underline-offset-4 !decoration-4 !decoration-tilt-light\" rel=\"nofollow noopener\" target=\"_blank\">\u201dKuva lepakoita sy\u00f6v\u00e4st\u00e4 hullusta ei vastannut todellisuutta\u201d \u2013 Deep Purplen Ian Paice kertoo, millaisena h\u00e4n muistaa Ozzy Osbournen<\/a><\/p>\n<p>Lue my\u00f6s: <a href=\"https:\/\/www.soundi.fi\/uutiset\/ozzy-oli-ozzy-hamaan-loppuun-asti-gene-simmons-muistelee-edesmennytta-ozzy-osbournea\/\" title=\"\u201dOzzy oli Ozzy hamaan loppuun asti\u201d \u2013 Gene Simmons muistelee edesmennytt\u00e4 Ozzy Osbournea\" class=\"underline-custom !font-montserrat !font-bold !underline-offset-4 !decoration-4 !decoration-tilt-light\" rel=\"nofollow noopener\" target=\"_blank\">\u201dOzzy oli Ozzy hamaan loppuun asti\u201d \u2013 Gene Simmons muistelee edesmennytt\u00e4 Ozzy Osbournea<\/a><\/p>\n","protected":false},"excerpt":{"rendered":"Tuottaja Andrew Watt ja Ozzy Osbourne olivat varsin l\u00e4heisi\u00e4 yst\u00e4vyksi\u00e4 ja yhteisty\u00f6kumppaneita. Kaksikko jutteli k\u00e4yt\u00e4nn\u00f6ss\u00e4 p\u00e4ivitt\u00e4in, my\u00f6s hein\u00e4kuun&hellip;\n","protected":false},"author":2,"featured_media":47094,"comment_status":"","ping_status":"","sticky":false,"template":"","format":"standard","meta":{"footnotes":""},"categories":[132],"tags":[137,33,31,30,195,47,32,109],"class_list":{"0":"post-47093","1":"post","2":"type-post","3":"status-publish","4":"format-standard","5":"has-post-thumbnail","7":"category-musiikki","8":"tag-entertainment","9":"tag-fi","10":"tag-finland","11":"tag-finnish","12":"tag-music","13":"tag-musiikki","14":"tag-suomi","15":"tag-viihde"},"share_on_mastodon":{"url":"","error":""},"_links":{"self":[{"href":"https:\/\/www.europesays.com\/fi\/wp-json\/wp\/v2\/posts\/47093","targetHints":{"allow":["GET"]}}],"collection":[{"href":"https:\/\/www.europesays.com\/fi\/wp-json\/wp\/v2\/posts"}],"about":[{"href":"https:\/\/www.europesays.com\/fi\/wp-json\/wp\/v2\/types\/post"}],"author":[{"embeddable":true,"href":"https:\/\/www.europesays.com\/fi\/wp-json\/wp\/v2\/users\/2"}],"replies":[{"embeddable":true,"href":"https:\/\/www.europesays.com\/fi\/wp-json\/wp\/v2\/comments?post=47093"}],"version-history":[{"count":0,"href":"https:\/\/www.europesays.com\/fi\/wp-json\/wp\/v2\/posts\/47093\/revisions"}],"wp:featuredmedia":[{"embeddable":true,"href":"https:\/\/www.europesays.com\/fi\/wp-json\/wp\/v2\/media\/47094"}],"wp:attachment":[{"href":"https:\/\/www.europesays.com\/fi\/wp-json\/wp\/v2\/media?parent=47093"}],"wp:term":[{"taxonomy":"category","embeddable":true,"href":"https:\/\/www.europesays.com\/fi\/wp-json\/wp\/v2\/categories?post=47093"},{"taxonomy":"post_tag","embeddable":true,"href":"https:\/\/www.europesays.com\/fi\/wp-json\/wp\/v2\/tags?post=47093"}],"curies":[{"name":"wp","href":"https:\/\/api.w.org\/{rel}","templated":true}]}}