{"id":47107,"date":"2025-09-27T21:37:16","date_gmt":"2025-09-27T21:37:16","guid":{"rendered":"https:\/\/www.europesays.com\/fi\/47107\/"},"modified":"2025-09-27T21:37:16","modified_gmt":"2025-09-27T21:37:16","slug":"vappu-pimialta-elintarkea-muistutus","status":"publish","type":"post","link":"https:\/\/www.europesays.com\/fi\/47107\/","title":{"rendered":"Vappu Pimi\u00e4lt\u00e4 elint\u00e4rke\u00e4 muistutus"},"content":{"rendered":"<p>            juha metso, Timo Korhonen\n        <\/p>\n<p class=\"subtitle \">Vappu osui ajankohtaisen vaaran kohdalle.<\/p>\n<p class=\"article-content article-content-width !bg-background\">Juontaja\u00a0muistutti perjantai-iltana (26.9.) <a href=\"https:\/\/www.instagram.com\/stories\/vappendaali\/3730278620799868145\/\" target=\"_blank\" rel=\"nofollow noopener\">Instagram-tarinoissaan<\/a> liikenteen liikkuvasta vaarasta, jollaisen kohdalle h\u00e4n sattui itsekin.<\/p>\n<p class=\"font-weight-bold m-font-weight-bold article-content article-content-width !bg-background\">Arkistovideo: Frederik liikenneonnettomuudessa Kanarialla<\/p>\n<p class=\"article-content article-content-width !bg-background\">Vappu oli pelk\u00e4\u00e4j\u00e4n paikalla matkalla tarinoidensa perusteella autolla Saloon, kun h\u00e4nen ohitseen tien yli h\u00f6lkk\u00e4si kaksi hirve\u00e4.<\/p>\n<p class=\"article-content article-content-width !bg-background\">\u2013\u00a0Olkaahan varovaisia liikenteess\u00e4,\u00a0h\u00e4n kirjoitti tilanteestaan kuvaamansa videon oheen, oletettavasti ihmisille, mutta mahdollisesti my\u00f6s sorkkael\u00e4imille.<\/p>\n<p class=\"article-content article-content-width !bg-background\">Hetke\u00e4 my\u00f6hemmin tiell\u00e4 n\u00e4kyi viel\u00e4 kolmas hirvi.<\/p>\n<p class=\"article-content article-content-width !bg-background\">Vappu matkaseurueineen p\u00e4\u00e4si onneksi turvallisesti perille, sill\u00e4 pian videoiden jakamisen j\u00e4lkeen Vappu jakoi jo tunnelmia perilt\u00e4.<\/p>\n<p>        <a itemprop=\"url\" href=\"https:\/\/www.seiska.fi\/kotimaa\/vappu-pimialta-yllatysilmoitus\/1605374\" rel=\"nofollow noopener\" target=\"_blank\"><\/p>\n<p>\nSalaisuus julki\n<\/p>\n<p class=\"section-date\">\n        <strong class=\"article-section\" data-section=\"kotimaa\"><br \/>\n            kotimaa<br \/>\n        <\/strong><br \/>\n        6.2. 17:30\n    <\/p>\n<p>Vappu Pimi\u00e4lt\u00e4 yll\u00e4tysilmoitus\n    <\/p>\n<p itemprop=\"description\" class=\"subtitle \">\n    Vappu saa viimein paljastaa suuren salaisuuden.\n<\/p>\n<p>        <\/a><\/p>\n<p>Ajankohtainen varoitus<\/p>\n<p class=\"article-content article-content-width !bg-background\">Vapun liikennevaroitus oli ehdottoman ajankohtainen. <a href=\"https:\/\/yle.fi\/a\/74-20185121\" target=\"_blank\" rel=\"nofollow noopener\">Yle<\/a> uutisoi perjantaina, ett\u00e4 Fintrafficin tieliikennekeskuksen mukaan maanteill\u00e4 on nyt hirvivaara.<\/p>\n<p class=\"article-content article-content-width !bg-background\">Vapun kuvaamat tilanteet osuivat kohdalle ilmeisen tyypillisiss\u00e4 paikoissa. Vappu n\u00e4kyy olevan liikkeell\u00e4 metsikk\u00f6isell\u00e4 maantiell\u00e4 ja juuri auringonlaskun aikaan. Auton nopeus oli kuitenkin maltillinen, ja Vapun kohtaamat hirvet kipittiv\u00e4t vauhdilla tielt\u00e4 pois.<\/p>\n<p>        <a itemprop=\"url\" href=\"https:\/\/www.seiska.fi\/katso\/vappu-pimia-murtui-itkuun-ttkssa\/1931547\" rel=\"nofollow noopener\" target=\"_blank\"><\/p>\n<p>\nRomahdus TTK:ssa\n<\/p>\n<p class=\"section-date\">\n        <strong class=\"article-section\" data-section=\"katso\"><br \/>\n            katso<br \/>\n        <\/strong><br \/>\n        15.9. 10:32\n    <\/p>\n<p>Vappu Pimi\u00e4 murtui itkuun TTK:ssa\n    <\/p>\n<p itemprop=\"description\" class=\"subtitle \">\n    Tanssii t\u00e4htien kanssa -l\u00e4hetyksess\u00e4 tunteet nousivat pintaan.\n<\/p>\n<p>        <\/a><\/p>\n<p>Hirvet liikkeell\u00e4<\/p>\n<p class=\"article-content article-content-width !bg-background\">Tieliikennekeskuksen mukaan nyt on hirvien kiima-aika, mink\u00e4 lis\u00e4ksi ne ovat siirtym\u00e4ss\u00e4 talvilaitumilleen. Erityist\u00e4 tarkkuutta kehotetaan yll\u00e4pit\u00e4m\u00e4\u00e4n etenkin aamu- ja iltah\u00e4m\u00e4r\u00e4n aikaan ja hirvivaara-alueilla.<\/p>\n<p class=\"article-content article-content-width !bg-background\">Hirvivaara-alueen tunnistaa tietenkin siit\u00e4 kertovasta varoituskolmiosta.<\/p>\n<p class=\"article-content article-content-width !bg-background\"><a href=\"https:\/\/www.kuljettaja.fi\/fi\/artikkeli\/liikenneturva-muistuttaa-hirvivaara-alueet-otettava-tosissaan\" target=\"_blank\" rel=\"nofollow noopener\">Kuljettaja.fi<\/a>-sivuston mukaan viime vuonna sattui noin 1 500 hirvikolaria, joista yli nelj\u00e4nnes tapahtui loka-syyskuussa. Sivuston mukaan hirvi\u00e4 on usein liikkeell\u00e4 useampia, eli jos kohdaa yhden hirven, voi vastaan hyvin tulla muitakin.<\/p>\n<p class=\"article-content article-content-width !bg-background\">Hirvien ohittaminen tiell\u00e4 suositellaan teht\u00e4v\u00e4n takap\u00e4\u00e4n puolelta, sill\u00e4 hirvell\u00e4 on tapana ryys\u00e4t\u00e4 tien yli suoraan. Paikallaankin seisovan hirven kohdalla suositellaan hidastamista.<\/p>\n<p><script async src=\"\/\/www.instagram.com\/embed.js\"><\/script><\/p>\n","protected":false},"excerpt":{"rendered":"juha metso, Timo Korhonen Vappu osui ajankohtaisen vaaran kohdalle. Juontaja\u00a0muistutti perjantai-iltana (26.9.) Instagram-tarinoissaan liikenteen liikkuvasta vaarasta, jollaisen kohdalle&hellip;\n","protected":false},"author":2,"featured_media":47108,"comment_status":"","ping_status":"","sticky":false,"template":"","format":"standard","meta":{"footnotes":""},"categories":[136],"tags":[6051,407,137,33,31,30,1691,408,4632,1161,8907,32,1896,109],"class_list":{"0":"post-47107","1":"post","2":"type-post","3":"status-publish","4":"format-standard","5":"has-post-thumbnail","7":"category-julkkikset","8":"tag-autoilu","9":"tag-celebrities","10":"tag-entertainment","11":"tag-fi","12":"tag-finland","13":"tag-finnish","14":"tag-hirvi","15":"tag-julkkikset","16":"tag-lemmikit","17":"tag-liikenne","18":"tag-liikenneonnettomuus","19":"tag-suomi","20":"tag-vappu-pimia","21":"tag-viihde"},"share_on_mastodon":{"url":"","error":""},"_links":{"self":[{"href":"https:\/\/www.europesays.com\/fi\/wp-json\/wp\/v2\/posts\/47107","targetHints":{"allow":["GET"]}}],"collection":[{"href":"https:\/\/www.europesays.com\/fi\/wp-json\/wp\/v2\/posts"}],"about":[{"href":"https:\/\/www.europesays.com\/fi\/wp-json\/wp\/v2\/types\/post"}],"author":[{"embeddable":true,"href":"https:\/\/www.europesays.com\/fi\/wp-json\/wp\/v2\/users\/2"}],"replies":[{"embeddable":true,"href":"https:\/\/www.europesays.com\/fi\/wp-json\/wp\/v2\/comments?post=47107"}],"version-history":[{"count":0,"href":"https:\/\/www.europesays.com\/fi\/wp-json\/wp\/v2\/posts\/47107\/revisions"}],"wp:featuredmedia":[{"embeddable":true,"href":"https:\/\/www.europesays.com\/fi\/wp-json\/wp\/v2\/media\/47108"}],"wp:attachment":[{"href":"https:\/\/www.europesays.com\/fi\/wp-json\/wp\/v2\/media?parent=47107"}],"wp:term":[{"taxonomy":"category","embeddable":true,"href":"https:\/\/www.europesays.com\/fi\/wp-json\/wp\/v2\/categories?post=47107"},{"taxonomy":"post_tag","embeddable":true,"href":"https:\/\/www.europesays.com\/fi\/wp-json\/wp\/v2\/tags?post=47107"}],"curies":[{"name":"wp","href":"https:\/\/api.w.org\/{rel}","templated":true}]}}