{"id":47177,"date":"2025-09-28T00:00:09","date_gmt":"2025-09-28T00:00:09","guid":{"rendered":"https:\/\/www.europesays.com\/fi\/47177\/"},"modified":"2025-09-28T00:00:09","modified_gmt":"2025-09-28T00:00:09","slug":"kymmenettuhannet-puolustivat-gazaa-berliinin-kaduilla-uutisia-lyhyesti","status":"publish","type":"post","link":"https:\/\/www.europesays.com\/fi\/47177\/","title":{"rendered":"Kymmenettuhannet puolustivat Gazaa Berliinin kaduilla | Uutisia lyhyesti"},"content":{"rendered":"<p class=\"aw-1gybjub aw-5vja16 cmIuaG zKETg yle__article__paragraph\">Poliisi arveli, ett\u00e4 marssille ja tapahtumaan osallistui noin 60\u2009 000 ihmist\u00e4.<\/p>\n<p class=\"aw-1gybjub aw-1p7kakr cmIuaG fmSRng yle__article__paragraph\">Berliiniss\u00e4 kymmenettuhannet ihmiset osoittivat lauantaina mielt\u00e4\u00e4n vaatien, ett\u00e4 Israel lopettaa sotatoimensa Gazassa. Palestiinan lippuja heiluttavien mielenosoittajien kylteiss\u00e4 vaadittiin vapaata Palestiinaa ja muistutettiin, ett\u00e4 ruoka ja vesi ovat ihmisoikeuksia.<\/p>\n<p class=\"aw-1gybjub aw-1p7kakr cmIuaG fmSRng yle__article__paragraph\">Voitonpylv\u00e4\u00e4lle kulkenut marssi p\u00e4\u00e4ttyi kampanjatapahtumaan ja konserttiin.<\/p>\n<p class=\"aw-1gybjub aw-1p7kakr cmIuaG fmSRng yle__article__paragraph\">Poliisi arveli, ett\u00e4 marssille ja tapahtumaan osallistui noin 60 000 ihmist\u00e4. J\u00e4rjest\u00e4jien arvio osallistujam\u00e4\u00e4r\u00e4st\u00e4 oli noin 100 000.<\/p>\n<p class=\"aw-1gybjub aw-1p7kakr cmIuaG fmSRng yle__article__paragraph\">Vasemmistopuolue on arvostellut Saksan hallitusta hiljaisuudesta, kun Gazan humanitaarinen tilanne huononee. Vasemmisto j\u00e4rjesti mielenosoituksen yhdess\u00e4 kansalaisj\u00e4rjest\u00f6jen kanssa.<\/p>\n<p class=\"aw-1gybjub aw-1p7kakr cmIuaG fmSRng yle__article__paragraph\">Valtava mielenosoitus osoittaa kasvavaa kiukkua Saksassa, joka on historiansa vuoksi ollut Israelin tukija. Toisin kuin moni sen l\u00e4nsimainen liittolainen, Saksa ei ole esimerkiksi tunnustanut Palestiinaa.<\/p>\n","protected":false},"excerpt":{"rendered":"Poliisi arveli, ett\u00e4 marssille ja tapahtumaan osallistui noin 60\u2009 000 ihmist\u00e4. Berliiniss\u00e4 kymmenettuhannet ihmiset osoittivat lauantaina mielt\u00e4\u00e4n vaatien,&hellip;\n","protected":false},"author":2,"featured_media":74,"comment_status":"","ping_status":"","sticky":false,"template":"","format":"standard","meta":{"footnotes":""},"categories":[12],"tags":[22,23,26,27,33,31,30,17,506,24,25,28,29,2571,15,18,21,995,3911,32,19,20,56,16],"class_list":{"0":"post-47177","1":"post","2":"type-post","3":"status-publish","4":"format-standard","5":"has-post-thumbnail","7":"category-suomi","8":"tag-breaking-news","9":"tag-breakingnews","10":"tag-featured-news","11":"tag-featurednews","12":"tag-fi","13":"tag-finland","14":"tag-finnish","15":"tag-headlines","16":"tag-lahi-idan-kriisi","17":"tag-latest-news","18":"tag-latestnews","19":"tag-main-news","20":"tag-mainnews","21":"tag-mielenosoitukset","22":"tag-news","23":"tag-otsikot","24":"tag-paauutiset","25":"tag-palestiinalaisalueet","26":"tag-saksa","27":"tag-suomi","28":"tag-top-stories","29":"tag-topstories","30":"tag-ulkomaat","31":"tag-uutiset"},"share_on_mastodon":{"url":"","error":""},"_links":{"self":[{"href":"https:\/\/www.europesays.com\/fi\/wp-json\/wp\/v2\/posts\/47177","targetHints":{"allow":["GET"]}}],"collection":[{"href":"https:\/\/www.europesays.com\/fi\/wp-json\/wp\/v2\/posts"}],"about":[{"href":"https:\/\/www.europesays.com\/fi\/wp-json\/wp\/v2\/types\/post"}],"author":[{"embeddable":true,"href":"https:\/\/www.europesays.com\/fi\/wp-json\/wp\/v2\/users\/2"}],"replies":[{"embeddable":true,"href":"https:\/\/www.europesays.com\/fi\/wp-json\/wp\/v2\/comments?post=47177"}],"version-history":[{"count":0,"href":"https:\/\/www.europesays.com\/fi\/wp-json\/wp\/v2\/posts\/47177\/revisions"}],"wp:featuredmedia":[{"embeddable":true,"href":"https:\/\/www.europesays.com\/fi\/wp-json\/wp\/v2\/media\/74"}],"wp:attachment":[{"href":"https:\/\/www.europesays.com\/fi\/wp-json\/wp\/v2\/media?parent=47177"}],"wp:term":[{"taxonomy":"category","embeddable":true,"href":"https:\/\/www.europesays.com\/fi\/wp-json\/wp\/v2\/categories?post=47177"},{"taxonomy":"post_tag","embeddable":true,"href":"https:\/\/www.europesays.com\/fi\/wp-json\/wp\/v2\/tags?post=47177"}],"curies":[{"name":"wp","href":"https:\/\/api.w.org\/{rel}","templated":true}]}}