{"id":47194,"date":"2025-09-28T00:39:11","date_gmt":"2025-09-28T00:39:11","guid":{"rendered":"https:\/\/www.europesays.com\/fi\/47194\/"},"modified":"2025-09-28T00:39:11","modified_gmt":"2025-09-28T00:39:11","slug":"evelina-julkaisi-ylaosattoman-sankykuvan-yksi-asia-varasti-huomion","status":"publish","type":"post","link":"https:\/\/www.europesays.com\/fi\/47194\/","title":{"rendered":"Evelina julkaisi yl\u00e4osattoman s\u00e4nkykuvan \u2013 yksi asia varasti huomion"},"content":{"rendered":"<p>            Timo Korhonen\n        <\/p>\n<p class=\"subtitle \">Yl\u00e4osattomissa poseeraava artisti yll\u00e4tt\u00e4\u00e4.<\/p>\n<p class=\"article-content article-content-width !bg-background\">Artisti  eli  esittelee paidan alta paljastuvaa yll\u00e4tyst\u00e4.<\/p>\n<p class=\"font-weight-bold m-font-weight-bold article-content article-content-width !bg-background\">Video: Evelina esittelee tatuointiaan Emma-gaalassa.<\/p>\n<p class=\"article-content article-content-width !bg-background\">Evelina tiedet\u00e4\u00e4n tatuointien yst\u00e4v\u00e4ksi sill\u00e4 h\u00e4nell\u00e4 on n\u00e4hty esimerkiksi k\u00e4sivarsissaan useita erilaisia kuvia.<\/p>\n<p class=\"article-content article-content-width !bg-background\">Muun muassa oikeaa olkavartta koristaa kaunis kukkakuviointi. H\u00e4nell\u00e4 on lis\u00e4ksi kummassakin reidess\u00e4 kristalliaiheiset tatuoinnit.<\/p>\n<p class=\"article-content article-content-width !bg-background\">Nyt Evelina esittelee kenties n\u00e4ytt\u00e4vint\u00e4, ja varmasti kookkainta leimaansa somessa.<\/p>\n<p>Valtava tatuointi<\/p>\n<p class=\"article-content article-content-width !bg-background\">Evelina julkaisi<a href=\"https:\/\/www.instagram.com\/p\/DPCCCWNjDnN\/\" target=\"_blank\" rel=\"nofollow noopener\"> Instagram-kuvan<\/a>, jossa poseeraa yl\u00e4osattomissa s\u00e4ngyll\u00e4.<\/p>\n<p class=\"article-content article-content-width !bg-background\">Kuvassa keski\u00f6ss\u00e4 on vain yksi asia: artistin valtava selk\u00e4tatuointi.<\/p>\n<p class=\"article-content article-content-width !bg-background\">Evelinan lapaluiden v\u00e4liss\u00e4 on kolme isoa peikonlehte\u00e4 ja ne seisovat koristeellisessa, antiikinaikaa huokuvassa ruukussa.<\/p>\n<p class=\"article-content article-content-width !bg-background\">Taideteos on koko sel\u00e4n kokoinen ja yksityiskohtainen.<\/p>\n<p class=\"article-content article-content-width !bg-background\">Mik\u00e4li upotus ei n\u00e4y, voit<a href=\"https:\/\/www.instagram.com\/p\/DPCCCWNjDnN\/\" target=\"_blank\" rel=\"nofollow noopener\"> katsoa postauksen t\u00e4st\u00e4 linkist\u00e4<\/a>.<\/p>\n<p>Vaurautta ja onnellisuutta<\/p>\n<p class=\"article-content article-content-width !bg-background\"><a href=\"https:\/\/www.plantsandflowersfoundationholland.org\/en\/indoor-plantguide\/monstera\/\" target=\"_blank\" rel=\"nofollow noopener\">Plants and Flowers Foundation -sivustolla<\/a> kerrotaan kattavasti peikonlehdest\u00e4 eli Monstera Deliciosasta huonekasvina, mutta my\u00f6s sen symbolisista merkityksist\u00e4.<\/p>\n<p class=\"article-content article-content-width !bg-background\">Peikonlehden kerrotaan symboloivan vaurautta, pitk\u00e4ik\u00e4isyytt\u00e4 ja onnellisuutta. Sen on n\u00e4hty kuvastavan my\u00f6s uusiutumista ja kasvua.<\/p>\n<p>Tempaus punaisella matolla<\/p>\n<p class=\"article-content article-content-width !bg-background\">Evelina paljasti suuren selk\u00e4tatuointinsa maaliskuisessa Emma-gaalassa varsin n\u00e4ytt\u00e4v\u00e4sti.<\/p>\n<p class=\"article-content article-content-width !bg-background\">Paljastus oli tyylik\u00e4s ja ison maailman meiningill\u00e4 toteutettu kuin Hollywoodissa konsanaan, sill\u00e4 se tapahtui yll\u00e4tt\u00e4en kameroiden edess\u00e4.<\/p>\n<p class=\"article-content article-content-width !bg-background\">Lehdist\u00f6n r\u00e4psiess\u00e4 kuvia Evelina tiputti harteitaan ja selk\u00e4\u00e4ns\u00e4 peitt\u00e4neen viittansa maahan kesken poseerauksen. Seiska<a href=\"https:\/\/www.seiska.fi\/kotimaa\/jestas-sentaan-evelinan-hatkahdyttava-tempaus-riisui-lehdiston-edessa\/1636867\" target=\"_blank\" rel=\"nofollow noopener\"> uutisoi tapahtuneesta tuoreeltaan <\/a>gaalailtana.<\/p>\n<p class=\"article-content article-content-width !bg-background\">Samassa h\u00e4n tuli paljastaneeksi valtavan ihoaan koristavan kuvan.<\/p>\n<p>                <img decoding=\"async\" src=\"https:\/\/www.europesays.com\/fi\/wp-content\/uploads\/2025\/09\/1942539.webp\" width=\"576\" height=\"274\" alt=\"Evelina maaliskuussa 2025.\" loading=\"lazy\" \/>            <\/p>\n<p>\n            Evelina maaliskuussa 2025.<br \/>\n            Timo Korhonen\n        <\/p>\n<p>        <a itemprop=\"url\" href=\"https:\/\/www.seiska.fi\/kotimaa\/kuin-hollywoodissa-evelina-ja-sara-siipola-nakumekoissa\/1638035\" rel=\"nofollow noopener\" target=\"_blank\"><\/p>\n<p>\nKuin Hollywoodissa\n<\/p>\n<p class=\"section-date\">\n        <strong class=\"article-section\" data-section=\"kotimaa\"><br \/>\n            kotimaa<br \/>\n        <\/strong><br \/>\n        15.3. 18:00\n    <\/p>\n<p>Kuin Hollywoodissa! Evelina ja Sara Siipola nakumekoissa\n    <\/p>\n<p itemprop=\"description\" class=\"subtitle \">\n    Punaisella matolla n\u00e4htiin melkoinen kattaus pukuloistoa.\n<\/p>\n<p>        <\/a><\/p>\n<p>Kymmenen vuotta l\u00e4pimurrosta<\/p>\n<p class=\"article-content article-content-width !bg-background\">Evelina nousi julkisuuteen Voice of Finlandin ensimm\u00e4isell\u00e4 kaudella vuonna 2012.\u00a0<\/p>\n<p class=\"article-content article-content-width !bg-background\">Vuonna 2015 ilmestyiv\u00e4t kappaleet Vuoristorataa ja Rakkaudesta lajiin. Suuren l\u00e4pimurron toi kuitenkin  kanssa tehty Honey, joka teki Evelinasta yhden aikansa seuratuimmista artisteista.<\/p>\n<p class=\"article-content article-content-width !bg-background\">Sittemmin h\u00e4n on julkaissut useita hittej\u00e4, kuten Sireenit (2016), Kylmii v\u00e4reit\u00e4 (2017), Tornado (2017), Sun vika (2018) sek\u00e4 tuoreemmista kappaleista esimerkiksi Syd\u00e4n sulaa (2022).<\/p>\n<p class=\"article-content article-content-width !bg-background\">Televisiossa Evelina on n\u00e4hty muun muassa ohjelmissa T\u00e4hdet, t\u00e4hdet, Vain el\u00e4m\u00e4\u00e4 ja Tanssii t\u00e4htien kanssa.<\/p>\n<p class=\"article-content article-content-width !bg-background\">Uran alkuvaiheessa Evelina tunnettiin tummasta hiustyylist\u00e4\u00e4n, mutta viime vuosina h\u00e4n on vaihtanut lookinsa vaaleaan.<\/p>\n<p>        <a itemprop=\"url\" href=\"https:\/\/www.seiska.fi\/kotimaa\/tallaisena-evelina-nousi-julkisuuteen-hurja-muodonmuutos\/1710611\" rel=\"nofollow noopener\" target=\"_blank\"><\/p>\n<p>\nEvelina\n<\/p>\n<p class=\"section-date\">\n        <strong class=\"article-section\" data-section=\"kotimaa\"><br \/>\n            kotimaa<br \/>\n        <\/strong><br \/>\n        23.5. 18:00\n    <\/p>\n<p>T\u00e4llaisena Evelina nousi julkisuuteen \u2013 hurja muodonmuutos\n    <\/p>\n<p itemprop=\"description\" class=\"subtitle \">\n    T\u00e4hden ensimm\u00e4iset julkaisut t\u00e4yttiv\u00e4t py\u00f6reit\u00e4.\n<\/p>\n<p>        <\/a><\/p>\n<p><script async src=\"\/\/www.instagram.com\/embed.js\"><\/script><\/p>\n","protected":false},"excerpt":{"rendered":"Timo Korhonen Yl\u00e4osattomissa poseeraava artisti yll\u00e4tt\u00e4\u00e4. Artisti eli esittelee paidan alta paljastuvaa yll\u00e4tyst\u00e4. Video: Evelina esittelee tatuointiaan Emma-gaalassa.&hellip;\n","protected":false},"author":2,"featured_media":47195,"comment_status":"","ping_status":"","sticky":false,"template":"","format":"standard","meta":{"footnotes":""},"categories":[136],"tags":[3627,407,8548,137,12001,5324,33,31,30,408,212,32,11999,2926,109,12000],"class_list":{"0":"post-47194","1":"post","2":"type-post","3":"status-publish","4":"format-standard","5":"has-post-thumbnail","7":"category-julkkikset","8":"tag-artisti","9":"tag-celebrities","10":"tag-emma-gaala","11":"tag-entertainment","12":"tag-eveliina-tammenlaakso","13":"tag-evelina","14":"tag-fi","15":"tag-finland","16":"tag-finnish","17":"tag-julkkikset","18":"tag-lifestyle","19":"tag-suomi","20":"tag-symboli","21":"tag-tatuointi","22":"tag-viihde","23":"tag-voice-of-finland"},"share_on_mastodon":{"url":"","error":""},"_links":{"self":[{"href":"https:\/\/www.europesays.com\/fi\/wp-json\/wp\/v2\/posts\/47194","targetHints":{"allow":["GET"]}}],"collection":[{"href":"https:\/\/www.europesays.com\/fi\/wp-json\/wp\/v2\/posts"}],"about":[{"href":"https:\/\/www.europesays.com\/fi\/wp-json\/wp\/v2\/types\/post"}],"author":[{"embeddable":true,"href":"https:\/\/www.europesays.com\/fi\/wp-json\/wp\/v2\/users\/2"}],"replies":[{"embeddable":true,"href":"https:\/\/www.europesays.com\/fi\/wp-json\/wp\/v2\/comments?post=47194"}],"version-history":[{"count":0,"href":"https:\/\/www.europesays.com\/fi\/wp-json\/wp\/v2\/posts\/47194\/revisions"}],"wp:featuredmedia":[{"embeddable":true,"href":"https:\/\/www.europesays.com\/fi\/wp-json\/wp\/v2\/media\/47195"}],"wp:attachment":[{"href":"https:\/\/www.europesays.com\/fi\/wp-json\/wp\/v2\/media?parent=47194"}],"wp:term":[{"taxonomy":"category","embeddable":true,"href":"https:\/\/www.europesays.com\/fi\/wp-json\/wp\/v2\/categories?post=47194"},{"taxonomy":"post_tag","embeddable":true,"href":"https:\/\/www.europesays.com\/fi\/wp-json\/wp\/v2\/tags?post=47194"}],"curies":[{"name":"wp","href":"https:\/\/api.w.org\/{rel}","templated":true}]}}