{"id":47286,"date":"2025-09-28T03:48:09","date_gmt":"2025-09-28T03:48:09","guid":{"rendered":"https:\/\/www.europesays.com\/fi\/47286\/"},"modified":"2025-09-28T03:48:09","modified_gmt":"2025-09-28T03:48:09","slug":"pelicans-jai-saipan-jalkoihin-kotikaukalossa-totta-kai-se-turhauttaa-ja-vaikeuttaa-kun-ei-saada-tulosta-urheilu-etela-suomen-sanomat","status":"publish","type":"post","link":"https:\/\/www.europesays.com\/fi\/47286\/","title":{"rendered":"Pelicans j\u00e4i SaiPan jalkoihin kotikaukalossa \u2013 &quot;Totta kai se turhauttaa ja vaikeuttaa, kun ei saada tulosta&quot; | Urheilu &#8211; Etel\u00e4-Suomen Sanomat"},"content":{"rendered":"<ol>\n<li><a href=\"https:\/\/news.google.com\/rss\/articles\/CBMiSkFVX3lxTE03SGw0Nm5DRXpnMWdnNmV3VEU2czRYd3V3LWx0dHUtWW1qT3JIZVFZRFFQeTZaR1h5NU5KNUo0UXJ5aEQ0Q3BqRWlR?oc=5\" target=\"_blank\" rel=\"nofollow noopener\">Pelicans j\u00e4i SaiPan jalkoihin kotikaukalossa \u2013 &#8221;Totta kai se turhauttaa ja vaikeuttaa, kun ei saada tulosta&#8221; | Urheilu<\/a>&nbsp;&nbsp;Etel\u00e4-Suomen Sanomat<\/li>\n<li><a href=\"https:\/\/news.google.com\/rss\/articles\/CBMiSkFVX3lxTFAyOFM5ZVJmbVNEeFItNTBLUl9TWi1Od01vQmlyai1lMV8tYldLUDctSHdqNUlmc3lZQk1jVEt4cGV2cGltRTBlbHl3?oc=5\" target=\"_blank\" rel=\"nofollow noopener\">Pelicans kohtasi SaiPan \u2013 ESS seurasi ottelua hetki hetkelt\u00e4<\/a>&nbsp;&nbsp;Etel\u00e4-Suomen Sanomat<\/li>\n<li><a href=\"https:\/\/news.google.com\/rss\/articles\/CBMirAFBVV95cUxPZk54NXRNeUVPR3pXMjJGTkVXdFh4anZMbXdFZGhIbW9MNl85elRlQ2N2SWRqVW90M190ZzkxY0szWnJPekZTeV9MUzllREJxZjFCbVo1Wk1vcnMydFVkTUpiVDJoOE1WaEg2cW93aXRBWWwwMnF4TERYcEVKX0E0VG9CcVN6UTJzc1ZxemlsNjIzQ0dNRjV2NUx5ZGJJSW1KZVByakUzLTg5bWJD?oc=5\" target=\"_blank\" rel=\"nofollow noopener\">SaiPa p\u00e4\u00e4tti viikon voittoon Lahdessa \u2013 Pelicans kaatui 5\u20132<\/a>&nbsp;&nbsp;Lappeenrannan SaiPa<\/li>\n<li><a href=\"https:\/\/news.google.com\/rss\/articles\/CBMipgFBVV95cUxPUExEb2trUzRBb3VXeUJkd2pTa2M4clRGNFUzSDd1M1ZtSXowZTZKN2k2RzhyODRzTFNLWTBSdUJScmM3M3hoNmRlWDBtV0FVeS0wMHBOVDRzOEc2aXYxR2tLb09XSHAwdDgxSWUxTDhfenBpeVdWOVJsLVVlbEdPNkxCckEwNE90Mmp5QmZjbUR4ZnJNQ2VpQzFHWC1TMWpBX0VORFlB?oc=5\" target=\"_blank\" rel=\"nofollow noopener\">Otteluennakko: Kuuleeko Kiimaliiteri, t\u00e4\u00e4lt\u00e4 tulee Jukurit!<\/a>&nbsp;&nbsp;Jukurit<\/li>\n<li><a href=\"https:\/\/news.google.com\/rss\/articles\/CBMiS0FVX3lxTFBFT1YtQW1ncVR4SWIzSDZBNkVGOTFEX250S1JkZjA0V2N1bjREa2ZSZ0hIRjhYWkswLXI3TEZ3ajktU2JpMTBweHhSRQ?oc=5\" target=\"_blank\" rel=\"nofollow noopener\">SaiPa k\u00e4vi junttaamassa Pelicansia tiukemmin kellariin<\/a>&nbsp;&nbsp;Keskisuomalainen<\/li>\n<\/ol>\n","protected":false},"excerpt":{"rendered":"Pelicans j\u00e4i SaiPan jalkoihin kotikaukalossa \u2013 &#8221;Totta kai se turhauttaa ja vaikeuttaa, kun ei saada tulosta&#8221; | Urheilu&nbsp;&nbsp;Etel\u00e4-Suomen&hellip;\n","protected":false},"author":2,"featured_media":47287,"comment_status":"","ping_status":"","sticky":false,"template":"","format":"standard","meta":{"footnotes":""},"categories":[158],"tags":[33,31,30,12008,1143,1801,1446,1146,952,159,32,1145,160],"class_list":{"0":"post-47286","1":"post","2":"type-post","3":"status-publish","4":"format-standard","5":"has-post-thumbnail","7":"category-urheilu","8":"tag-fi","9":"tag-finland","10":"tag-finnish","11":"tag-isku-areena","12":"tag-jaakiekko","13":"tag-lahti","14":"tag-lappeenranta","15":"tag-miesten-jaakiekko","16":"tag-oulu","17":"tag-sports","18":"tag-suomi","19":"tag-talviurheilu","20":"tag-urheilu"},"share_on_mastodon":{"url":"","error":""},"_links":{"self":[{"href":"https:\/\/www.europesays.com\/fi\/wp-json\/wp\/v2\/posts\/47286","targetHints":{"allow":["GET"]}}],"collection":[{"href":"https:\/\/www.europesays.com\/fi\/wp-json\/wp\/v2\/posts"}],"about":[{"href":"https:\/\/www.europesays.com\/fi\/wp-json\/wp\/v2\/types\/post"}],"author":[{"embeddable":true,"href":"https:\/\/www.europesays.com\/fi\/wp-json\/wp\/v2\/users\/2"}],"replies":[{"embeddable":true,"href":"https:\/\/www.europesays.com\/fi\/wp-json\/wp\/v2\/comments?post=47286"}],"version-history":[{"count":0,"href":"https:\/\/www.europesays.com\/fi\/wp-json\/wp\/v2\/posts\/47286\/revisions"}],"wp:featuredmedia":[{"embeddable":true,"href":"https:\/\/www.europesays.com\/fi\/wp-json\/wp\/v2\/media\/47287"}],"wp:attachment":[{"href":"https:\/\/www.europesays.com\/fi\/wp-json\/wp\/v2\/media?parent=47286"}],"wp:term":[{"taxonomy":"category","embeddable":true,"href":"https:\/\/www.europesays.com\/fi\/wp-json\/wp\/v2\/categories?post=47286"},{"taxonomy":"post_tag","embeddable":true,"href":"https:\/\/www.europesays.com\/fi\/wp-json\/wp\/v2\/tags?post=47286"}],"curies":[{"name":"wp","href":"https:\/\/api.w.org\/{rel}","templated":true}]}}