{"id":47292,"date":"2025-09-28T03:53:08","date_gmt":"2025-09-28T03:53:08","guid":{"rendered":"https:\/\/www.europesays.com\/fi\/47292\/"},"modified":"2025-09-28T03:53:08","modified_gmt":"2025-09-28T03:53:08","slug":"venajalla-katala-suunnitelma-tasta-on-kyse","status":"publish","type":"post","link":"https:\/\/www.europesays.com\/fi\/47292\/","title":{"rendered":"Ven\u00e4j\u00e4ll\u00e4 katala suunnitelma \u2013 T\u00e4st\u00e4 on kyse"},"content":{"rendered":"<p>Moldovassa j\u00e4rjestet\u00e4\u00e4n sunnuntaina parlamenttivaalit, joissa Kremlill\u00e4 on n\u00e4ppins\u00e4 tiukasti peliss\u00e4. <\/p>\n<p><img decoding=\"async\" class=\"image image-show image-preview\" src=\"https:\/\/www.europesays.com\/fi\/wp-content\/uploads\/2025\/09\/e5e3e920d4ce217450332f76745e55333a71eaaca10e7c7f5e8043d89cf32a16.jpg\" alt=\"\"\/><img decoding=\"async\" class=\"image image-show\" src=\"https:\/\/www.europesays.com\/fi\/wp-content\/uploads\/2025\/09\/1759031588_590_e5e3e920d4ce217450332f76745e55333a71eaaca10e7c7f5e8043d89cf32a16.jpg\" alt=\"\"\/><\/p>\n<p>Ven\u00e4j\u00e4-mielisen BEP-blokin vaaliteltta Chisinaussa syyskuun alussa. EPA \/ AOP<\/p>\n<p class=\"paragraph\">Moldovan parlamenttivaaleja 28. syyskuuta pidet\u00e4\u00e4n l\u00e4nness\u00e4 testin\u00e4 Moldovan tulevaisuuden suunnalle.<\/p>\n<p class=\"paragraph\">Moldovan viranomaiset ovat vaaleja edelt\u00e4v\u00e4ll\u00e4 viikolla pid\u00e4tt\u00e4neet yli 100 ihmist\u00e4 osana tutkintaa, jonka ep\u00e4ill\u00e4\u00e4n liittyv\u00e4n Kremlin suunnitelmaan horjuttaa maan tilannetta ennen parlamenttivaaleja.<\/p>\n<p class=\"paragraph\">Presidentti <a href=\"https:\/\/www.iltalehti.fi\/henkilot\/Maia Sandu\" class=\"article-link-person-page\" rel=\"nofollow noopener\" target=\"_blank\">Maia Sandu<\/a> <a href=\"https:\/\/www.moscowtimes.ru\/2025\/09\/22\/politicheskii-zhest-kotorii-ukrepit-sili-tmi-a175101\" target=\"_blank\" rel=\"noopener nofollow\">on syytt\u00e4nyt<\/a> Moskovaa massiivisesta vaalivaikuttamisesta, jonka h\u00e4n arvioi maksavan satoja miljoonia euroja.<\/p>\n<p class=\"paragraph\">Sandun mukaan Ven\u00e4j\u00e4 maksaa sadoille moldovalaisille levottomuuksien lietsomisesta, rahoittaa Ven\u00e4j\u00e4-mielisi\u00e4 puolueita ja yritt\u00e4\u00e4 kaataa hallituksen disinformaatiolla ja lahjonnalla.<\/p>\n<p class=\"paragraph\">Moldovan vaaliviranomaiset estiv\u00e4t jo kes\u00e4ll\u00e4 Ven\u00e4j\u00e4n tukeman Pobeda-blokin (suom. voitto) osallistumisen vaaleihin vakavien rahoitusrikkomusten vuoksi. Blokin taustalla on maanpaossa el\u00e4v\u00e4 oligarkki <a href=\"https:\/\/www.iltalehti.fi\/henkilot\/Ilan \u0218or\" class=\"article-link-person-page\" rel=\"nofollow noopener\" target=\"_blank\">Ilan \u0218or<\/a>, jonka puolue on aiemmin todettu perustuslain vastaiseksi. \u0218or on sek\u00e4 EU:n ett\u00e4 Yhdysvaltain pakotelistalla.<\/p>\n<p>Kahtia jakautunut kansa<\/p>\n<p class=\"paragraph\">Euroopan k\u00f6yhimm\u00e4n valtion parlamenttivaalit eiv\u00e4t yleens\u00e4 ker\u00e4\u00e4 palstamillimetrej\u00e4 l\u00e4nness\u00e4, mutta geopoliittisen tilanteen vuoksi Moldovaan kohdistuu t\u00e4ll\u00e4 kertaa poikkeuksellisen suuri huomio.<\/p>\n<p class=\"paragraph\">Moldova-asiantuntija <strong>Nico Lamminparras<\/strong> sanoo Iltalehdelle, ett\u00e4 vaaleissa toistuvat tutut ilmi\u00f6t.<\/p>\n<p class=\"paragraph\">\u2013 Poliittisesti n\u00e4emme Moldovassa tuttuja ilmi\u00f6it\u00e4: kansa on jakautunut kahtia, ja t\u00e4t\u00e4 jakoa yll\u00e4pidet\u00e4\u00e4n sek\u00e4 maan sis\u00e4lt\u00e4 ett\u00e4 ulkopuolelta. Ven\u00e4j\u00e4 haluaa pit\u00e4\u00e4 Moldovan joko omassa vaikutuspiiriss\u00e4\u00e4n tai ainakin puskurivy\u00f6hykkeen\u00e4 EU:n ja Ven\u00e4j\u00e4n v\u00e4lill\u00e4.<\/p>\n<p class=\"paragraph\">\u2013 Oikeudellisesta n\u00e4k\u00f6kulmasta Moldovan EU-j\u00e4senyysprosessi on laajempi testi koko unionille. Se luo pohjaa my\u00f6s Ukrainan ja muiden maiden pyrkimyksille liitty\u00e4 EU:hun. T\u00e4m\u00e4 prosessi paljastaa ne ongelmat ja riskit, jotka voivat vaikuttaa muidenkin maiden EU-j\u00e4senyyteen.<\/p>\n<p class=\"paragraph\">Lamminparras sanoo Moldovan olevan kiinnostava my\u00f6s siksi, ett\u00e4 Neuvostoliiton hajoamisen j\u00e4lkeen se oli ensimm\u00e4isi\u00e4 paikkoja, joissa Ven\u00e4j\u00e4 ja sen tukemat paikalliset toimijat testasivat keinoja, joita my\u00f6hemmin k\u00e4ytettiin Ukrainassa.<\/p>\n<p class=\"paragraph\">H\u00e4nen mukaansa Moldovan Transnistriassa 90-luvun vaihteessa n\u00e4htiin jo malli, jossa Moskova aseistaa separatisteja, kiist\u00e4\u00e4 oman osuutensa ja esiintyy samalla rauhanv\u00e4litt\u00e4j\u00e4n\u00e4.<\/p>\n<p class=\"paragraph\">Ven\u00e4j\u00e4 otti Moldovassa tuolloin k\u00e4ytt\u00f6\u00f6n my\u00f6s etnisten ja kielellisten ristiriitojen k\u00e4rjist\u00e4misen poliittisiksi kiistoiksi. Samaa kaavaa Kreml hy\u00f6dynsi my\u00f6hemmin It\u00e4-Ukrainan Donbasissa ja Krimill\u00e4.<\/p>\n<p>Transnistria on yksipuolisesti itsen\u00e4iseksi julistautunut Moldovan alue. Kuvituskuva sen p\u00e4\u00e4kaupunki Tiraspolista. AOP<\/p>\n<p>Vaikuttaminen<\/p>\n<p class=\"paragraph\">Lamminparras sanoo Moldovan toimineen koeponnistuspaikkana Ven\u00e4j\u00e4n informaatio- ja hybridioperaatioille.<\/p>\n<p class=\"paragraph\">\u2013 Hybridivaikuttaminen on onnistunut siell\u00e4 hyvin. Olipa kyse rahasta tai pelk\u00e4st\u00e4\u00e4n sumuttamisesta Tiktokin, Telegramin ja muiden kanavien kautta, tulokset n\u00e4kyv\u00e4t.<\/p>\n<p class=\"paragraph\">Hyv\u00e4 esimerkki Ven\u00e4j\u00e4n onnistuneesta vaikuttamisesta on Lamminparraan mukaan viime vuoden EU-kansan\u00e4\u00e4nestys.<\/p>\n<p class=\"paragraph\">\u2013 Kyll\u00e4-\u00e4\u00e4net voittivat vain 50,35 prosentilla, se oli Moskovalle valtava onnistuminen. Ennakoituihin tuloksiin n\u00e4hden ei-osapuoli sai paljon enemm\u00e4n kannatusta.<\/p>\n<p class=\"paragraph\">Kreml on n\u00e4kyv\u00e4sti l\u00e4sn\u00e4 my\u00f6s Moldovan poliittisella kent\u00e4ll\u00e4. Lamminparras sanoo osan Moldovan puolueista syntyneen Ven\u00e4j\u00e4n suoralla poliittisella tai taloudellisella tuella.<\/p>\n<p class=\"paragraph\">N\u00e4iden puolueiden kirjo ulottuu maltillisista it\u00e4my\u00f6nteisist\u00e4 liikkeist\u00e4 aina jyrk\u00e4n Ven\u00e4j\u00e4-mielisiin ryhmiin, jotka ajavat avoimesti Moldovan neutraliteettia tai jopa liittoutumista Moskovan kanssa.<\/p>\n<p class=\"paragraph\">\u2013 Yksi keino on my\u00f6s \u00e4\u00e4nten ostaminen bulvaanien kautta. Ei v\u00e4ltt\u00e4m\u00e4tt\u00e4 suorana rahana, mutta esimerkiksi pankkien kautta Transnistriassa.<\/p>\n<p class=\"paragraph\">Lamminparras sanoo Kremlin mahdollisesti tehokkaimman keinon olevan kuitenkin diasporaan vaikuttaminen.<\/p>\n<p class=\"paragraph\">\u2013 Erityisesti l\u00e4nness\u00e4 asuviin moldovalaisiin pyrit\u00e4\u00e4n vaikuttamaan niin, ett\u00e4 he eiv\u00e4t \u00e4\u00e4nest\u00e4 lainkaan. Ei siis niin, ett\u00e4 avoimesti mainostettaisiin Ven\u00e4j\u00e4\u00e4 pelastajana, vaan kehotetaan kyynisesti, ettei \u00e4\u00e4nest\u00e4minen johda mihink\u00e4\u00e4n. Se on ollut Moskovalle toimiva keino.<\/p>\n<p>Moldovan presidentti Maia Sandun (kesk.) perustama PAS-puolue hakee menestyst\u00e4 parlamenttivaaleissa. EPA \/ AOP<\/p>\n<p>Lopputulos<\/p>\n<p class=\"paragraph\">Mielipidetiedustelujen <a href=\"https:\/\/politpro.eu\/en\/moldova\" target=\"_blank\" rel=\"noopener nofollow\">mukaan<\/a> presidentti Sandun puolue PAS ja Ven\u00e4j\u00e4-mielinen BEP-liittouma ovat l\u00e4hes tasavahvoja, mutta mittausten v\u00e4lill\u00e4 on suuria eroja.<\/p>\n<p class=\"paragraph\">Joissakin kyselyiss\u00e4 PAS johtaa selv\u00e4sti p\u00e4\u00e4tt\u00e4neiden \u00e4\u00e4nest\u00e4jien joukossa, kun taas BEP saa etuly\u00f6ntiaseman, jos lasketaan mukaan my\u00f6s ep\u00e4r\u00f6iv\u00e4t vastaajat.<\/p>\n<p class=\"paragraph\">Mik\u00e4li Sandun PAS voittaa vaalit, mutta ei kuitenkaan saa enemmist\u00f6\u00f6n vaadittavaa 51 paikkaa, Lamminparras arvioi Moldovan poliittisen suunnan pysyv\u00e4n eurooppalaisena, mutta tahdin vain hidastuvan. T\u00e4ll\u00e4 hetkell\u00e4 PAS on parlamentin suurin puolue 61 edustajalla.<\/p>\n<p class=\"paragraph\">\u2013 EU-integraatio ei siihen pys\u00e4hdy, mutta askelmat voivat j\u00e4\u00e4d\u00e4 aiottua pienemmiksi, sanoo Lamminparras.<\/p>\n<p class=\"paragraph\">H\u00e4nen mukaansa Ven\u00e4j\u00e4-mielisten voitto ei sek\u00e4\u00e4n ratkaisisi Moldovan suunnan kysymyst\u00e4.<\/p>\n<p class=\"paragraph\">\u2013 Vaikka numeerinen enemmist\u00f6 olisi Moskovaa my\u00f6t\u00e4ilevien k\u00e4siss\u00e4, he eiv\u00e4t pystyisi helposti tekem\u00e4\u00e4n yhten\u00e4isi\u00e4 p\u00e4\u00e4t\u00f6ksi\u00e4. Se tarkoittaisi heikkoa hallitusta ja jatkuvaa sis\u00e4ist\u00e4 kamppailua.<\/p>\n<p>Ven\u00e4j\u00e4-mielisen BEP-blokin vapaaehtoiset jakavat kampanjamateriaalia Chisinaussa. EPA \/ AOP<\/p>\n","protected":false},"excerpt":{"rendered":"Moldovassa j\u00e4rjestet\u00e4\u00e4n sunnuntaina parlamenttivaalit, joissa Kremlill\u00e4 on n\u00e4ppins\u00e4 tiukasti peliss\u00e4. Ven\u00e4j\u00e4-mielisen BEP-blokin vaaliteltta Chisinaussa syyskuun alussa. EPA \/&hellip;\n","protected":false},"author":2,"featured_media":47293,"comment_status":"","ping_status":"","sticky":false,"template":"","format":"standard","meta":{"footnotes":""},"categories":[14],"tags":[35,22,23,26,27,33,31,30,17,24,25,28,29,15,18,21,142,637,886,32,19,20,56,16,1262,1665,59,60,61],"class_list":{"0":"post-47292","1":"post","2":"type-post","3":"status-publish","4":"format-standard","5":"has-post-thumbnail","7":"category-ulkomaat","8":"tag-24h","9":"tag-breaking-news","10":"tag-breakingnews","11":"tag-featured-news","12":"tag-featurednews","13":"tag-fi","14":"tag-finland","15":"tag-finnish","16":"tag-headlines","17":"tag-latest-news","18":"tag-latestnews","19":"tag-main-news","20":"tag-mainnews","21":"tag-news","22":"tag-otsikot","23":"tag-paauutiset","24":"tag-poliitikot","25":"tag-politiikka","26":"tag-puolueet","27":"tag-suomi","28":"tag-top-stories","29":"tag-topstories","30":"tag-ulkomaat","31":"tag-uutiset","32":"tag-venajan-politiikka","33":"tag-venalaiset-poliitikot","34":"tag-world","35":"tag-world-news","36":"tag-worldnews"},"share_on_mastodon":{"url":"","error":""},"_links":{"self":[{"href":"https:\/\/www.europesays.com\/fi\/wp-json\/wp\/v2\/posts\/47292","targetHints":{"allow":["GET"]}}],"collection":[{"href":"https:\/\/www.europesays.com\/fi\/wp-json\/wp\/v2\/posts"}],"about":[{"href":"https:\/\/www.europesays.com\/fi\/wp-json\/wp\/v2\/types\/post"}],"author":[{"embeddable":true,"href":"https:\/\/www.europesays.com\/fi\/wp-json\/wp\/v2\/users\/2"}],"replies":[{"embeddable":true,"href":"https:\/\/www.europesays.com\/fi\/wp-json\/wp\/v2\/comments?post=47292"}],"version-history":[{"count":0,"href":"https:\/\/www.europesays.com\/fi\/wp-json\/wp\/v2\/posts\/47292\/revisions"}],"wp:featuredmedia":[{"embeddable":true,"href":"https:\/\/www.europesays.com\/fi\/wp-json\/wp\/v2\/media\/47293"}],"wp:attachment":[{"href":"https:\/\/www.europesays.com\/fi\/wp-json\/wp\/v2\/media?parent=47292"}],"wp:term":[{"taxonomy":"category","embeddable":true,"href":"https:\/\/www.europesays.com\/fi\/wp-json\/wp\/v2\/categories?post=47292"},{"taxonomy":"post_tag","embeddable":true,"href":"https:\/\/www.europesays.com\/fi\/wp-json\/wp\/v2\/tags?post=47292"}],"curies":[{"name":"wp","href":"https:\/\/api.w.org\/{rel}","templated":true}]}}