{"id":47473,"date":"2025-09-28T08:31:07","date_gmt":"2025-09-28T08:31:07","guid":{"rendered":"https:\/\/www.europesays.com\/fi\/47473\/"},"modified":"2025-09-28T08:31:07","modified_gmt":"2025-09-28T08:31:07","slug":"kuopiolainen-lurkki-voitti-freestylerappikilpailun-savo","status":"publish","type":"post","link":"https:\/\/www.europesays.com\/fi\/47473\/","title":{"rendered":"Kuopiolainen Lurkki voitti freestyler\u00e4ppikilpailun | Savo"},"content":{"rendered":"<p><strong class=\"diks-storyline__impact\">Kuopiolainen Lurkki <\/strong>eli 23-vuotias <strong>Luka Suni<\/strong> voitti lauantaina Helsingin Kaapelitehtaalla j\u00e4rjestetyn Red Bullin Sana Sanasta-freestyler\u00e4ppikilpailun. Luka Suni Kuopiosta peittosi finaali-battlessa helsinkil\u00e4isen Krister Forstonin ja nousi kovimmaksi kuudentoista nousevan freestyle-artistin joukosta, kerrotaan energiajuomayhti\u00f6 Red Bullin tiedotteessa.<\/p>\n<p>Voittajaksi riimitellyt, Helsingist\u00e4 kotoisin oleva ja nykyisin Kuopiossa opiskeleva Lurkki osallistui ensimm\u00e4isiin rapin SM-kisoihin jo 15-vuotiaana.<\/p>\n<p>\u2013 Taso oli t\u00e4n\u00e4\u00e4n kova! Keh\u00e4ss\u00e4 olivat vastakkain kaikki Suomen parhaimmat freestyle-rapin taiturit. Jokaisessa battlessa sai kyll\u00e4 antaa kaikkensa \u2013 yksik\u00e4\u00e4n ei p\u00e4\u00e4ssyt t\u00e4n\u00e4\u00e4n helpolla. Olen oppinut viime Sana Sanasta -kisan j\u00e4lkeen paljon rauhallisuudesta, \u00e4\u00e4nenk\u00e4yt\u00f6st\u00e4 ja ulosannista. T\u00e4n\u00e4\u00e4n opit kantoivat voittoon, Lurkki sanoo.<\/p>\n<p>Sana sanasta-kilpailu j\u00e4rjestettiin ensimm\u00e4isen kerran vuonna 2023. Tuomaristossa olivat t\u00e4n\u00e4 vuonna rap-artistit Kube ja S\u00e4rre sek\u00e4 aikaisempi voittaja, nyt arvioijan rooliin loikannut Hazard.<\/p>\n","protected":false},"excerpt":{"rendered":"Kuopiolainen Lurkki eli 23-vuotias Luka Suni voitti lauantaina Helsingin Kaapelitehtaalla j\u00e4rjestetyn Red Bullin Sana Sanasta-freestyler\u00e4ppikilpailun. Luka Suni Kuopiosta&hellip;\n","protected":false},"author":2,"featured_media":47474,"comment_status":"","ping_status":"","sticky":false,"template":"","format":"standard","meta":{"footnotes":""},"categories":[132],"tags":[138,137,33,31,30,104,96,1132,195,47,6530,32,484,109],"class_list":{"0":"post-47473","1":"post","2":"type-post","3":"status-publish","4":"format-standard","5":"has-post-thumbnail","7":"category-musiikki","8":"tag-audio","9":"tag-entertainment","10":"tag-fi","11":"tag-finland","12":"tag-finnish","13":"tag-helsinki","14":"tag-koulutus","15":"tag-kuopio","16":"tag-music","17":"tag-musiikki","18":"tag-red-bull","19":"tag-suomi","20":"tag-taiteellinen-ilmaisu-ja-mediat","21":"tag-viihde"},"share_on_mastodon":{"url":"","error":""},"_links":{"self":[{"href":"https:\/\/www.europesays.com\/fi\/wp-json\/wp\/v2\/posts\/47473","targetHints":{"allow":["GET"]}}],"collection":[{"href":"https:\/\/www.europesays.com\/fi\/wp-json\/wp\/v2\/posts"}],"about":[{"href":"https:\/\/www.europesays.com\/fi\/wp-json\/wp\/v2\/types\/post"}],"author":[{"embeddable":true,"href":"https:\/\/www.europesays.com\/fi\/wp-json\/wp\/v2\/users\/2"}],"replies":[{"embeddable":true,"href":"https:\/\/www.europesays.com\/fi\/wp-json\/wp\/v2\/comments?post=47473"}],"version-history":[{"count":0,"href":"https:\/\/www.europesays.com\/fi\/wp-json\/wp\/v2\/posts\/47473\/revisions"}],"wp:featuredmedia":[{"embeddable":true,"href":"https:\/\/www.europesays.com\/fi\/wp-json\/wp\/v2\/media\/47474"}],"wp:attachment":[{"href":"https:\/\/www.europesays.com\/fi\/wp-json\/wp\/v2\/media?parent=47473"}],"wp:term":[{"taxonomy":"category","embeddable":true,"href":"https:\/\/www.europesays.com\/fi\/wp-json\/wp\/v2\/categories?post=47473"},{"taxonomy":"post_tag","embeddable":true,"href":"https:\/\/www.europesays.com\/fi\/wp-json\/wp\/v2\/tags?post=47473"}],"curies":[{"name":"wp","href":"https:\/\/api.w.org\/{rel}","templated":true}]}}