{"id":47621,"date":"2025-09-28T12:34:10","date_gmt":"2025-09-28T12:34:10","guid":{"rendered":"https:\/\/www.europesays.com\/fi\/47621\/"},"modified":"2025-09-28T12:34:10","modified_gmt":"2025-09-28T12:34:10","slug":"joensuulainen-maarit-talonen-on-kulkenut-tyomatkaa-ilomantsiin-yli-25-vuotta-ei-minulla-mene-kuin-noin-tunti-suuntaansa-paikalliset","status":"publish","type":"post","link":"https:\/\/www.europesays.com\/fi\/47621\/","title":{"rendered":"Joensuulainen Maarit Talonen on kulkenut ty\u00f6matkaa Ilomantsiin yli 25 vuotta \u2013 &#8221;Ei minulla mene kuin noin tunti suuntaansa&#8221; | Paikalliset"},"content":{"rendered":"<p>T\u00e4m\u00e4 juttu on julkaistu ensimm\u00e4isen kerran Karjalaisessa 10.8.2025.<\/p>\n<p>\t\t\t\tT\u00e4st\u00e4 on kyse<\/p>\n<p>Moni opettaja Pohjois-Karjalassa pendel\u00f6i t\u00f6ihin, mutta harva muuttaa ty\u00f6n per\u00e4ss\u00e4. T\u00e4m\u00e4 johtuu muun muassa el\u00e4m\u00e4ntilanteista ja Joensuun vetovoimasta.<\/p>\n<p>Joensuusta Ilomantsiin pendel\u00f6iv\u00e4t opettajat Maarit Talonen ja Tiina Asikainen kulkevat pitki\u00e4 ty\u00f6matkoja yhdess\u00e4. Kimppakyyti tuo seuraa ja s\u00e4\u00e4st\u00e4\u00e4 polttoainekuluja, mutta vaatii aikataulujen sovittamista.\u00a0<\/p>\n<p>Opettajien rekrytointi on paikoin vaikeaa. Esimerkiksi Outokummussa on pulaa erityisesti taide- ja erityisopettajista.<\/p>\n<p>Joensuusta on Ilomantsiin noin 70 kilometri\u00e4. T\u00e4m\u00e4n ty\u00f6matkan taittavat arkisin Ilomantsin lukion ja Pogostan koulun ruotsinopettaja <strong>Maarit Talonen<\/strong>, 53, sek\u00e4 englannin- ja saksanopettaja <strong>Tiina Asikainen<\/strong>, 41.<\/p>\n<p>Asikaisella alkoi t\u00e4n\u00e4 syksyn\u00e4 kolmas vuosi pendel\u00f6inti\u00e4, kun taas Talonen on reissannut v\u00e4li\u00e4 jo vuodesta 1999.<\/p>\n<p><strong class=\"diks-storyline__impact\">Taloselta kysyttiin<\/strong> ty\u00f6haastattelussa, voisiko h\u00e4n koskaan ajatella muuttavansa Ilomantsiin.<\/p>\n<p>\u2013\u2009Se ei ole mahdotonta, mutta Joensuu on oma rakas kotikaupunki, Talonen ajattelee.<\/p>\n<p>Puoliso, <strong>Risto Talonen<\/strong>, 59, ty\u00f6skentelee historian- ja yhteiskuntaopinopettajana Tohmaj\u00e4rvell\u00e4, jonne on noin 55 kilometrin matka.<\/p>\n<p>\t\t<a class=\"diks-gallery__link\" href=\"https:\/\/i.media.fi\/incoming\/l2w0s\/10974502.jpg\/alternates\/FREE_1440\/10974502.jpg\" data-thumbnail=\"\" data-sub-html=\"Ilomantsin lukion ja Pogostan koulun ruotsinopettaja Maarit Talonen (vas.) sek\u00e4 englannin- ja saksanopettaja Tiina Asikainen pendel\u00f6iv\u00e4t t\u00f6ihin Joensuusta. Juha Inkinen\" aria-label=\"Katso isompi kuva\" rel=\"nofollow noopener\" target=\"_blank\"><br \/>\n\t\t\t\t<img class=\"diks-figure__image\" src=\"https:\/\/www.europesays.com\/fi\/wp-content\/uploads\/2025\/09\/10974502.jpg\" loading=\"lazy\" decoding=\"sync\" alt=\"\"\/><\/p>\n<p>\t\t\t<\/a><br \/>\n\t\t\t\t\tIlomantsin lukion ja Pogostan koulun ruotsinopettaja Maarit Talonen (vas.) sek\u00e4 englannin- ja saksanopettaja Tiina Asikainen pendel\u00f6iv\u00e4t t\u00f6ihin Joensuusta. Juha Inkinen<\/p>\n<p><strong class=\"diks-storyline__impact\">Asikainen on<\/strong> muuttanut puolisonsa ja kolmen lapsensa kanssa t\u00f6idens\u00e4 per\u00e4ss\u00e4 useaan otteeseen, mutta nyt Joensuu on vakiintunut kodiksi. Heid\u00e4n lapsensa ovat esikoulussa sek\u00e4 kuudennella ja kahdeksannella luokalla.<\/p>\n<p>\u2013\u2009Kun esikoinen aloitti kakkosluokan Niittylahden koulussa, se oli nelj\u00e4s koulu h\u00e4nelle.<\/p>\n<p>\u2013\u2009En kevyin perustein muuttaisi uudestaan lasten elinymp\u00e4rist\u00f6\u00e4, Asikainen perustelee.<\/p>\n<p><strong class=\"diks-storyline__impact\">Kaksi vuotta <\/strong>ty\u00f6matkoja yksin ajanut Asikainen on nyt aloittanut kimppakyydit Talosen kanssa, joka on harrastanut yhteisautoilua pitk\u00e4\u00e4n.<\/p>\n<p><strong class=\"diks-storyline__impact\">\u2013 <\/strong>Yksin ajaessa huomasin, ett\u00e4 huonojen y\u00f6unien j\u00e4lkeen matka oli hankala, varsinkin pime\u00e4ll\u00e4, Asikainen sanoo.<\/p>\n<p>Yksin\u00e4\u00e4n matkustaessaan Asikainen hy\u00f6dynsi ajan kuorolaulujen sanojen opiskeluun ja vieraskielisten \u00e4\u00e4nikirjojen kuunteluun.<\/p>\n<p>Kimppakyydeiss\u00e4 matka sujuu jutellen ja ty\u00f6kaverit tulevat tutummiksi.<\/p>\n<p>\u2013\u2009Monet naurut on autossa naurettu, juttua riitt\u00e4\u00e4, Talonen sanoo.<\/p>\n<blockquote class=\"voice-no-read rs_skip diks-blockquote\">\n<p class=\"diks-blockquote__text\">En kevyin perustein muuttaisi uudestaan lasten elinymp\u00e4rist\u00f6\u00e4.<\/p>\n<p>Aineenopettaja Tiina Asikainen<\/p><\/blockquote>\n<p><strong class=\"diks-storyline__impact\">Polttoainekuluja<\/strong> ei jaeta tarkasti vaan pyrit\u00e4\u00e4n vuorottelemaan ajovuoroissa tasapuolisesti. Kimppakyydin etuna on seura, mutta se vaatii my\u00f6s aikataulujen yhteensovittamista.<\/p>\n<p>\u2013\u2009Niiss\u00e4 on noudatettava kaikkien yhteist\u00e4 aikataulua. Yksin ajaessa et ole riippuvainen muista, Talonen huomauttaa.<\/p>\n<p>Talonen muistelee koulutuksia Helsingiss\u00e4, jossa kollegat ihmetteliv\u00e4t pitk\u00e4\u00e4 ty\u00f6matkaa.<\/p>\n<p>\u2013\u2009Ei minulla mene ajallisesti kuin noin tunti suuntaansa, Talonen suhteuttaa.<\/p>\n<p>\t\t<a class=\"diks-gallery__link\" href=\"https:\/\/i.media.fi\/incoming\/mupmkz\/10974500.jpg\/alternates\/FREE_1440\/10974500.jpg\" data-thumbnail=\"\" data-sub-html=\"Tiina Asikainen ei herk\u00e4sti ole muuttamassa lapsiaan pois Joensuusta, jonne he ovat kotiutuneet. Juha Inkinen\" aria-label=\"Katso isompi kuva\" rel=\"nofollow noopener\" target=\"_blank\"><br \/>\n\t\t\t\t<img class=\"diks-figure__image\" src=\"https:\/\/www.europesays.com\/fi\/wp-content\/uploads\/2025\/09\/10974500.jpg\" loading=\"lazy\" decoding=\"sync\" alt=\"\"\/><\/p>\n<p>\t\t\t<\/a><br \/>\n\t\t\t\t\tTiina Asikainen ei herk\u00e4sti ole muuttamassa lapsiaan pois Joensuusta, jonne he ovat kotiutuneet. Juha Inkinen<\/p>\n<p><strong class=\"diks-storyline__impact\">Vaikka p\u00e4ivist\u00e4<\/strong> tulee matkoineen pitki\u00e4, ne eiv\u00e4t n\u00e4it\u00e4 opettajia liikoja kuormita. Ilomantsissa ty\u00f6kuorma on kaksikon mukaan pienien ryhm\u00e4kokojen vuoksi maltillinen, mik\u00e4 auttaa pitkist\u00e4 ty\u00f6matkoista selvi\u00e4misess\u00e4.<\/p>\n<p>Ajaminen tuntuu heist\u00e4 jopa mukavalta, ja molemmat ovat tottuneita reissaamaan. Talonen on ajanut hiihtokisamatkoja ja Asikainen muun muassa opintojen vuoksi.<\/p>\n<p>\u2013\u2009Aikaisemmin ajattelin, ett\u00e4 puolen tunnin matka suuntaansa olisi maksimi, mink\u00e4 voi ajaa t\u00f6ihin, Asikainen.<\/p>\n<p>Ilomantsiin on heid\u00e4n mielest\u00e4\u00e4n hyv\u00e4 ja suora tie, hirvi\u00e4k\u00e4\u00e4n ei ole liiemmin kohdalle sattunut.<\/p>\n<p>Ty\u00f6matkaa he kuvailevat hyv\u00e4ksi siirtym\u00e4ksi, jonka aikana ty\u00f6asiat lipuvat pois mielest\u00e4.<\/p>\n<p><strong class=\"diks-storyline__impact\">Ilomantsin lukion<\/strong> ja Pogostan koulun 17 aineenopettajasta 10 pendel\u00f6i t\u00f6ihin, suurin osa Joensuun suunnilta. N\u00e4in kertoo Ilomantsin lukion rehtori sek\u00e4 kasvatus- ja opetusp\u00e4\u00e4llik\u00f6n sijainen <strong>P\u00e4ivi Nenonen<\/strong>.<\/p>\n<p>Luokanopettajat mukaan luettuna yli puolet ovat Ilomantsissa asuvia, h\u00e4n t\u00e4sment\u00e4\u00e4.<\/p>\n<p>Osa opettajista on pendel\u00f6inyt pitk\u00e4\u00e4nkin, jopa yli 20 vuotta.<\/p>\n<p>\u2013\u2009Olen arvostanut sit\u00e4, ett\u00e4 he ovat halunneet sitoutua olemaan Ilomantsissa t\u00f6iss\u00e4, vaikka koti onkin muualla.<\/p>\n<p>\t\t<a class=\"diks-gallery__link\" href=\"https:\/\/i.media.fi\/incoming\/xzx30d\/10974501.jpg\/alternates\/FREE_1440\/10974501.jpg\" data-thumbnail=\"\" data-sub-html=\"Ilomantsin aineenopettajista suurin osa pendel\u00f6i t\u00f6ihin. Maarit Talonen on kulkenut v\u00e4li\u00e4 jo yli 20 vuotta. Juha Inkinen\" aria-label=\"Katso isompi kuva\" rel=\"nofollow noopener\" target=\"_blank\"><br \/>\n\t\t\t\t<img class=\"diks-figure__image\" src=\"https:\/\/www.europesays.com\/fi\/wp-content\/uploads\/2025\/09\/10974501.jpg\" loading=\"lazy\" decoding=\"sync\" alt=\"\"\/><\/p>\n<p>\t\t\t<\/a><br \/>\n\t\t\t\t\tIlomantsin aineenopettajista suurin osa pendel\u00f6i t\u00f6ihin. Maarit Talonen on kulkenut v\u00e4li\u00e4 jo yli 20 vuotta. Juha Inkinen<\/p>\n<p><strong class=\"diks-storyline__impact\">Nenonen<\/strong> on huomannut, ett\u00e4 viime vuosina aineenopettajiksi on ollut v\u00e4hemm\u00e4n hakijoita.<\/p>\n<p>T\u00e4n\u00e4 vuonna Ilomantsissa aloittaa kaksi uutta vakinaista aineenopettajaa, jotka pendel\u00f6iv\u00e4t t\u00f6ihin.<\/p>\n<p>\u2013\u2009Aika harvinaista on, ett\u00e4 opettajaksi valittu henkil\u00f6 muuttaa t\u00e4nne kuntaan.<\/p>\n<p>\u2013\u2009On k\u00e4ynyt my\u00f6s niin, ett\u00e4 on l\u00f6ytynyt sopiva ty\u00f6ntekij\u00e4, joka onkin saanut l\u00e4hemp\u00e4\u00e4 kotiaan t\u00f6it\u00e4 ja on perunut Ilomantsiin t\u00f6ihin tulonsa.<\/p>\n<p><strong class=\"diks-storyline__impact\">Ty\u00f6el\u00e4m\u00e4n<\/strong> ep\u00e4varmuudet ja k\u00e4yt\u00e4nt\u00f6 voivat Nenosen mielest\u00e4 olla syy muuttohaluttomuuteen.<\/p>\n<p>\u2013\u2009Joensuun kaupungin l\u00e4heisyydess\u00e4 asuminen voi tuntua turvallisemmalta, vaikka monella muullakin paikkakunnalla on hyv\u00e4 asua ja tehd\u00e4 ty\u00f6t\u00e4, Nenonen pohtii.<\/p>\n<blockquote class=\"voice-no-read rs_skip diks-blockquote\">\n<p class=\"diks-blockquote__text\">Joensuu on oma rakas kotikaupunki.<\/p>\n<p>Aineenopettaja Maarit Talonen<\/p><\/blockquote>\n<p><strong class=\"diks-storyline__impact\">Outokummun<\/strong> lukion ja Kummun koulun aineenopettajista noin 85 prosenttia asuu muualla kuin Outokummussa, kertoo kaupunkipalvelujen johtaja <strong>Jukka Orenius<\/strong>. Useimmat heist\u00e4 pendel\u00f6iv\u00e4t t\u00f6ihin Joensuun, Kontiolahden ja Liperin suunnalta.<\/p>\n<p>Vuosituhannen alussa tilanne oli p\u00e4invastainen, kun arviolta 80 prosenttia opettajista asui Outokummussa.<\/p>\n<p>\u2013\u2009Suuret ik\u00e4luokat muuttivat ty\u00f6n per\u00e4ss\u00e4, ja kunnat tukivat opettajien asumista esimerkiksi rakentamalla asuntoja, Orenius muistelee.<\/p>\n<p><strong class=\"diks-storyline__impact\">Orenius toivoo<\/strong>, ett\u00e4 yh\u00e4 useampi opettaja muuttaisi Outokumpuun ty\u00f6n vuoksi, mutta ymm\u00e4rt\u00e4\u00e4, miksi n\u00e4in ei aina k\u00e4y.<\/p>\n<p>Moni opettajaksi opiskeleva rakentaa el\u00e4m\u00e4ns\u00e4 Joensuuhun, koska opiskelu tapahtuu It\u00e4-Suomen yliopistossa. Yliopiston l\u00e4heisyydest\u00e4 on kuitenkin hy\u00f6ty\u00e4.<\/p>\n<p>\u2013 Joensuun vahva opetuksen koulutusyksikk\u00f6 s\u00e4teilee positiivisesti koko maakuntaan, Orenius ajattelee.<\/p>\n<p>\t\t<a class=\"diks-gallery__link\" href=\"https:\/\/i.media.fi\/incoming\/hvxbo2\/10974518.jpg\/alternates\/FREE_1440\/10974518.jpg\" data-thumbnail=\"\" data-sub-html=\"Nurmeksessa 90 prosenttia aineenopettajista asuu paikkakunnalla. Ilomantsissa, Outokummussa ja Kiteell\u00e4 tilanne on toinen. Juha Inkinen\" aria-label=\"Katso isompi kuva\" rel=\"nofollow noopener\" target=\"_blank\"><br \/>\n\t\t\t\t<img class=\"diks-figure__image\" src=\"https:\/\/www.europesays.com\/fi\/wp-content\/uploads\/2025\/09\/10974518.jpg\" loading=\"lazy\" decoding=\"sync\" alt=\"\"\/><\/p>\n<p>\t\t\t<\/a><br \/>\n\t\t\t\t\tNurmeksessa 90 prosenttia aineenopettajista asuu paikkakunnalla. Ilomantsissa, Outokummussa ja Kiteell\u00e4 tilanne on toinen. Juha Inkinen<\/p>\n<p><strong class=\"diks-storyline__impact\">Aineenopettajia<\/strong> Outokumpuun on Oreniuksen mukaan ollut helppo l\u00f6yt\u00e4\u00e4, mutta taide- ja taitoaineiden sek\u00e4 erityisopetuksen opettajista on ollut ajoittain pulaa.<\/p>\n<p>\u2013 Olen pohtinut, ett\u00e4 opettajien rekrytointi voisi helpottua, jos se hoidettaisiin yhteisty\u00f6ss\u00e4 maakunnan tai Joensuun seudun kanssa. T\u00e4m\u00e4 voisi kevent\u00e4\u00e4 my\u00f6s hakijoiden taakkaa, Orenius ehdottaa.<\/p>\n<p><strong class=\"diks-storyline__impact\">Kiteen lukiossa<\/strong> ja Arppen koulussa puolet aineenopettajista pendel\u00f6i, kertoo kaupungin sivistysjohtaja <strong>Matias Valoaho<\/strong>.<\/p>\n<p>Suurin osa asuu Joensuussa ja Kontiolahdessa, mutta osa matkustaa t\u00f6ihin Tohmaj\u00e4rvelt\u00e4, R\u00e4\u00e4kkyl\u00e4st\u00e4 sek\u00e4 Savonlinnan suunnalta.<\/p>\n<p>Viime vuosina hakijam\u00e4\u00e4r\u00e4t Kiteen aineenopettajien paikkoihin ovat Valoahon mukaan kasvaneet koronavuosien niukemman ajan j\u00e4lkeen.<\/p>\n<p>\u2013\u2009Huomattavaa on, ett\u00e4 Kiteell\u00e4 asuu paljon opettajia, jotka k\u00e4yv\u00e4t muualla, kuten Tohmaj\u00e4rvell\u00e4 ja Savonlinnassa t\u00f6iss\u00e4.<\/p>\n<p>Ty\u00f6nantajan edustajana Valoaho toivoo, ett\u00e4 liikenteess\u00e4 ei sattuisi ty\u00f6ntekij\u00f6ille mit\u00e4\u00e4n.<\/p>\n<p>\u2013\u2009Pitkiin ty\u00f6matkoihinkin sis\u00e4ltyy aina riskej\u00e4, kuten v\u00e4symyst\u00e4, liikennett\u00e4 ja s\u00e4\u00e4tiloja.<\/p>\n<blockquote class=\"voice-no-read rs_skip diks-blockquote\">\n<p class=\"diks-blockquote__text\">Ty\u00f6n vastaanottaminen riippuu hakijoiden el\u00e4m\u00e4ntilanteesta, ihmisen el\u00e4m\u00e4 on kokonaisuus.<\/p>\n<p>Nurmeksen vs. sivistysjohtaja Marjo S\u00e4kkinen<\/p><\/blockquote>\n<p><strong class=\"diks-storyline__impact\">Nurmeksessa <\/strong>tilanne poikkeaa. Lukiossa sek\u00e4 Kirkkokadun ja Valtimon yhten\u00e4iskouluissa on 112 opettajaa, joista 11 pendel\u00f6i t\u00f6ihin, kertoo Nurmeksen vs. sivistysjohtaja <strong>Marjo S\u00e4kkinen<\/strong>.<\/p>\n<p>\u2013\u2009P\u00e4\u00e4s\u00e4\u00e4nt\u00f6isesti muualla asuvat opettajat kulkevat Pohjois-Karjalasta, esimerkiksi Lieksasta ja Joensuusta, sek\u00e4 Kainuusta.<\/p>\n<p>Osa opettajista on S\u00e4kkisen mukaan my\u00f6s muuttanut Nurmekseen ty\u00f6n per\u00e4ss\u00e4.<\/p>\n<p><strong class=\"diks-storyline__impact\">S\u00e4kkinen<\/strong> kertoo, ett\u00e4 opettajien rekrytointiprosessissa on joka vuosi hankalaa l\u00f6yt\u00e4\u00e4 kelpoisia hakijoita. Valinnat tehd\u00e4\u00e4n hyviss\u00e4 ajoin, mutta niihin voi tulla muutoksia loppumetreill\u00e4, kun valitut eiv\u00e4t v\u00e4ltt\u00e4m\u00e4tt\u00e4 ota virkaa vastaan.<\/p>\n<p>\u2013\u2009Ty\u00f6n vastaanottaminen riippuu hakijoiden el\u00e4m\u00e4ntilanteesta, ihmisen el\u00e4m\u00e4 on kokonaisuus, S\u00e4kkinen miettii.<\/p>\n","protected":false},"excerpt":{"rendered":"T\u00e4m\u00e4 juttu on julkaistu ensimm\u00e4isen kerran Karjalaisessa 10.8.2025. T\u00e4st\u00e4 on kyse Moni opettaja Pohjois-Karjalassa pendel\u00f6i t\u00f6ihin, mutta harva&hellip;\n","protected":false},"author":2,"featured_media":47622,"comment_status":"","ping_status":"","sticky":false,"template":"","format":"standard","meta":{"footnotes":""},"categories":[12],"tags":[22,23,26,27,33,31,30,17,1687,1133,615,757,24,25,28,29,15,1360,18,11587,21,2321,32,19,20,16],"class_list":{"0":"post-47621","1":"post","2":"type-post","3":"status-publish","4":"format-standard","5":"has-post-thumbnail","7":"category-suomi","8":"tag-breaking-news","9":"tag-breakingnews","10":"tag-featured-news","11":"tag-featurednews","12":"tag-fi","13":"tag-finland","14":"tag-finnish","15":"tag-headlines","16":"tag-ilomantsi","17":"tag-joensuu","18":"tag-koulut","19":"tag-koulutus-ja-kasvatus","20":"tag-latest-news","21":"tag-latestnews","22":"tag-main-news","23":"tag-mainnews","24":"tag-news","25":"tag-nurmes","26":"tag-otsikot","27":"tag-outokumpu","28":"tag-paauutiset","29":"tag-peruskoulut-ja-lukiot","30":"tag-suomi","31":"tag-top-stories","32":"tag-topstories","33":"tag-uutiset"},"share_on_mastodon":{"url":"","error":""},"_links":{"self":[{"href":"https:\/\/www.europesays.com\/fi\/wp-json\/wp\/v2\/posts\/47621","targetHints":{"allow":["GET"]}}],"collection":[{"href":"https:\/\/www.europesays.com\/fi\/wp-json\/wp\/v2\/posts"}],"about":[{"href":"https:\/\/www.europesays.com\/fi\/wp-json\/wp\/v2\/types\/post"}],"author":[{"embeddable":true,"href":"https:\/\/www.europesays.com\/fi\/wp-json\/wp\/v2\/users\/2"}],"replies":[{"embeddable":true,"href":"https:\/\/www.europesays.com\/fi\/wp-json\/wp\/v2\/comments?post=47621"}],"version-history":[{"count":0,"href":"https:\/\/www.europesays.com\/fi\/wp-json\/wp\/v2\/posts\/47621\/revisions"}],"wp:featuredmedia":[{"embeddable":true,"href":"https:\/\/www.europesays.com\/fi\/wp-json\/wp\/v2\/media\/47622"}],"wp:attachment":[{"href":"https:\/\/www.europesays.com\/fi\/wp-json\/wp\/v2\/media?parent=47621"}],"wp:term":[{"taxonomy":"category","embeddable":true,"href":"https:\/\/www.europesays.com\/fi\/wp-json\/wp\/v2\/categories?post=47621"},{"taxonomy":"post_tag","embeddable":true,"href":"https:\/\/www.europesays.com\/fi\/wp-json\/wp\/v2\/tags?post=47621"}],"curies":[{"name":"wp","href":"https:\/\/api.w.org\/{rel}","templated":true}]}}